{"id":47987,"date":"2025-05-08T17:47:50","date_gmt":"2025-05-08T15:47:50","guid":{"rendered":"https:\/\/edublog.educastur.es\/ixuxu\/?p=47987"},"modified":"2025-05-08T17:48:05","modified_gmt":"2025-05-08T15:48:05","slug":"calendariu-escolar-2025-2026","status":"publish","type":"post","link":"https:\/\/edublog.educastur.es\/ixuxu\/2025\/05\/calendariu-escolar-2025-2026\/","title":{"rendered":"Calendariu Escolar 2025-2026"},"content":{"rendered":"<div class=\" portlet-content-container\">\n<div class=\"portlet-body\">\n<div class=\"asset-full-content clearfix mb-5 default-asset-publisher no-title \" data-fragments-editor-item-id=\"20501-19439772\" data-fragments-editor-item-type=\"fragments-editor-mapped-item\">\n<div class=\"asset-content mb-3\">\n<div class=\"journal-content-article \" data-analytics-asset-id=\"19439770\" data-analytics-asset-title=\"Calendario escolar 2025-2026\" data-analytics-asset-type=\"web-content\">\n<div class=\"articulo\">\n<div class=\"articulo-block\">\n<div class=\"articulo-block-content\">\n<p style=\"text-align: center\"><a href=\"https:\/\/pbs.twimg.com\/media\/GocJQDzXIAAOmGt?format=jpg&amp;name=large\"><img loading=\"lazy\" decoding=\"async\" class=\"aligncenter size-large\" src=\"https:\/\/pbs.twimg.com\/media\/GocJQDzXIAAOmGt?format=jpg&amp;name=large\" width=\"1755\" height=\"1241\" \/><\/a><\/p>\n<p style=\"text-align: left\">Resolvimientu de 8 de mayu 2025, de la Conseyer\u00eda d&#8217;Educaci\u00f3n, pola que s&#8217;aprueba&#8217;l calendariu escolar para&#8217;l cursu 2025-2026 y les instrucciones necesaries para la so aplicaci\u00f3n. <a href=\"https:\/\/www.educastur.es\/documents\/34868\/39577\/2025-05-calendario-escolar-25-26-res.pdf\/0297ee84-bb9c-33cb-ef4e-9af6fb205435?t=1746707239079\" target=\"_blank\" rel=\"noopener\">Resoluci\u00f3n<\/a> (pdf) <em>Pendiente de publicaci\u00f3n en BOPA.<\/em><\/p>\n<p>&nbsp;<\/p>\n<p>&nbsp;<\/p>\n<\/div>\n<\/div>\n<\/div>\n<\/div>\n<\/div>\n<\/div>\n<\/div>\n<\/div>\n","protected":false},"excerpt":{"rendered":"<p>Resolvimientu de 8 de mayu 2025, de la Conseyer\u00eda d&#8217;Educaci\u00f3n, pola que s&#8217;aprueba&#8217;l calendariu escolar para&#8217;l cursu 2025-2026 y les instrucciones necesaries para la so aplicaci\u00f3n. Resoluci\u00f3n (pdf) Pendiente de publicaci\u00f3n en BOPA. &nbsp; &nbsp;<\/p>\n","protected":false},"author":117,"featured_media":0,"comment_status":"open","ping_status":"open","sticky":false,"template":"","format":"standard","meta":{"footnotes":""},"categories":[73],"tags":[],"class_list":["post-47987","post","type-post","status-publish","format-standard","hentry","category-calendariu"],"_links":{"self":[{"href":"https:\/\/edublog.educastur.es\/ixuxu\/wp-json\/wp\/v2\/posts\/47987","targetHints":{"allow":["GET"]}}],"collection":[{"href":"https:\/\/edublog.educastur.es\/ixuxu\/wp-json\/wp\/v2\/posts"}],"about":[{"href":"https:\/\/edublog.educastur.es\/ixuxu\/wp-json\/wp\/v2\/types\/post"}],"author":[{"embeddable":true,"href":"https:\/\/edublog.educastur.es\/ixuxu\/wp-json\/wp\/v2\/users\/117"}],"replies":[{"embeddable":true,"href":"https:\/\/edublog.educastur.es\/ixuxu\/wp-json\/wp\/v2\/comments?post=47987"}],"version-history":[{"count":1,"href":"https:\/\/edublog.educastur.es\/ixuxu\/wp-json\/wp\/v2\/posts\/47987\/revisions"}],"predecessor-version":[{"id":47988,"href":"https:\/\/edublog.educastur.es\/ixuxu\/wp-json\/wp\/v2\/posts\/47987\/revisions\/47988"}],"wp:attachment":[{"href":"https:\/\/edublog.educastur.es\/ixuxu\/wp-json\/wp\/v2\/media?parent=47987"}],"wp:term":[{"taxonomy":"category","embeddable":true,"href":"https:\/\/edublog.educastur.es\/ixuxu\/wp-json\/wp\/v2\/categories?post=47987"},{"taxonomy":"post_tag","embeddable":true,"href":"https:\/\/edublog.educastur.es\/ixuxu\/wp-json\/wp\/v2\/tags?post=47987"}],"curies":[{"name":"wp","href":"https:\/\/api.w.org\/{rel}","templated":true}]}}