{"id":48004,"date":"2025-05-08T18:10:19","date_gmt":"2025-05-08T16:10:19","guid":{"rendered":"https:\/\/edublog.educastur.es\/ixuxu\/?p=48004"},"modified":"2025-05-10T22:23:52","modified_gmt":"2025-05-10T20:23:52","slug":"habemus-papa-en-latin-indica-que-ya-escoyeren-daquien","status":"publish","type":"post","link":"https:\/\/edublog.educastur.es\/ixuxu\/2025\/05\/habemus-papa-en-latin-indica-que-ya-escoyeren-daquien\/","title":{"rendered":"\u00abHabemus Papam\u00bb, en lat\u00edn, indica que ya escoyeren daqui\u00e9n: Le\u00f3n XIV"},"content":{"rendered":"<p style=\"text-align: center\">\n<!-- iframe plugin v.6.0 wordpress.org\/plugins\/iframe\/ -->\n<iframe loading=\"lazy\" width=\"664\" height=\"374\" src=\"https:\/\/www.youtube.com\/embed\/m6ziWUgTiZk\" title=\"\u00abHabemus Papam\u00bb: la fumata blanca anuncia que ya hay sucesor de Francisco\" frameborder=\"0\" allow=\"accelerometer; autoplay; clipboard-write; encrypted-media; gyroscope; picture-in-picture; web-share\" referrerpolicy=\"strict-origin-when-cross-origin\" 0=\"allowfullscreen\" 1=\"\/iframe\" scrolling=\"yes\" class=\"iframe-class\"><\/iframe>\n<\/p>\n<p style=\"text-align: center\"><a href=\"https:\/\/theobjective.com\/wp-content\/uploads\/2025\/05\/WhatsApp-Image-2025-05-08-at-18.08.33.jpeg\">Fumata blanca nel Vaticano<\/a> (<a href=\"https:\/\/twitter.com\/i\/status\/1920520545998684265\"><strong>videu<\/strong><\/a>) y campanes na catedral d&#8217;Uvi\u00e9u.<\/p>\n<p>A les 18.08 hores, miles de fieles esperaben soriellos na Plaza de San Pedro cuando se vio salir fumu blanco pela chimenea del Vaticanu y desamarr\u00f3se la euforia, con aplausos, v\u00edtores y ll\u00e1rimes, y munchos inmortalizren el momentu colos sos tel\u00e9fonos m\u00f3viles y otros han ondeado les banderes de los sos pa\u00edses. Empezaron a sonar les campanes como parte del anunciu del<em><strong> \u2018Habemus Papam\u2019.<\/strong><\/em><\/p>\n<p><!--more--><\/p>\n<p style=\"text-align: center\">\n<!-- iframe plugin v.6.0 wordpress.org\/plugins\/iframe\/ -->\n<iframe loading=\"lazy\" src=\"https:\/\/www.facebook.com\/plugins\/video.php?height=476&#038;href=https%3A%2F%2Fwww.facebook.com%2FJuanjoarrojofotografo%2Fvideos%2F648456144675414%2F&#038;show_text=false&#038;width=267&#038;t=0\" width=\"267\" height=\"476\" style=\"border:none;overflow:hidden\" scrolling=\"no\" frameborder=\"0\" allowfullscreen=\"true\" allow=\"autoplay; clipboard-write; encrypted-media; picture-in-picture; web-share\" 0=\"\/iframe\" class=\"iframe-class\"><\/iframe>\n<\/p>\n<p>El nuevu Papa, que&#8217;l so nome conocer en curtiu, pas\u00f3 de la Capiya Sixtina a la llamada Sala de les Ll\u00e1rimes, con oxetu de vistise para presentase al mundu nel balc\u00f3n de la bas\u00edlica de la Plaza de San Pedro.<\/p>\n<p style=\"text-align: center\"><a href=\"https:\/\/media.cnn.com\/api\/v1\/images\/stellar\/prod\/s-3b4cf32247df4935da82d9838a7141ab80eba954a3517b3cfd85b8cc35447411-1746625163581-gettyimages-2213865700.jpg?q=w_1160,c_fill\/f_webp\"><img loading=\"lazy\" decoding=\"async\" class=\"aligncenter size-large\" src=\"https:\/\/media.cnn.com\/api\/v1\/images\/stellar\/prod\/s-3b4cf32247df4935da82d9838a7141ab80eba954a3517b3cfd85b8cc35447411-1746625163581-gettyimages-2213865700.jpg?q=w_1160,c_fill\/f_webp\" width=\"1160\" height=\"752\" \/><\/a><\/p>\n<p>El nuevu Pont\u00edfiz llogr\u00f3 siquier dos tercios de los votos de los 133 cardenales electores (que son 89) y tres ese recuento, aceptar\u00eda l&#8217;encargu y decid\u00edu con qu\u00e9 nome quier ser llam\u00e1u. <strong>Ye&#8217;l Papa n\u00famberu 267.<\/strong> Ye norteamericanu.<\/p>\n<p style=\"text-align: center\"><a href=\"https:\/\/media.cnn.com\/api\/v1\/images\/stellar\/prod\/s-3b4cf32247df4935da82d9838a7141ab80eba954a3517b3cfd85b8cc35447411-1746642778611-2025-05-07t183201z-2026789625-rc23dea0ryzl-rtrmadp-3-pope-succession.jpg?q=w_1160,c_fill\/f_webp\"><img loading=\"lazy\" decoding=\"async\" class=\"aligncenter size-large\" src=\"https:\/\/media.cnn.com\/api\/v1\/images\/stellar\/prod\/s-3b4cf32247df4935da82d9838a7141ab80eba954a3517b3cfd85b8cc35447411-1746642778611-2025-05-07t183201z-2026789625-rc23dea0ryzl-rtrmadp-3-pope-succession.jpg?q=w_1160,c_fill\/f_webp\" width=\"1160\" height=\"773\" \/><\/a><\/p>\n<p style=\"text-align: center\"><a href=\"https:\/\/s1.ppllstatics.com\/rc\/www\/multimedia\/2025\/05\/06\/desafios_1200x840.jpg\"><img loading=\"lazy\" decoding=\"async\" class=\"aligncenter size-large\" src=\"https:\/\/s1.ppllstatics.com\/rc\/www\/multimedia\/2025\/05\/06\/desafios_1200x840.jpg\" width=\"1200\" height=\"840\" \/><\/a><\/p>\n<p style=\"text-align: center\">\n<!-- iframe plugin v.6.0 wordpress.org\/plugins\/iframe\/ -->\n<iframe loading=\"lazy\" width=\"100%\" height=\"387\" src=\"https:\/\/www.youtube.com\/embed\/9aqmq8iRFJA\" title=\"Le\u00f3n XIV, nuevo papa, habl\u00f3 en espa\u00f1ol en su primer discurso: \u201cEstamos todos en las manos de Dios\u201d\" frameborder=\"0\" allow=\"accelerometer; autoplay; clipboard-write; encrypted-media; gyroscope; picture-in-picture; web-share\" referrerpolicy=\"strict-origin-when-cross-origin\" 0=\"allowfullscreen\" 1=\"\/iframe\" scrolling=\"yes\" class=\"iframe-class\"><\/iframe>\n<\/p>\n<p>\u00bfQui\u00e9n ye&#8217;l nuevu Papa? Robert Prevost, el cardenal estadounidense y peruano convert\u00edu y\u00e1 en<strong> Le\u00f3n XIV. <\/strong>Un misioneru de Chicago de 69 a\u00f1os, dende esti xueves sucesor de Francisco. <a href=\"https:\/\/www.elmundo.es\/internacional\/2025\/05\/08\/681c3af2a75cca8941437bf8-directo.html\" target=\"_blank\" rel=\"noopener\">Robert Francis Prevost Mart\u00ednez<\/a> (Chicago, 1955) nun ye solo&#8217;l primer Papa estadounidense, ye tami\u00e9n el primera agustino y el segundu pont\u00edfiz llatinu, con sangre espa\u00f1ol pela v\u00eda materna (Mildred Mart\u00ednez).<a href=\"https:\/\/cnnespanol.cnn.com\/2025\/05\/08\/mundo\/fotos-vaticano-eleccion-papa-leon-xiv-trax\"><strong> Semeyes<\/strong><\/a>\/<\/p>\n<p style=\"text-align: center\"><span class=\"html-span xexx8yu x4uap5 x18d9i69 xkhd6sd x1hl2dhg x16tdsg8 x1vvkbs x3nfvp2 x1j61x8r x1fcty0u xdj266r xat24cr xgzva0m xhhsvwb xxymvpz xlup9mm x1kky2od\">\n<!-- iframe plugin v.6.0 wordpress.org\/plugins\/iframe\/ -->\n<iframe loading=\"lazy\" src=\"https:\/\/www.instagram.com\/reel\/DJZ6FE3vsrx\/embed\" width=\"640\" height=\"400\" 0=\"\/iframe\" scrolling=\"yes\" class=\"iframe-class\" frameborder=\"0\"><\/iframe>\n<\/span><\/p>\n<p style=\"text-align: center\"><span style=\"font-size: 20px\"><strong><em><span style=\"color: #008080\">\u00abAnima una et cor unum in Deum\u00bb<\/span><\/em><\/strong><\/span><br \/>\n<span style=\"font-size: 20px;color: #008080\">\u00abUn solu coraz\u00f3n y una sola alma en Dios\u00bb<\/span><\/p>\n<p style=\"text-align: center\"><a href=\"https:\/\/fotografias.larazon.es\/clipping\/cmsimages01\/2025\/05\/08\/6A50E3C7-76DE-44D8-B4C9-FB291AC12EB5\/leon-xiv-nuevo-papa-directo-quien-robert-francis-prevost-edad-ultima-hora_98.jpg?crop=3072,1728,x0,y161&amp;width=1900&amp;height=1069&amp;optimize=low&amp;format=webply\"><img loading=\"lazy\" decoding=\"async\" class=\"aligncenter size-large\" src=\"https:\/\/fotografias.larazon.es\/clipping\/cmsimages01\/2025\/05\/08\/6A50E3C7-76DE-44D8-B4C9-FB291AC12EB5\/leon-xiv-nuevo-papa-directo-quien-robert-francis-prevost-edad-ultima-hora_98.jpg?crop=3072,1728,x0,y161&amp;width=1900&amp;height=1069&amp;optimize=low&amp;format=webply\" width=\"1900\" height=\"1069\" \/><\/a><\/p>\n<p style=\"text-align: center\"><a href=\"https:\/\/static.euronews.com\/articles\/stories\/09\/27\/33\/06\/1536x864_cmsv2_d534d996-541d-5f53-9dc0-e99c8be0ef1a-9273306.jpg\"><img loading=\"lazy\" decoding=\"async\" class=\"aligncenter size-large\" src=\"https:\/\/static.euronews.com\/articles\/stories\/09\/27\/33\/06\/1536x864_cmsv2_d534d996-541d-5f53-9dc0-e99c8be0ef1a-9273306.jpg\" width=\"1536\" height=\"864\" \/><\/a><\/p>\n<p style=\"text-align: center\">\n<!-- iframe plugin v.6.0 wordpress.org\/plugins\/iframe\/ -->\n<iframe loading=\"lazy\" width=\"100%\" height=\"387\" src=\"https:\/\/www.youtube.com\/embed\/VBX4izNIU5I\" title=\"\u00daLTIMO MOMENTO: HABLA LE\u00d3N XIV, EL NUEVO PAPA\" frameborder=\"0\" allow=\"accelerometer; autoplay; clipboard-write; encrypted-media; gyroscope; picture-in-picture; web-share\" referrerpolicy=\"strict-origin-when-cross-origin\" 0=\"allowfullscreen\" 1=\"\/iframe\" scrolling=\"yes\" class=\"iframe-class\"><\/iframe>\n<\/p>\n<p style=\"text-align: center\"><a href=\"https:\/\/image.ondacero.es\/clipping\/cmsimages01\/2025\/05\/08\/BBBE6BFE-4EA7-4444-8A2A-3B327FE086F4\/reformista-conservador-cual-ideologia-pepito-nuevo-papa_96.jpg?crop=5000,2813,x0,y121&amp;width=1200&amp;height=675&amp;optimize=low&amp;format=webply\"><img loading=\"lazy\" decoding=\"async\" class=\"aligncenter size-large\" src=\"https:\/\/image.ondacero.es\/clipping\/cmsimages01\/2025\/05\/08\/BBBE6BFE-4EA7-4444-8A2A-3B327FE086F4\/reformista-conservador-cual-ideologia-pepito-nuevo-papa_96.jpg?crop=5000,2813,x0,y121&amp;width=1200&amp;height=675&amp;optimize=low&amp;format=webply\" width=\"1200\" height=\"675\" \/><\/a><\/p>\n<p style=\"text-align: center\"><a href=\"https:\/\/hips.hearstapps.com\/hmg-prod\/images\/leon-xiv-681cf39d77202.jpg?crop=1.00xw:1.00xh;0,0&amp;resize=1200:*\"><img loading=\"lazy\" decoding=\"async\" class=\"aligncenter size-large\" src=\"https:\/\/hips.hearstapps.com\/hmg-prod\/images\/leon-xiv-681cf39d77202.jpg?crop=1.00xw:1.00xh;0,0&amp;resize=1200:*\" width=\"1200\" height=\"1800\" \/><\/a><\/p>\n<p style=\"text-align: center\"><a href=\"https:\/\/media.cnn.com\/api\/v1\/images\/stellar\/prod\/s-3b4cf32247df4935da82d9838a7141ab80eba954a3517b3cfd85b8cc35447411-1746548246204-gettyimages-2212618375.jpg?q=w_1160,c_fill\/f_webp\"><img loading=\"lazy\" decoding=\"async\" class=\"aligncenter size-large\" src=\"https:\/\/media.cnn.com\/api\/v1\/images\/stellar\/prod\/s-3b4cf32247df4935da82d9838a7141ab80eba954a3517b3cfd85b8cc35447411-1746548246204-gettyimages-2212618375.jpg?q=w_1160,c_fill\/f_webp\" width=\"1160\" height=\"773\" \/><\/a><\/p>\n<p style=\"text-align: center\"><a href=\"https:\/\/media.cnn.com\/api\/v1\/images\/stellar\/prod\/s-3b4cf32247df4935da82d9838a7141ab80eba954a3517b3cfd85b8cc35447411-1746726343127-2025-05-08t173223z-2112199781-rc2tdeajdurc-rtrmadp-3-pope-succession.jpg?q=w_1160,c_fill\/f_webp\"><img loading=\"lazy\" decoding=\"async\" class=\"aligncenter size-large\" src=\"https:\/\/media.cnn.com\/api\/v1\/images\/stellar\/prod\/s-3b4cf32247df4935da82d9838a7141ab80eba954a3517b3cfd85b8cc35447411-1746726343127-2025-05-08t173223z-2112199781-rc2tdeajdurc-rtrmadp-3-pope-succession.jpg?q=w_1160,c_fill\/f_webp\" width=\"1160\" height=\"870\" \/><\/a><\/p>\n","protected":false},"excerpt":{"rendered":"<p>Fumata blanca nel Vaticano (videu) y campanes na catedral d&#8217;Uvi\u00e9u. A les 18.08 hores, miles de fieles esperaben soriellos na Plaza de San Pedro cuando se vio salir fumu blanco pela chimenea del Vaticanu y desamarr\u00f3se la euforia, con aplausos, v\u00edtores y ll\u00e1rimes, y munchos inmortalizren el momentu colos sos tel\u00e9fonos m\u00f3viles y otros han [&hellip;]<\/p>\n","protected":false},"author":117,"featured_media":0,"comment_status":"open","ping_status":"open","sticky":false,"template":"","format":"standard","meta":{"footnotes":""},"categories":[445],"tags":[],"class_list":["post-48004","post","type-post","status-publish","format-standard","hentry","category-relixon"],"_links":{"self":[{"href":"https:\/\/edublog.educastur.es\/ixuxu\/wp-json\/wp\/v2\/posts\/48004","targetHints":{"allow":["GET"]}}],"collection":[{"href":"https:\/\/edublog.educastur.es\/ixuxu\/wp-json\/wp\/v2\/posts"}],"about":[{"href":"https:\/\/edublog.educastur.es\/ixuxu\/wp-json\/wp\/v2\/types\/post"}],"author":[{"embeddable":true,"href":"https:\/\/edublog.educastur.es\/ixuxu\/wp-json\/wp\/v2\/users\/117"}],"replies":[{"embeddable":true,"href":"https:\/\/edublog.educastur.es\/ixuxu\/wp-json\/wp\/v2\/comments?post=48004"}],"version-history":[{"count":18,"href":"https:\/\/edublog.educastur.es\/ixuxu\/wp-json\/wp\/v2\/posts\/48004\/revisions"}],"predecessor-version":[{"id":48040,"href":"https:\/\/edublog.educastur.es\/ixuxu\/wp-json\/wp\/v2\/posts\/48004\/revisions\/48040"}],"wp:attachment":[{"href":"https:\/\/edublog.educastur.es\/ixuxu\/wp-json\/wp\/v2\/media?parent=48004"}],"wp:term":[{"taxonomy":"category","embeddable":true,"href":"https:\/\/edublog.educastur.es\/ixuxu\/wp-json\/wp\/v2\/categories?post=48004"},{"taxonomy":"post_tag","embeddable":true,"href":"https:\/\/edublog.educastur.es\/ixuxu\/wp-json\/wp\/v2\/tags?post=48004"}],"curies":[{"name":"wp","href":"https:\/\/api.w.org\/{rel}","templated":true}]}}