{"id":48038,"date":"2025-05-09T08:30:56","date_gmt":"2025-05-09T06:30:56","guid":{"rendered":"https:\/\/edublog.educastur.es\/ixuxu\/?p=48038"},"modified":"2025-05-08T22:34:00","modified_gmt":"2025-05-08T20:34:00","slug":"tiempu-nasturies-el-comercio-11","status":"publish","type":"post","link":"https:\/\/edublog.educastur.es\/ixuxu\/2025\/05\/tiempu-nasturies-el-comercio-11\/","title":{"rendered":"Tiempu n&#8217;Asturies (El Comercio)"},"content":{"rendered":"<p style=\"text-align: center\"><a href=\"https:\/\/s2.ppllstatics.com\/elcomercio\/www\/multimedia\/2025\/05\/08\/tiempo-asturias-viernes-9-mayo-kHdB-U2301404163085IHH-1200x840@El%20Comercio.jpg\"><img loading=\"lazy\" decoding=\"async\" class=\"aligncenter size-large\" src=\"https:\/\/s2.ppllstatics.com\/elcomercio\/www\/multimedia\/2025\/05\/08\/tiempo-asturias-viernes-9-mayo-kHdB-U2301404163085IHH-1200x840@El%20Comercio.jpg\" width=\"1200\" height=\"840\" \/><\/a><\/p>\n<p>&nbsp;<\/p>\n<ul>\n<li><strong>Esperamos una xornada<\/strong> na que los bastios van tener ciertu protagonismu mientres el d\u00eda. Van ser muncho m\u00e1s frecuentes nel cordal y gran parte de la met\u00e1 sur asturiana, pero nun se refuga que localmente puedan llegar a afectar a otros puntos de la rex\u00f3n. Estos bastios podr\u00eden venir acompa\u00f1aos de nube y, inclusive, de xarazo.<\/li>\n<li><strong>Los vientos<\/strong> van ser fluexos y variables de primeres, afit\u00e1ndose de nordeste a lo llargo del d\u00eda, sobremanera na mari\u00f1a onde van poder soplar con intensid\u00e1 moderada.<\/li>\n<li><strong> Les temperatures m\u00e1ximes<\/strong> van baxar (hasta 2 o 3 \u00baC) en tol interior asturianu y van caltenese ensin cambeos na mari\u00f1a.<\/li>\n<li><strong>La cota de nieve<\/strong> va asitiar nos cumes m\u00e1s altos del Princip\u00e1u (percima de los 2100 o 2200 metros).<\/li>\n<\/ul>\n<p><!--more--><\/p>\n<p><strong>El s\u00e1badu<\/strong> vamos tener una ma\u00f1ana sele onde se preven nubes y claros pero, a partir del mediud\u00eda, la nubosidad va aumentar para dar pasu a una tarde na que los bastios volver\u00e1n cobrar protagonismu nuevamente, pudiendo ser localmente fuertes nel cordal y significativos nel restu del interior. Les temperatures van xubir nel cordal y nel interior oriental.<\/p>\n","protected":false},"excerpt":{"rendered":"<p>&nbsp; Esperamos una xornada na que los bastios van tener ciertu protagonismu mientres el d\u00eda. Van ser muncho m\u00e1s frecuentes nel cordal y gran parte de la met\u00e1 sur asturiana, pero nun se refuga que localmente puedan llegar a afectar a otros puntos de la rex\u00f3n. Estos bastios podr\u00eden venir acompa\u00f1aos de nube y, inclusive, [&hellip;]<\/p>\n","protected":false},"author":117,"featured_media":0,"comment_status":"open","ping_status":"open","sticky":false,"template":"","format":"standard","meta":{"footnotes":""},"categories":[5],"tags":[],"class_list":["post-48038","post","type-post","status-publish","format-standard","hentry","category-tiempu"],"_links":{"self":[{"href":"https:\/\/edublog.educastur.es\/ixuxu\/wp-json\/wp\/v2\/posts\/48038","targetHints":{"allow":["GET"]}}],"collection":[{"href":"https:\/\/edublog.educastur.es\/ixuxu\/wp-json\/wp\/v2\/posts"}],"about":[{"href":"https:\/\/edublog.educastur.es\/ixuxu\/wp-json\/wp\/v2\/types\/post"}],"author":[{"embeddable":true,"href":"https:\/\/edublog.educastur.es\/ixuxu\/wp-json\/wp\/v2\/users\/117"}],"replies":[{"embeddable":true,"href":"https:\/\/edublog.educastur.es\/ixuxu\/wp-json\/wp\/v2\/comments?post=48038"}],"version-history":[{"count":1,"href":"https:\/\/edublog.educastur.es\/ixuxu\/wp-json\/wp\/v2\/posts\/48038\/revisions"}],"predecessor-version":[{"id":48039,"href":"https:\/\/edublog.educastur.es\/ixuxu\/wp-json\/wp\/v2\/posts\/48038\/revisions\/48039"}],"wp:attachment":[{"href":"https:\/\/edublog.educastur.es\/ixuxu\/wp-json\/wp\/v2\/media?parent=48038"}],"wp:term":[{"taxonomy":"category","embeddable":true,"href":"https:\/\/edublog.educastur.es\/ixuxu\/wp-json\/wp\/v2\/categories?post=48038"},{"taxonomy":"post_tag","embeddable":true,"href":"https:\/\/edublog.educastur.es\/ixuxu\/wp-json\/wp\/v2\/tags?post=48038"}],"curies":[{"name":"wp","href":"https:\/\/api.w.org\/{rel}","templated":true}]}}