{"id":48105,"date":"2025-05-10T08:20:25","date_gmt":"2025-05-10T06:20:25","guid":{"rendered":"https:\/\/edublog.educastur.es\/ixuxu\/?p=48105"},"modified":"2025-05-10T19:36:06","modified_gmt":"2025-05-10T17:36:06","slug":"tiempu-nasturies-el-comercio-12","status":"publish","type":"post","link":"https:\/\/edublog.educastur.es\/ixuxu\/2025\/05\/tiempu-nasturies-el-comercio-12\/","title":{"rendered":"Tiempu n&#8217;Asturies (El Comercio)"},"content":{"rendered":"<p style=\"text-align: center\"><a href=\"https:\/\/s1.ppllstatics.com\/elcomercio\/www\/multimedia\/2025\/05\/09\/tiempo-asturias-sabado-10-mayo-kUuH-U2301404163085IHH-1200x840@El%20Comercio.jpg\"><img loading=\"lazy\" decoding=\"async\" class=\"aligncenter size-large\" src=\"https:\/\/s1.ppllstatics.com\/elcomercio\/www\/multimedia\/2025\/05\/09\/tiempo-asturias-sabado-10-mayo-kUuH-U2301404163085IHH-1200x840@El%20Comercio.jpg\" width=\"1200\" height=\"840\" \/><\/a><\/p>\n<ul>\n<li>Por causa de la presencia nel norte peninsular de baxes presiones acomu\u00f1aes a una masa d&#8217;aire fr\u00edo n&#8217;altor, esperamos una fin de selmana inestable n&#8217;Asturies<strong>. <\/strong><\/li>\n<li><strong>El s\u00e1badu pela ma\u00f1ana<\/strong> prevense escamplaes nel cielu y una probabilid\u00e1 bien baxa de precipitaciones. Pero, <strong>a partir del mediud\u00eda<\/strong>, van aumentar les nubes que van acabar dexando bastios que podr\u00eden acabar siendo d&#8217;orixe tormentosu y, inclusive, acompa\u00f1aos de xarazo mientres la tarde.<\/li>\n<li>Ello ye que l&#8217;<strong>Axencia Estatal de Meteorolox\u00eda<\/strong> va activar a partir del mediud\u00eda l&#8217;avisu mariellu por fuertes precipitaciones tanto nel cordal como nel suroccidente. En dichu avisu especifica la posibilid\u00e1 de rexistrar hasta 15 llitros per metro cuadr\u00e1u nuna hora. Esti avisu va concluyir a les 20:00 hores de la tarde.<\/li>\n<li><strong>Los vientos<\/strong> van ser fluexos polo xeneral.<\/li>\n<li><strong>Les temperatures m\u00e1ximes<\/strong> van xubir nel oriente (sobremanera nel interior) y van caltenese escontra l&#8217;occidente. <strong>Les m\u00ednimes<\/strong>, sicas\u00ed, van baxar llixeramente en tola rex\u00f3n.<\/li>\n<\/ul>\n<p><!--more--><\/p>\n<p><strong>El domingu<\/strong> tami\u00e9n se preven precipitaciones y\u00e1 dende pela ma\u00f1ana. Les temperatures van caltenese o, s\u00eda que non, van baxar un poco al respective de les anotaes g\u00fcei. Los vientos van predominar de componente oeste con raches significatives especialmente pela ma\u00f1ana.<\/p>\n","protected":false},"excerpt":{"rendered":"<p>Por causa de la presencia nel norte peninsular de baxes presiones acomu\u00f1aes a una masa d&#8217;aire fr\u00edo n&#8217;altor, esperamos una fin de selmana inestable n&#8217;Asturies. El s\u00e1badu pela ma\u00f1ana prevense escamplaes nel cielu y una probabilid\u00e1 bien baxa de precipitaciones. Pero, a partir del mediud\u00eda, van aumentar les nubes que van acabar dexando bastios que [&hellip;]<\/p>\n","protected":false},"author":117,"featured_media":0,"comment_status":"open","ping_status":"open","sticky":false,"template":"","format":"standard","meta":{"footnotes":""},"categories":[5],"tags":[],"class_list":["post-48105","post","type-post","status-publish","format-standard","hentry","category-tiempu"],"_links":{"self":[{"href":"https:\/\/edublog.educastur.es\/ixuxu\/wp-json\/wp\/v2\/posts\/48105","targetHints":{"allow":["GET"]}}],"collection":[{"href":"https:\/\/edublog.educastur.es\/ixuxu\/wp-json\/wp\/v2\/posts"}],"about":[{"href":"https:\/\/edublog.educastur.es\/ixuxu\/wp-json\/wp\/v2\/types\/post"}],"author":[{"embeddable":true,"href":"https:\/\/edublog.educastur.es\/ixuxu\/wp-json\/wp\/v2\/users\/117"}],"replies":[{"embeddable":true,"href":"https:\/\/edublog.educastur.es\/ixuxu\/wp-json\/wp\/v2\/comments?post=48105"}],"version-history":[{"count":3,"href":"https:\/\/edublog.educastur.es\/ixuxu\/wp-json\/wp\/v2\/posts\/48105\/revisions"}],"predecessor-version":[{"id":48201,"href":"https:\/\/edublog.educastur.es\/ixuxu\/wp-json\/wp\/v2\/posts\/48105\/revisions\/48201"}],"wp:attachment":[{"href":"https:\/\/edublog.educastur.es\/ixuxu\/wp-json\/wp\/v2\/media?parent=48105"}],"wp:term":[{"taxonomy":"category","embeddable":true,"href":"https:\/\/edublog.educastur.es\/ixuxu\/wp-json\/wp\/v2\/categories?post=48105"},{"taxonomy":"post_tag","embeddable":true,"href":"https:\/\/edublog.educastur.es\/ixuxu\/wp-json\/wp\/v2\/tags?post=48105"}],"curies":[{"name":"wp","href":"https:\/\/api.w.org\/{rel}","templated":true}]}}