{"id":48116,"date":"2025-05-08T20:30:37","date_gmt":"2025-05-08T18:30:37","guid":{"rendered":"https:\/\/edublog.educastur.es\/ixuxu\/?p=48116"},"modified":"2025-05-11T18:06:59","modified_gmt":"2025-05-11T16:06:59","slug":"48116","status":"publish","type":"post","link":"https:\/\/edublog.educastur.es\/ixuxu\/2025\/05\/48116\/","title":{"rendered":"\u00abRumbu\u00bb, d&#8217;Alfredo Garay, Premiu Teodoro Cuesta de Poes\u00eda"},"content":{"rendered":"<p class=\"ft-title ft-helper-spacer-b-xs ft-helper-fontSize-heading-M\">Versos de cuando <strong>\u00abla mar yera el 90% de la vida\u00bb<\/strong>: el poeta pixueto Alfredo Garay recibe en Mieres el premiu \u00abTeodoro Cuesta\u00bb.\u00a0L&#8217;autor llevoise un de los galardones m\u00e1s prestixiosos del x\u00e9nero na rex\u00f3n. Fonte:<a href=\"https:\/\/www.lne.es\/cuencas\/2025\/05\/09\/versos-mar-90-vida-poeta-117181435.html?utm_term=Autofeed&amp;utm_medium=Social&amp;utm_source=Facebook&amp;fbclid=IwY2xjawKMQk1leHRuA2FlbQIxMQBicmlkETFveU0yeHlYd1ZZeW9FOURXAR42YytiozDQ3ysUES1zTf5Q_AM1pjOzmYfkpky6rHcFtqWE4u_pG9bNnA5VqA_aem_NSF_qUaocGrSFgcPRuy-Sg#Echobox=1746770697\"> LNE<\/a> \/<\/p>\n<p style=\"text-align: center\"><a href=\"https:\/\/estaticos-cdn.prensaiberica.es\/clip\/cfd98810-74e9-4815-98d4-26c1b28487d4_16-9-aspect-ratio_default_0_x888y1035.webp\"><img loading=\"lazy\" decoding=\"async\" class=\"aligncenter size-large\" src=\"https:\/\/estaticos-cdn.prensaiberica.es\/clip\/cfd98810-74e9-4815-98d4-26c1b28487d4_16-9-aspect-ratio_default_0_x888y1035.webp\" width=\"880\" height=\"495\" \/><\/a><\/p>\n<p><!--more--><\/p>\n<p>&nbsp;<\/p>\n<p style=\"text-align: center\">\n<!-- iframe plugin v.6.0 wordpress.org\/plugins\/iframe\/ -->\n<iframe loading=\"lazy\" src=\"https:\/\/www.facebook.com\/plugins\/video.php?height=315&#038;href=https%3A%2F%2Fwww.facebook.com%2Freel%2F1206160067841495%2F&#038;show_text=false&#038;width=560&#038;t=0\" width=\"560\" height=\"315\" style=\"border:none;overflow:hidden\" scrolling=\"no\" frameborder=\"0\" allowfullscreen=\"true\" allow=\"autoplay; clipboard-write; encrypted-media; picture-in-picture; web-share\" 0=\"\/iframe\" class=\"iframe-class\"><\/iframe>\n<\/p>\n<p>El poeta pixuetu Alfredo Garay recibi\u00f3 ayeri en Mieres el <strong>premiu de poes\u00eda \u00abTeodoro Cuesta\u00bb.<\/strong> L&#8217;autor llev\u00f3se unu de los galardones m\u00e1s prestixosos del x\u00e9neru na rex\u00f3n, que lleva m\u00e1s de tr\u00e9s d\u00e9cades reconociendo&#8217;l llabor de los escritores n&#8217;asturianu. \u00abLa comunicaci\u00f3n del premiu recibila con cierta sorpresa, y\u00e1 que el mio primer llibru ye de 2019, y soi casi un escritor novel\u00bb, apuntaba Garay, que dixo sentise \u00abencantando y emocion\u00e1u\u00bb cola reconocencia. L&#8217;actu celebrose na Casa de Cultura de Mieres, y forma parte del programa especial pola Selmana de les Lletres Asturianes.<\/p>\n<p style=\"text-align: center\">\n<!-- iframe plugin v.6.0 wordpress.org\/plugins\/iframe\/ -->\n<iframe loading=\"lazy\" src=\"https:\/\/www.facebook.com\/plugins\/post.php?href=https%3A%2F%2Fwww.facebook.com%2Fpermalink.php%3Fstory_fbid%3Dpfbid02vWSGKrtzFhkatLxytTw4wVA5RvT1pok8qhQV7iuZy9xqXA5pBAAR6Q9sB45HZY5yl%26id%3D100069887117212&#038;show_text=true&#038;width=500\" width=\"500\" height=\"684\" style=\"border:none;overflow:hidden\" scrolling=\"no\" frameborder=\"0\" allowfullscreen=\"true\" allow=\"autoplay; clipboard-write; encrypted-media; picture-in-picture; web-share\" 0=\"\/iframe\" class=\"iframe-class\"><\/iframe>\n<\/p>\n","protected":false},"excerpt":{"rendered":"<p>Versos de cuando \u00abla mar yera el 90% de la vida\u00bb: el poeta pixueto Alfredo Garay recibe en Mieres el premiu \u00abTeodoro Cuesta\u00bb.\u00a0L&#8217;autor llevoise un de los galardones m\u00e1s prestixiosos del x\u00e9nero na rex\u00f3n. Fonte: LNE \/<\/p>\n","protected":false},"author":117,"featured_media":0,"comment_status":"open","ping_status":"open","sticky":false,"template":"","format":"standard","meta":{"footnotes":""},"categories":[39,58],"tags":[],"class_list":["post-48116","post","type-post","status-publish","format-standard","hentry","category-poesia","category-premios"],"_links":{"self":[{"href":"https:\/\/edublog.educastur.es\/ixuxu\/wp-json\/wp\/v2\/posts\/48116","targetHints":{"allow":["GET"]}}],"collection":[{"href":"https:\/\/edublog.educastur.es\/ixuxu\/wp-json\/wp\/v2\/posts"}],"about":[{"href":"https:\/\/edublog.educastur.es\/ixuxu\/wp-json\/wp\/v2\/types\/post"}],"author":[{"embeddable":true,"href":"https:\/\/edublog.educastur.es\/ixuxu\/wp-json\/wp\/v2\/users\/117"}],"replies":[{"embeddable":true,"href":"https:\/\/edublog.educastur.es\/ixuxu\/wp-json\/wp\/v2\/comments?post=48116"}],"version-history":[{"count":7,"href":"https:\/\/edublog.educastur.es\/ixuxu\/wp-json\/wp\/v2\/posts\/48116\/revisions"}],"predecessor-version":[{"id":48407,"href":"https:\/\/edublog.educastur.es\/ixuxu\/wp-json\/wp\/v2\/posts\/48116\/revisions\/48407"}],"wp:attachment":[{"href":"https:\/\/edublog.educastur.es\/ixuxu\/wp-json\/wp\/v2\/media?parent=48116"}],"wp:term":[{"taxonomy":"category","embeddable":true,"href":"https:\/\/edublog.educastur.es\/ixuxu\/wp-json\/wp\/v2\/categories?post=48116"},{"taxonomy":"post_tag","embeddable":true,"href":"https:\/\/edublog.educastur.es\/ixuxu\/wp-json\/wp\/v2\/tags?post=48116"}],"curies":[{"name":"wp","href":"https:\/\/api.w.org\/{rel}","templated":true}]}}