{"id":48122,"date":"2025-05-10T13:30:58","date_gmt":"2025-05-10T11:30:58","guid":{"rendered":"https:\/\/edublog.educastur.es\/ixuxu\/?p=48122"},"modified":"2025-05-11T11:03:57","modified_gmt":"2025-05-11T09:03:57","slug":"manifestacion-pola-oficialida-y-reconocencia-de-la-llingua-nuvieu","status":"publish","type":"post","link":"https:\/\/edublog.educastur.es\/ixuxu\/2025\/05\/manifestacion-pola-oficialida-y-reconocencia-de-la-llingua-nuvieu\/","title":{"rendered":"Manifestaci\u00f3n pola oficialid\u00e1 y reconocencia de la llingua n&#8217;Uvi\u00e9u"},"content":{"rendered":"<p style=\"text-align: center\">\n<!-- iframe plugin v.6.0 wordpress.org\/plugins\/iframe\/ -->\n<iframe loading=\"lazy\" src=\"https:\/\/www.facebook.com\/plugins\/video.php?height=476&#038;href=https%3A%2F%2Fwww.facebook.com%2Freel%2F23898399506444593%2F&#038;show_text=false&#038;width=267&#038;t=0\" width=\"267\" height=\"476\" style=\"border:none;overflow:hidden\" scrolling=\"no\" frameborder=\"0\" allowfullscreen=\"true\" allow=\"autoplay; clipboard-write; encrypted-media; picture-in-picture; web-share\" 0=\"\/iframe\" class=\"iframe-class\"><\/iframe>\n<\/p>\n<ul>\n<li>Fonte: <a href=\"https:\/\/www.lne.es\/asturias\/2025\/05\/10\/asturianistas-salen-calle-oviedo-cargan-117237944.html?utm_medium=Social&amp;utm_campaign=Echobox&amp;utm_source=Facebook&amp;fbclid=IwY2xjawKMQ-hleHRuA2FlbQIxMABicmlkETFveU0yeHlYd1ZZeW9FOURXAR6SQXJjKkjbsa06jHHQ2zqKebPApJwB2dylAOwtjABARBvXYTeeq2NSyZeS2Q_aem_klD9iCqLtk9BAF4h9z3ijQ#Echobox=1746879144\">LNE<\/a> \/<\/li>\n<\/ul>\n<p><!--more--><\/p>\n<p>Los asturianistes salen a la cai n&#8217;Uvi\u00e9u y carguen contra&#8217;l Gobiernu: \u201cNun nos dexamos enga\u00f1ar polos que dicen defender la oficialid\u00e1, y son los que dempu\u00e9s non faen nada\u201d. Miles de persones participaron esti mediud\u00eda na marcha para esixir la reconocencia de la llingua. La presidenta de la Xunta pola Oficialid\u00e1 dedic\u00f3 palabres bien dures tantu a los part\u00edos de la derecha como de la esquierda.<\/p>\n<p style=\"text-align: center\">\n<!-- iframe plugin v.6.0 wordpress.org\/plugins\/iframe\/ -->\n<iframe loading=\"lazy\" src=\"https:\/\/www.facebook.com\/plugins\/video.php?height=476&#038;href=https%3A%2F%2Fwww.facebook.com%2Freel%2F1199526851545792%2F&#038;show_text=false&#038;width=267&#038;t=0\" width=\"267\" height=\"476\" style=\"border:none;overflow:hidden\" scrolling=\"no\" frameborder=\"0\" allowfullscreen=\"true\" allow=\"autoplay; clipboard-write; encrypted-media; picture-in-picture; web-share\" 0=\"\/iframe\" class=\"iframe-class\"><\/iframe>\n<\/p>\n<p>Dellos centenares de persones participaron esti s\u00e1badu n&#8217;Uvi\u00e9u na tradicional manifestaci\u00f3n pola oficialid\u00e1 del asturianu y del eonaviego nel marcu de la &#8216;Selmana deles Lletres Asturianes&#8217;, convocada pola <strong>Xunta pola Defensa de la Llingua Asturiana (XDLA),<\/strong> na que reclamaron iguald\u00e1 de derechos lling\u00fc\u00edsticos y la reconocencia oficial de les lling\u00fces propies.<\/p>\n<p style=\"text-align: center\">\n<!-- iframe plugin v.6.0 wordpress.org\/plugins\/iframe\/ -->\n<iframe loading=\"lazy\" src=\"https:\/\/www.facebook.com\/plugins\/video.php?height=314&#038;href=https%3A%2F%2Fwww.facebook.com%2FRTPAoficial%2Fvideos%2F1458721621762389%2F&#038;show_text=false&#038;width=560&#038;t=0\" width=\"560\" height=\"314\" style=\"border:none;overflow:hidden\" scrolling=\"no\" frameborder=\"0\" allowfullscreen=\"true\" allow=\"autoplay; clipboard-write; encrypted-media; picture-in-picture; web-share\" 0=\"\/iframe\" class=\"iframe-class\"><\/iframe>\n<\/p>\n<p>La marcha parti\u00f3 de la estaci\u00f3n de Renfe y percorri\u00f3 la cai Ur\u00eda hasta desaguar na plaza de La Escandalera, onde se lle\u00f3 un manifiestu apelando a la unid\u00e1 del movimientu reivindicativu \u00e9nte los tiempos complicaos\u00bb actuales. Tami\u00e9n apostaron por tar \u00abcentraos nos oxetivos de la oficialid\u00e1 y los derechos lling\u00fc\u00edsticos\u00bb.<\/p>\n<p style=\"text-align: center\"><a href=\"https:\/\/www.rtpa.es\/fotos\/\/25\/05\/20250510133148_RTPA6573060.webp\"><img loading=\"lazy\" decoding=\"async\" class=\"aligncenter size-large\" src=\"https:\/\/www.rtpa.es\/fotos\/\/25\/05\/20250510133148_RTPA6573060.webp\" width=\"853\" height=\"480\" \/><\/a><\/p>\n<p>Pa la XDLA la reforma del Estatutu d&#8217;Autonom\u00eda vuelve asitiar la oficialid\u00e1 nel alderique pol\u00edticu, lo que consider\u00f3 un llogru del movimientu social anque llament\u00f3 que los votos de la derecha asturiana puedan bloquiar de nuevu esta aspiraci\u00f3n hist\u00f3rica.<\/p>\n<p style=\"text-align: center\"><span class=\"html-span xexx8yu x4uap5 x18d9i69 xkhd6sd x1hl2dhg x16tdsg8 x1vvkbs x3nfvp2 x1j61x8r x1fcty0u xdj266r xat24cr xgzva0m xhhsvwb xxymvpz xlup9mm x1kky2od\">\n<!-- iframe plugin v.6.0 wordpress.org\/plugins\/iframe\/ -->\n<iframe loading=\"lazy\" src=\"https:\/\/www.instagram.com\/reel\/DJeVPEtJVCP\/embed\" width=\"400\" height=\"550\" 0=\"\/iframe\" scrolling=\"yes\" class=\"iframe-class\" frameborder=\"0\"><\/iframe>\n<\/span><\/p>\n<p>La ense\u00f1anza foi mentada como otru de los puntos cr\u00edticos: \u00abVivimos instalaos nos a\u00f1os 80 costantemente\u00bb.<\/p>\n<p>\u00abCada minutu que pasa ensin oficialid\u00e1 ye una verg\u00fcenza para los valores democr\u00e1ticos n&#8217;Asturies y para la supervivencia del patrimoniu lling\u00fc\u00edsticu\u00bb, remat\u00f3&#8217;l manifiestu de la XDLA, que record\u00f3 al escritor y periodista Dami\u00e1n Barreiro como exemplu d&#8217;entrega a la causa por una comunid\u00e1 con derechos lling\u00fc\u00edsticos plenos.<\/p>\n<p style=\"text-align: center\">\n<!-- iframe plugin v.6.0 wordpress.org\/plugins\/iframe\/ -->\n<iframe loading=\"lazy\" src=\"https:\/\/www.facebook.com\/plugins\/post.php?href=https%3A%2F%2Fwww.facebook.com%2Fphoto.php%3Ffbid%3D10162719001528684%26set%3Da.42773153683%26type%3D3&#038;show_text=false&#038;width=500\" width=\"500\" height=\"626\" style=\"border:none;overflow:hidden\" scrolling=\"no\" frameborder=\"0\" allowfullscreen=\"true\" allow=\"autoplay; clipboard-write; encrypted-media; picture-in-picture; web-share\" 0=\"\/iframe\" class=\"iframe-class\"><\/iframe>\n<\/p>\n<p style=\"text-align: center\">\n<!-- iframe plugin v.6.0 wordpress.org\/plugins\/iframe\/ -->\n<iframe loading=\"lazy\" src=\"https:\/\/www.facebook.com\/plugins\/post.php?href=https%3A%2F%2Fwww.facebook.com%2Fphoto.php%3Ffbid%3D1282342640564493%26set%3Da.495913102540788%26type%3D3&#038;show_text=false&#038;width=500\" width=\"500\" height=\"664\" style=\"border:none;overflow:hidden\" scrolling=\"no\" frameborder=\"0\" allowfullscreen=\"true\" allow=\"autoplay; clipboard-write; encrypted-media; picture-in-picture; web-share\" 0=\"\/iframe\" class=\"iframe-class\"><\/iframe>\n<\/p>\n<p style=\"text-align: center\">\n<!-- iframe plugin v.6.0 wordpress.org\/plugins\/iframe\/ -->\n<iframe loading=\"lazy\" src=\"https:\/\/www.facebook.com\/plugins\/video.php?height=476&#038;href=https%3A%2F%2Fwww.facebook.com%2Fblanca.fernandezpalacios%2Fvideos%2F1081519670598656%2F%3Fidorvanity%3D227575853931585&#038;show_text=false&#038;width=267&#038;t=0\" width=\"267\" height=\"476\" style=\"border:none;overflow:hidden\" scrolling=\"no\" frameborder=\"0\" allowfullscreen=\"true\" allow=\"autoplay; clipboard-write; encrypted-media; picture-in-picture; web-share\" 0=\"\/iframe\" class=\"iframe-class\"><\/iframe>\n<\/p>\n<p style=\"text-align: center\">\n<!-- iframe plugin v.6.0 wordpress.org\/plugins\/iframe\/ -->\n<iframe loading=\"lazy\" src=\"https:\/\/www.facebook.com\/plugins\/video.php?height=476&#038;href=https%3A%2F%2Fwww.facebook.com%2Freel%2F1420320762317687%2F&#038;show_text=false&#038;width=267&#038;t=0\" width=\"267\" height=\"476\" style=\"border:none;overflow:hidden\" scrolling=\"no\" frameborder=\"0\" allowfullscreen=\"true\" allow=\"autoplay; clipboard-write; encrypted-media; picture-in-picture; web-share\" 0=\"\/iframe\" class=\"iframe-class\"><\/iframe>\n<\/p>\n<p style=\"text-align: center\">\n<!-- iframe plugin v.6.0 wordpress.org\/plugins\/iframe\/ -->\n<iframe loading=\"lazy\" src=\"https:\/\/www.facebook.com\/plugins\/post.php?href=https%3A%2F%2Fwww.facebook.com%2Fphoto.php%3Ffbid%3D1013800644188249%26set%3Da.261329542768700%26type%3D3&#038;show_text=false&#038;width=500\" width=\"500\" height=\"250\" style=\"border:none;overflow:hidden\" scrolling=\"no\" frameborder=\"0\" allowfullscreen=\"true\" allow=\"autoplay; clipboard-write; encrypted-media; picture-in-picture; web-share\" 0=\"\/iframe\" class=\"iframe-class\"><\/iframe>\n<\/p>\n","protected":false},"excerpt":{"rendered":"<p>Fonte: LNE \/<\/p>\n","protected":false},"author":117,"featured_media":0,"comment_status":"open","ping_status":"open","sticky":false,"template":"","format":"standard","meta":{"footnotes":""},"categories":[236,51,1],"tags":[],"class_list":["post-48122","post","type-post","status-publish","format-standard","hentry","category-manifestaciones","category-oficialida","category-sin-categoria"],"_links":{"self":[{"href":"https:\/\/edublog.educastur.es\/ixuxu\/wp-json\/wp\/v2\/posts\/48122","targetHints":{"allow":["GET"]}}],"collection":[{"href":"https:\/\/edublog.educastur.es\/ixuxu\/wp-json\/wp\/v2\/posts"}],"about":[{"href":"https:\/\/edublog.educastur.es\/ixuxu\/wp-json\/wp\/v2\/types\/post"}],"author":[{"embeddable":true,"href":"https:\/\/edublog.educastur.es\/ixuxu\/wp-json\/wp\/v2\/users\/117"}],"replies":[{"embeddable":true,"href":"https:\/\/edublog.educastur.es\/ixuxu\/wp-json\/wp\/v2\/comments?post=48122"}],"version-history":[{"count":12,"href":"https:\/\/edublog.educastur.es\/ixuxu\/wp-json\/wp\/v2\/posts\/48122\/revisions"}],"predecessor-version":[{"id":48308,"href":"https:\/\/edublog.educastur.es\/ixuxu\/wp-json\/wp\/v2\/posts\/48122\/revisions\/48308"}],"wp:attachment":[{"href":"https:\/\/edublog.educastur.es\/ixuxu\/wp-json\/wp\/v2\/media?parent=48122"}],"wp:term":[{"taxonomy":"category","embeddable":true,"href":"https:\/\/edublog.educastur.es\/ixuxu\/wp-json\/wp\/v2\/categories?post=48122"},{"taxonomy":"post_tag","embeddable":true,"href":"https:\/\/edublog.educastur.es\/ixuxu\/wp-json\/wp\/v2\/tags?post=48122"}],"curies":[{"name":"wp","href":"https:\/\/api.w.org\/{rel}","templated":true}]}}