{"id":48126,"date":"2025-05-09T21:00:33","date_gmt":"2025-05-09T19:00:33","guid":{"rendered":"https:\/\/edublog.educastur.es\/ixuxu\/?p=48126"},"modified":"2025-05-10T20:24:02","modified_gmt":"2025-05-10T18:24:02","slug":"46-dia-de-les-lletres-asturianes-dendel-teatru-campoamor-duvieu","status":"publish","type":"post","link":"https:\/\/edublog.educastur.es\/ixuxu\/2025\/05\/46-dia-de-les-lletres-asturianes-dendel-teatru-campoamor-duvieu\/","title":{"rendered":"Asturies conmemora&#8217;l &#8217;46 D\u00eda de les Lletres&#8217; con un actu cultural nel Teatru Campoamor"},"content":{"rendered":"<p style=\"text-align: center\"><a href=\"https:\/\/img.lavdg.com\/sc\/4YSGJZAEM2OGFvq2I_rGCQsXh_M=\/768x\/2025\/05\/09\/00121746819002018580201\/Foto\/efe_20250509_182912570.jpg\"><img loading=\"lazy\" decoding=\"async\" class=\"aligncenter size-large\" src=\"https:\/\/img.lavdg.com\/sc\/4YSGJZAEM2OGFvq2I_rGCQsXh_M=\/768x\/2025\/05\/09\/00121746819002018580201\/Foto\/efe_20250509_182912570.jpg\" width=\"768\" height=\"432\" \/><\/a><\/p>\n<div class=\"_aasi\">\n<div class=\"x9f619 xjbqb8w x78zum5 x168nmei x13lgxp2 x5pf9jr xo71vjh x1n2onr6 x1plvlek xryxfnj x1c4vz4f x2lah0s x1q0g3np xqjyukv x6s0dn4 x1oa3qoh x1qughib\">\n<header class=\"_aaqw\">\n<div class=\"_aaqy _aaqz\">\n<div class=\"_aar0 _aar1\">\n<div class=\"x78zum5\">\n<div class=\"_aaqt _aaqu\">\n<div class=\"x9f619 xjbqb8w x78zum5 x168nmei x13lgxp2 x5pf9jr xo71vjh x1uhb9sk x1plvlek xryxfnj x1c4vz4f x2lah0s x1q0g3np xqjyukv x1cy8zhl x1oa3qoh x1nhvcw1\">\n<ul>\n<li class=\"x9f619 xjbqb8w x78zum5 x168nmei x13lgxp2 x5pf9jr xo71vjh x1uhb9sk x1plvlek xryxfnj x1c4vz4f x2lah0s x1q0g3np xqjyukv x1cy8zhl x1oa3qoh x1nhvcw1\"><a class=\"x1i10hfl xjbqb8w x1ejq31n xd10rxx x1sy0etr x17r0tee x972fbf xcfux6l x1qhh985 xm0m39n x9f619 x1ypdohk xt0psk2 xe8uvvx xdj266r x11i5rnm xat24cr x1mh8g0r xexx8yu x4uap5 x18d9i69 xkhd6sd x16tdsg8 x1hl2dhg xggy1nq x1a2a7pz _acan _acao _acat _acaw _aj1- _ap30 _a6hd\" role=\"link\" href=\"https:\/\/www.instagram.com\/culturaast\/\">culturaast <\/a><span class=\"x193iq5w xeuugli x1fj9vlw x13faqbe x1vvkbs xt0psk2 x1i0vuye xvs91rp xo1l8bm x5n08af x10wh9bi x1wdrske x8viiok x18hxmgj\">y <\/span><a class=\"x1i10hfl xjbqb8w x1ejq31n xd10rxx x1sy0etr x17r0tee x972fbf xcfux6l x1qhh985 xm0m39n x9f619 x1ypdohk xt0psk2 xe8uvvx xdj266r x11i5rnm xat24cr x1mh8g0r xexx8yu x4uap5 x18d9i69 xkhd6sd x16tdsg8 x1hl2dhg xggy1nq x1a2a7pz _acan _acao _acat _acaw _aj1- _ap30 _a6hd\" role=\"link\" href=\"https:\/\/www.instagram.com\/avanessagutierrez\/\">avanessagutierrez<\/a>\/ <a href=\"https:\/\/www.rtpa.es\/noticias-sociedad\/2025-05-09\/El-Dia-de-les-Lletres-Asturianes-vuelve-conmemorase-con-descuentos-nes-llibreries_111746778892.html\">RTPA<\/a> \/ <a href=\"https:\/\/www.lne.es\/asturias\/n-asturianu\/2025\/05\/03\/teatru-campoamor-acueyel-46-dia-116951198.html\">LNE<\/a> \/ <a href=\"https:\/\/www.lavozdeasturias.es\/noticia\/asturias\/2025\/05\/09\/academia-llingua-reivindica-politica-linguistica-proactiva-urgente\/00031746818937558444837.htm?utm_source=facebook.com&amp;fbclid=IwY2xjawKMdx1leHRuA2FlbQIxMQBicmlkETFlTnVIaWZKbzdRR28xRnFVAR6OJd30EaJXSB-v8eNWdt7QPbd8MhQb609j0M4EmAIxe1eeqn2RUoDbPorunA_aem_TjnHAINR4cf3OXFhk3k43g\">La Voz<\/a> \/<\/li>\n<\/ul>\n<\/div>\n<\/div>\n<\/div>\n<\/div>\n<\/div>\n<\/header>\n<\/div>\n<\/div>\n<div class=\"x78zum5 xdt5ytf x1q2y9iw x1n2onr6 xh8yej3 x9f619 x1iyjqo2 x18l3tf1 x26u7qi xy80clv xexx8yu x4uap5 x18d9i69 xkhd6sd\">\n<div class=\"x78zum5 xdt5ytf x1iyjqo2 xs83m0k x2lwn1j x1odjw0f x1n2onr6 x9ek82g x6ikm8r xdj266r x11i5rnm x4ii5y1 x1mh8g0r xexx8yu x1pi30zi x18d9i69 x1swvt13\">\n<div class=\"x1qjc9v5 x972fbf xcfux6l x1qhh985 xm0m39n x9f619 x78zum5 xdt5ytf x2lah0s xk390pu xdj266r x11i5rnm xat24cr x1mh8g0r xexx8yu x4uap5 x18d9i69 xkhd6sd x1n2onr6 xggy1nq x11njtxf\" role=\"button\">\n<div class=\"_a9zm\">\n<div class=\"_a9zn _a9zo\">\n<div class=\"_a9zr\">\n<div class=\"xt0psk2\">\n<p class=\"_ap3a _aaco _aacu _aacx _aad7 _aade\" dir=\"auto\">\ud83c\udfdb\ufe0f La conseyera de Cultura, Pol\u00edtica Lling\u00fc\u00edstica y Deporte, Vanessa Guti\u00e9rrez, \ud83d\udcda acompa\u00f1\u00f3 esta tarde a la vicepresidenta del Princip\u00e1u d\u2019Asturies, Gimena Llamedo, na 46 edici\u00f3n del D\u00eda de les Lletres Asturianes \ud83d\udc99\ud83d\udc9b, xunto con una representaci\u00f3n del Gobiernu d\u2019Asturies, pa celebrar y reivindicar la riqueza de les nuestres lling\u00fces y cultura propia \ud83c\udf04\ud83c\udf89<\/p>\n<p dir=\"auto\"><!--more--><\/p>\n<\/div>\n<p style=\"text-align: center\"><a href=\"https:\/\/www.rtpa.es\/fotos\/\/25\/05\/20250509210426_RTPA6571954.webp\"><img loading=\"lazy\" decoding=\"async\" class=\"aligncenter size-large\" src=\"https:\/\/www.rtpa.es\/fotos\/\/25\/05\/20250509210426_RTPA6571954.webp\" width=\"853\" height=\"480\" \/><\/a><\/p>\n<p>El Teatru Campoamor acueye un actu de llibre accesu que va tar protagoniz\u00e1u pola m\u00fasica y la cultura asturiana y que pon el broche a una selmana d&#8217;actividaes que dan valor a la llingua. Nel Teatru Campoamor celebr\u00f3se&#8217;l 46 d\u00eda de les Lletres Asturianes, que complet\u00f3 la Selmana de les Lletres na que s\u2019homenax\u00f3 al escritor Xos\u00e9 \u00c1lvarez, &#8216;Pin&#8217;.<\/p>\n<p style=\"text-align: center\"><span class=\"html-span xexx8yu x4uap5 x18d9i69 xkhd6sd x1hl2dhg x16tdsg8 x1vvkbs x3nfvp2 x1j61x8r x1fcty0u xdj266r xat24cr xgzva0m xhhsvwb xxymvpz xlup9mm x1kky2od\">\n<!-- iframe plugin v.6.0 wordpress.org\/plugins\/iframe\/ -->\n<iframe loading=\"lazy\" src=\"https:\/\/www.instagram.com\/reel\/DJct3GWs-u8\/embed\" width=\"400\" height=\"550\" 0=\"\/iframe\" scrolling=\"yes\" class=\"iframe-class\" frameborder=\"0\"><\/iframe>\n<\/span><\/p>\n<p>El presidente de l\u2019Academia de la Llingua Astiriana dixo nel so discursu que tamos nun momentu hist\u00f3ricu porque\u2019l D\u00eda de les Lletres coincide cola tramitaci\u00f3n na Xunta Xeneral de la reforma del Estatutu d\u2019Autonom\u00eda p\u2019acoyer la oficialid\u00e1 del asturianu y del eonaviegu. Nel actu, tami\u00e9n se dio acoyida, a los nuevos miembros de l\u2019Academia.<\/p>\n<p>Na ceremonia va dase acoyida a los nuevos acad\u00e9micos de l&#8217;Academia de la Llingua Asturiana (ALLA): dos numberarios, los investigadores y profesores\u00a0<strong>Ruth Gonz\u00e1lez Rodr\u00edguez<\/strong>\u00a0y\u00a0<strong>Alberto Fern\u00e1ndez Costales<\/strong>, y una correspondiente, la profesora y escritora\u00a0<strong>Paquita Suarez Coalla<\/strong>. Los tres aceutar\u00e1n los sos nomamientos na xunta d&#8217;acad\u00e9micos estraordinaria y p\u00fablica que tradicionalmente s&#8217;alluga dientro del actu.<\/p>\n<p class=\"ft-text\">Depu\u00e9s de les intervenciones de los acad\u00e9micos y del presidente de l&#8217;ALLA, va actuar la banda de gaites de Navia La Reina del Tru\u00e9bano.<\/p>\n<p style=\"text-align: center\"><a href=\"https:\/\/img.lavdg.com\/sc\/YLGRHL8I1oMPv_nlmq8c-aJnDWE=\/768x\/2025\/05\/09\/00121746818941723419110\/Foto\/efe_20250509_183208094.jpg\"><img loading=\"lazy\" decoding=\"async\" class=\"aligncenter size-large\" src=\"https:\/\/img.lavdg.com\/sc\/YLGRHL8I1oMPv_nlmq8c-aJnDWE=\/768x\/2025\/05\/09\/00121746818941723419110\/Foto\/efe_20250509_183208094.jpg\" width=\"768\" height=\"432\" \/><\/a><\/p>\n<p>L&#8217;Academia de la Llingua reivindica una pol\u00edtica lling\u00fc\u00edstica \u00abproactiva y urxente\u00bb<\/p>\n<p><em>\u00abNun puede ser que la llingua que cuerre m\u00e1s peligru de desapaici\u00f3n s\u00eda la que menos mid\u00edes de protecci\u00f3n y dignificaci\u00f3n pon en marcha\u00bb, dixo sobro l&#8217;asturianu y l&#8217;eonaviego, que cunten col respaldu llegal que representen, ente otros, la normativa europea\u00bb.<\/em> Tami\u00e9n apunt\u00f3 que los estudios sociol\u00f3xicos treslladen xuna \u00abdemanda repitida\u00bb d&#8217;esta pol\u00edtica, ente otros, nel planu social, educativu y de los medios de comunicaci\u00f3n<\/p>\n<div class=\"_mo_recs_tpi\" data-recs=\"3\">\n<div class=\"ft-mol-relatedSlider\">\n<h4 class=\"ft-mol-relatedSlider__header\"><a href=\"https:\/\/es.wikipedia.org\/wiki\/La_Reina_del_Tru\u00e9bano\">La Reina&#8217;l Tru\u00e9bano<\/a><span class=\"html-span xdj266r xat24cr xexx8yu x4uap5 x18d9i69 xkhd6sd x1hl2dhg x16tdsg8 x1vvkbs x1rg5ohu xsgj6o6 xw3qccf\"><span class=\"x193iq5w xeuugli x1fj9vlw x13faqbe x1vvkbs xt0psk2 x1i0vuye xvs91rp xo1l8bm x5n08af x10wh9bi x1wdrske x8viiok x18hxmgj\">\u2022 <a href=\"https:\/\/www.facebook.com\/lareinadeltruebano.bandadegaitas\">Facebook<\/a> \/\u00a0<\/span><\/span><\/h4>\n<p style=\"text-align: center\">\n<!-- iframe plugin v.6.0 wordpress.org\/plugins\/iframe\/ -->\n<iframe loading=\"lazy\" src=\"https:\/\/www.facebook.com\/plugins\/post.php?href=https%3A%2F%2Fwww.facebook.com%2FAcademiadelaLlinguaAsturiana%2Fposts%2Fpfbid02umBvjc2EctSkE2vPhnwjwBeBTxni8qHv9v79cXCJhQevzGjnpesgVYuXPpCtn1LSl&#038;show_text=false&#038;width=500\" width=\"500\" height=\"275\" style=\"border:none;overflow:hidden\" scrolling=\"no\" frameborder=\"0\" allowfullscreen=\"true\" allow=\"autoplay; clipboard-write; encrypted-media; picture-in-picture; web-share\" 0=\"\/iframe\" class=\"iframe-class\"><\/iframe>\n<\/p>\n<p>&nbsp;<\/p>\n<\/div>\n<\/div>\n<p dir=\"auto\" style=\"text-align: center\"><a href=\"https:\/\/estaticos-cdn.prensaiberica.es\/clip\/db50d2b5-13c5-4964-b071-aec9e160f7e1_source-aspect-ratio_default_0_x516y223.webp\"><img loading=\"lazy\" decoding=\"async\" class=\"aligncenter size-large\" src=\"https:\/\/estaticos-cdn.prensaiberica.es\/clip\/db50d2b5-13c5-4964-b071-aec9e160f7e1_source-aspect-ratio_default_0_x516y223.webp\" width=\"1080\" height=\"1527\" \/><\/a><\/p>\n<\/div>\n<\/div>\n<\/div>\n<\/div>\n<\/div>\n<\/div>\n<p>&nbsp;<\/p>\n","protected":false},"excerpt":{"rendered":"<p>culturaast y avanessagutierrez\/ RTPA \/ LNE \/ La Voz \/ \ud83c\udfdb\ufe0f La conseyera de Cultura, Pol\u00edtica Lling\u00fc\u00edstica y Deporte, Vanessa Guti\u00e9rrez, \ud83d\udcda acompa\u00f1\u00f3 esta tarde a la vicepresidenta del Princip\u00e1u d\u2019Asturies, Gimena Llamedo, na 46 edici\u00f3n del D\u00eda de les Lletres Asturianes \ud83d\udc99\ud83d\udc9b, xunto con una representaci\u00f3n del Gobiernu d\u2019Asturies, pa celebrar y reivindicar la [&hellip;]<\/p>\n","protected":false},"author":117,"featured_media":0,"comment_status":"open","ping_status":"open","sticky":false,"template":"","format":"standard","meta":{"footnotes":""},"categories":[6],"tags":[],"class_list":["post-48126","post","type-post","status-publish","format-standard","hentry","category-dia-de"],"_links":{"self":[{"href":"https:\/\/edublog.educastur.es\/ixuxu\/wp-json\/wp\/v2\/posts\/48126","targetHints":{"allow":["GET"]}}],"collection":[{"href":"https:\/\/edublog.educastur.es\/ixuxu\/wp-json\/wp\/v2\/posts"}],"about":[{"href":"https:\/\/edublog.educastur.es\/ixuxu\/wp-json\/wp\/v2\/types\/post"}],"author":[{"embeddable":true,"href":"https:\/\/edublog.educastur.es\/ixuxu\/wp-json\/wp\/v2\/users\/117"}],"replies":[{"embeddable":true,"href":"https:\/\/edublog.educastur.es\/ixuxu\/wp-json\/wp\/v2\/comments?post=48126"}],"version-history":[{"count":6,"href":"https:\/\/edublog.educastur.es\/ixuxu\/wp-json\/wp\/v2\/posts\/48126\/revisions"}],"predecessor-version":[{"id":48232,"href":"https:\/\/edublog.educastur.es\/ixuxu\/wp-json\/wp\/v2\/posts\/48126\/revisions\/48232"}],"wp:attachment":[{"href":"https:\/\/edublog.educastur.es\/ixuxu\/wp-json\/wp\/v2\/media?parent=48126"}],"wp:term":[{"taxonomy":"category","embeddable":true,"href":"https:\/\/edublog.educastur.es\/ixuxu\/wp-json\/wp\/v2\/categories?post=48126"},{"taxonomy":"post_tag","embeddable":true,"href":"https:\/\/edublog.educastur.es\/ixuxu\/wp-json\/wp\/v2\/tags?post=48126"}],"curies":[{"name":"wp","href":"https:\/\/api.w.org\/{rel}","templated":true}]}}