{"id":48138,"date":"2025-05-10T13:40:46","date_gmt":"2025-05-10T11:40:46","guid":{"rendered":"https:\/\/edublog.educastur.es\/ixuxu\/?p=48138"},"modified":"2025-05-10T20:29:18","modified_gmt":"2025-05-10T18:29:18","slug":"6-riales-actuen-nacabando-la-manifestacion-pola-oficialida-desti-sabadu","status":"publish","type":"post","link":"https:\/\/edublog.educastur.es\/ixuxu\/2025\/05\/6-riales-actuen-nacabando-la-manifestacion-pola-oficialida-desti-sabadu\/","title":{"rendered":"6 Riales act\u00faen n\u2019acabando la manifestaci\u00f3n pola oficialid\u00e1 d\u2019esti s\u00e1badu"},"content":{"rendered":"<div class=\"elementor-element elementor-element-667e3c7 elementor-widget__width-inherit elementor-widget elementor-widget-theme-post-title elementor-page-title elementor-widget-heading\" data-id=\"667e3c7\" data-element_type=\"widget\" data-widget_type=\"theme-post-title.default\">\n<div class=\"elementor-widget-container\">\n<ul>\n<li class=\"elementor-heading-title elementor-size-default\">Fonte: <a href=\"https:\/\/musicasturiana.com\/6-riales-actuen-nacabando-la-manifestacion-pola-oficialida-desti-sabadu\/?fbclid=IwY2xjawKMRKZleHRuA2FlbQIxMQBicmlkETFveU0yeHlYd1ZZeW9FOURXAR4fvGXJ54TUQXMBKVgUQI_M0WBXEXbiKpdpSWzOtB_dS1FvKdvScJXNZcrYmQ_aem_XNv423aAewnYCVI0g144mw\">Musicasturiana.com<\/a> \/<\/li>\n<\/ul>\n<p style=\"text-align: center\"><a href=\"https:\/\/musicasturiana.com\/wp-content\/uploads\/2025\/03\/6-riales-2025-1.jpg\"><img loading=\"lazy\" decoding=\"async\" class=\"aligncenter size-large\" src=\"https:\/\/musicasturiana.com\/wp-content\/uploads\/2025\/03\/6-riales-2025-1.jpg\" width=\"1200\" height=\"600\" \/><\/a><\/p>\n<\/div>\n<\/div>\n<div class=\"elementor-element elementor-element-00f4678 elementor-widget__width-inherit elementor-widget elementor-widget-theme-post-excerpt\" data-id=\"00f4678\" data-element_type=\"widget\" data-widget_type=\"theme-post-excerpt.default\">\n<div class=\"elementor-widget-container\"><\/div>\n<div class=\"elementor-widget-container\">N\u2019acabando -si nun lllueve-,\u00a0<strong>6 Riales<\/strong>\u00a0van dar un\u00a0<strong>peque\u00f1u conciertu<\/strong>\u00a0esbillando parte del \u00abrepertoriu de cantares tradicionales y cantares nuevos, con panderetes, panderos y otres percusiones\u00bb. como despliquen dende la organizaci\u00f3n de la movilizaci\u00f3n. Ye una amuesa m\u00e1s del\u00a0<strong>compromisu\u00a0<\/strong>de la m\u00fasica asturiana cola reivindicaci\u00f3n de los\u00a0<strong>derechos lling\u00fc\u00edsticos\u00a0<\/strong>del pa\u00eds.<\/div>\n<div><\/div>\n<div><\/div>\n<\/div>\n<p><!--more--><\/p>\n<div style=\"text-align: center\">\n<!-- iframe plugin v.6.0 wordpress.org\/plugins\/iframe\/ -->\n<iframe style=\"border-radius:12px\" src=\"https:\/\/open.spotify.com\/embed\/artist\/1UD0nwKyekUruC0103pNCr?utm_source=generator\" width=\"100%\" height=\"352\" frameborder=\"0\" allowfullscreen allow=\"autoplay; clipboard-write; encrypted-media; fullscreen; picture-in-picture\" loading=\"lazy\" 0=\"\/iframe\" scrolling=\"yes\" class=\"iframe-class\"><\/iframe>\n<\/div>\n<p>&nbsp;<\/p>\n","protected":false},"excerpt":{"rendered":"<p>Fonte: Musicasturiana.com \/ N\u2019acabando -si nun lllueve-,\u00a06 Riales\u00a0van dar un\u00a0peque\u00f1u conciertu\u00a0esbillando parte del \u00abrepertoriu de cantares tradicionales y cantares nuevos, con panderetes, panderos y otres percusiones\u00bb. como despliquen dende la organizaci\u00f3n de la movilizaci\u00f3n. Ye una amuesa m\u00e1s del\u00a0compromisu\u00a0de la m\u00fasica asturiana cola reivindicaci\u00f3n de los\u00a0derechos lling\u00fc\u00edsticos\u00a0del pa\u00eds.<\/p>\n","protected":false},"author":117,"featured_media":0,"comment_status":"open","ping_status":"open","sticky":false,"template":"","format":"standard","meta":{"footnotes":""},"categories":[35,125],"tags":[],"class_list":["post-48138","post","type-post","status-publish","format-standard","hentry","category-musica","category-musicasturiana-com"],"_links":{"self":[{"href":"https:\/\/edublog.educastur.es\/ixuxu\/wp-json\/wp\/v2\/posts\/48138","targetHints":{"allow":["GET"]}}],"collection":[{"href":"https:\/\/edublog.educastur.es\/ixuxu\/wp-json\/wp\/v2\/posts"}],"about":[{"href":"https:\/\/edublog.educastur.es\/ixuxu\/wp-json\/wp\/v2\/types\/post"}],"author":[{"embeddable":true,"href":"https:\/\/edublog.educastur.es\/ixuxu\/wp-json\/wp\/v2\/users\/117"}],"replies":[{"embeddable":true,"href":"https:\/\/edublog.educastur.es\/ixuxu\/wp-json\/wp\/v2\/comments?post=48138"}],"version-history":[{"count":4,"href":"https:\/\/edublog.educastur.es\/ixuxu\/wp-json\/wp\/v2\/posts\/48138\/revisions"}],"predecessor-version":[{"id":48236,"href":"https:\/\/edublog.educastur.es\/ixuxu\/wp-json\/wp\/v2\/posts\/48138\/revisions\/48236"}],"wp:attachment":[{"href":"https:\/\/edublog.educastur.es\/ixuxu\/wp-json\/wp\/v2\/media?parent=48138"}],"wp:term":[{"taxonomy":"category","embeddable":true,"href":"https:\/\/edublog.educastur.es\/ixuxu\/wp-json\/wp\/v2\/categories?post=48138"},{"taxonomy":"post_tag","embeddable":true,"href":"https:\/\/edublog.educastur.es\/ixuxu\/wp-json\/wp\/v2\/tags?post=48138"}],"curies":[{"name":"wp","href":"https:\/\/api.w.org\/{rel}","templated":true}]}}