{"id":48144,"date":"2025-05-10T17:00:40","date_gmt":"2025-05-10T15:00:40","guid":{"rendered":"https:\/\/edublog.educastur.es\/ixuxu\/?p=48144"},"modified":"2025-05-10T21:02:57","modified_gmt":"2025-05-10T19:02:57","slug":"tpa-estrena-esti-domingu-xuntanza-un-programa-nuevu-dedicau-a-la-musica-popular","status":"publish","type":"post","link":"https:\/\/edublog.educastur.es\/ixuxu\/2025\/05\/tpa-estrena-esti-domingu-xuntanza-un-programa-nuevu-dedicau-a-la-musica-popular\/","title":{"rendered":"TPA estrena esti domingu \u2018Xuntanza\u2019, un programa nuevu dedic\u00e1u a la m\u00fasica popular"},"content":{"rendered":"<div class=\"elementor-element elementor-element-72daa04 e-con-full e-flex e-con e-child\" data-id=\"72daa04\" data-element_type=\"container\">\n<div class=\"elementor-element elementor-element-667e3c7 elementor-widget__width-inherit elementor-widget elementor-widget-theme-post-title elementor-page-title elementor-widget-heading\" data-id=\"667e3c7\" data-element_type=\"widget\" data-widget_type=\"theme-post-title.default\">\n<div class=\"elementor-widget-container\">\n<ul>\n<li class=\"elementor-heading-title elementor-size-default\">Fonte: <a href=\"https:\/\/musicasturiana.com\/tpa-estrena-esti-domingu-xuntanza-un-programa-nuevu-dedicau-a-la-musica-popular\/\">Musicasturiana.com<\/a> \/<\/li>\n<\/ul>\n<p style=\"text-align: center\"><a href=\"https:\/\/musicasturiana.com\/wp-content\/uploads\/2025\/05\/xuntanza-pau-santirso.jpg\"><img loading=\"lazy\" decoding=\"async\" class=\"aligncenter size-large\" src=\"https:\/\/musicasturiana.com\/wp-content\/uploads\/2025\/05\/xuntanza-pau-santirso.jpg\" width=\"1200\" height=\"600\" \/><\/a><\/p>\n<\/div>\n<\/div>\n<div class=\"elementor-element elementor-element-00f4678 elementor-widget__width-inherit elementor-widget elementor-widget-theme-post-excerpt\" data-id=\"00f4678\" data-element_type=\"widget\" data-widget_type=\"theme-post-excerpt.default\">\n<div class=\"elementor-widget-container\">Pau Santirso conduz l&#8217;episodiu d&#8217;esti domingu nel que participen Herbamora, Amb\u00e1s, Latira, Pandereteros d&#8217;Angua\u00f1o, Xeitu y Xurxo Fernandes. La televisi\u00f3n p\u00fablica asturiana emite esti domingu a les 21.45h <em><strong><a href=\"https:\/\/www.instagram.com\/xuntanzatpa\/\" target=\"_blank\" rel=\"noopener\">Xuntanza<\/a><\/strong><\/em>, \u00abun programa nuevu para celebrar la\u00a0<strong>m\u00fasica a travi\u00e9s de quien la vive, la reinventa y la tresmite<\/strong>\u00ab. Esti primer cap\u00edtulu ta protagoniz\u00e1u pol m\u00fasicu y baillador\u00a0<strong>Pau Santirso<\/strong>\u00a0y xunto a \u00e9l van tar otres figures destacaes de la m\u00fasica tradicional.<\/div>\n<div><\/div>\n<\/div>\n<\/div>\n<p><!--more--><\/p>\n<div class=\"elementor-element elementor-element-a767a8c elementor-widget__width-inherit elementor-widget elementor-widget-theme-post-content\" data-id=\"a767a8c\" data-element_type=\"widget\" data-widget_type=\"theme-post-content.default\">\n<div class=\"elementor-widget-container\">\n<p>\u00abYe un programa\u00a0<strong>de divertimentu, de baille, de pandereta<\/strong>, pero cont\u00e1u d\u2019una manera\u00a0<strong>distinta y alegre\u00a0<\/strong>y con una montonera d\u2019invitaos\u00bb, desplica Santirso sobre\u00a0<em>Xuntanza<\/em>. Nel cap\u00edtulu d\u2019esti domingu participen \u00abcollacios\u00bb del artista como\u00a0<strong>Herbamora, Xos\u00e9 Amb\u00e1s, La Banda Latira, Pandereteros d\u2019Angua\u00f1o<\/strong>, el gallegu\u00a0<strong>Xurxo Fernandes\u00a0<\/strong>y\u00a0<strong>Xeitu<\/strong>, que dan una actuaci\u00f3n especial \u00abcon 35 persones vest\u00edes de 1900\u00bb, destaca\u2019l presentador del episodiu. Nos vinientes cap\u00edtulos, van ser\u00a0<strong>otres figures p\u00fabliques<\/strong>\u00a0les que protagonicen y gu\u00eden los episodios.<\/p>\n<p>Cola emisi\u00f3n de\u00a0<em>Xuntanza,<\/em>\u00a0la m\u00fasica fecha n\u2019Asturies va\u00a0<strong>sonar y vese con puxu<\/strong>\u00a0durante un tiempu los domingos en TPA gracies a esti programa y a\u00a0<strong><a href=\"https:\/\/musicasturiana.com\/esti-domingu-vuelve-a-tpa-sonadia-el-programa-dedicau-a-la-musica-fecha-nasturies\/\"><em>Sonad\u00eda<\/em>\u00a0<\/a><\/strong>qu\u2019estrena tami\u00e9n esti 11 de mayu a les 22.45h de la nueche la so segunda temporada.<\/p>\n<p style=\"text-align: center\"><a href=\"https:\/\/musicasturiana.com\/wp-content\/uploads\/2025\/05\/WhatsApp-Image-2025-05-08-at-13.28.19-1536x971.jpeg\"><img loading=\"lazy\" decoding=\"async\" class=\"aligncenter size-large\" src=\"https:\/\/musicasturiana.com\/wp-content\/uploads\/2025\/05\/WhatsApp-Image-2025-05-08-at-13.28.19-1536x971.jpeg\" width=\"1536\" height=\"971\" \/><\/a><\/p>\n<p style=\"text-align: center\"><em>Fotograma del cap\u00edtulu cola participaci\u00f3n de Xeitu<\/em><\/p>\n<\/div>\n<\/div>\n","protected":false},"excerpt":{"rendered":"<p>Fonte: Musicasturiana.com \/ Pau Santirso conduz l&#8217;episodiu d&#8217;esti domingu nel que participen Herbamora, Amb\u00e1s, Latira, Pandereteros d&#8217;Angua\u00f1o, Xeitu y Xurxo Fernandes. La televisi\u00f3n p\u00fablica asturiana emite esti domingu a les 21.45h Xuntanza, \u00abun programa nuevu para celebrar la\u00a0m\u00fasica a travi\u00e9s de quien la vive, la reinventa y la tresmite\u00ab. Esti primer cap\u00edtulu ta protagoniz\u00e1u pol [&hellip;]<\/p>\n","protected":false},"author":117,"featured_media":0,"comment_status":"open","ping_status":"open","sticky":false,"template":"","format":"standard","meta":{"footnotes":""},"categories":[35,125],"tags":[],"class_list":["post-48144","post","type-post","status-publish","format-standard","hentry","category-musica","category-musicasturiana-com"],"_links":{"self":[{"href":"https:\/\/edublog.educastur.es\/ixuxu\/wp-json\/wp\/v2\/posts\/48144","targetHints":{"allow":["GET"]}}],"collection":[{"href":"https:\/\/edublog.educastur.es\/ixuxu\/wp-json\/wp\/v2\/posts"}],"about":[{"href":"https:\/\/edublog.educastur.es\/ixuxu\/wp-json\/wp\/v2\/types\/post"}],"author":[{"embeddable":true,"href":"https:\/\/edublog.educastur.es\/ixuxu\/wp-json\/wp\/v2\/users\/117"}],"replies":[{"embeddable":true,"href":"https:\/\/edublog.educastur.es\/ixuxu\/wp-json\/wp\/v2\/comments?post=48144"}],"version-history":[{"count":2,"href":"https:\/\/edublog.educastur.es\/ixuxu\/wp-json\/wp\/v2\/posts\/48144\/revisions"}],"predecessor-version":[{"id":48146,"href":"https:\/\/edublog.educastur.es\/ixuxu\/wp-json\/wp\/v2\/posts\/48144\/revisions\/48146"}],"wp:attachment":[{"href":"https:\/\/edublog.educastur.es\/ixuxu\/wp-json\/wp\/v2\/media?parent=48144"}],"wp:term":[{"taxonomy":"category","embeddable":true,"href":"https:\/\/edublog.educastur.es\/ixuxu\/wp-json\/wp\/v2\/categories?post=48144"},{"taxonomy":"post_tag","embeddable":true,"href":"https:\/\/edublog.educastur.es\/ixuxu\/wp-json\/wp\/v2\/tags?post=48144"}],"curies":[{"name":"wp","href":"https:\/\/api.w.org\/{rel}","templated":true}]}}