{"id":48150,"date":"2025-05-10T17:25:51","date_gmt":"2025-05-10T15:25:51","guid":{"rendered":"https:\/\/edublog.educastur.es\/ixuxu\/?p=48150"},"modified":"2025-05-10T20:30:23","modified_gmt":"2025-05-10T18:30:23","slug":"primeres-xornaes-sobro-gastronomia-circular-y-sostenibilida-alimentaria","status":"publish","type":"post","link":"https:\/\/edublog.educastur.es\/ixuxu\/2025\/05\/primeres-xornaes-sobro-gastronomia-circular-y-sostenibilida-alimentaria\/","title":{"rendered":"Primeres xornaes sobro Gastronom\u00eda circular y sostenibilid\u00e1 alimentaria"},"content":{"rendered":"<div class=\"html-div xdj266r x11i5rnm xat24cr x1mh8g0r xexx8yu x1a8lsjc x1swvt13 x1pi30zi\">\n<div class=\"html-div xdj266r x11i5rnm xat24cr x1mh8g0r xexx8yu x4uap5 x18d9i69 xkhd6sd x1jx94hy x78zum5 x1q0g3np\">\n<div class=\"x78zum5 xdt5ytf xz62fqu x16ldp7u\">\n<div class=\"xu06os2 x1ok221b\">\n<div class=\"html-div xdj266r x11i5rnm xat24cr x1mh8g0r xexx8yu x4uap5 x18d9i69 xkhd6sd\" data-ad-rendering-role=\"profile_name\">\n<ul>\n<li class=\"html-h3 x11i5rnm xat24cr x1mh8g0r xexx8yu x4uap5 x18d9i69 xkhd6sd x1vvkbs x1heor9g x1qlqyl8 x1pd3egz x1a2a7pz x1gslohp x1yc453h\"><span class=\"x1lliihq x6ikm8r x10wlt62 x1n2onr6\"><span class=\"xt0psk2\"><a class=\"x1i10hfl xjbqb8w x1ejq31n xd10rxx x1sy0etr x17r0tee x972fbf xcfux6l x1qhh985 xm0m39n x9f619 x1ypdohk xt0psk2 xe8uvvx xdj266r x11i5rnm xat24cr x1mh8g0r xexx8yu x4uap5 x18d9i69 xkhd6sd x16tdsg8 x1hl2dhg xggy1nq x1a2a7pz xkrqix3 x1sur9pj xzsf02u x1s688f\" role=\"link\" href=\"https:\/\/www.facebook.com\/profile.php?id=61550854088798&amp;__cft__[0]=AZV7eZCpySGlr_1nQZ66DMe97WchTWP17q-yxzYzv4kAsH5gks4OKEp6pjlBLd2JcYPDRPXyjeJyFwVNlKEema_k0319pS-mJesY9Rpm8_cS_Ao8-k5affPNkFR5pgtp-WeO8CfeHlpjRoBQHqR8iddHMQDsunFtlz8xub8cz2QpOZxVTP69WCt8tlWzknSuc0huxCS_HLAZaPJo1E6ro6DUSpsraGA6rs5Y22mfFqugbA&amp;__tn__=-UC%2CP-y-R\"><strong class=\"html-strong xdj266r x11i5rnm xat24cr x1mh8g0r xexx8yu x4uap5 x18d9i69 xkhd6sd x1hl2dhg x16tdsg8 x1vvkbs x1s688f\"><span class=\"html-span xdj266r x11i5rnm xat24cr x1mh8g0r xexx8yu x4uap5 x18d9i69 xkhd6sd x1hl2dhg x16tdsg8 x1vvkbs\">Consejer\u00eda Ordenaci\u00f3n Territorio, Urbanismo, Vivienda y Derechos Ciudadanos<\/span><\/strong><\/a><\/span><\/span><\/li>\n<\/ul>\n<p style=\"text-align: center\"><span style=\"text-decoration: underline\"><span style=\"font-size: 24px\"><em><span style=\"color: #008080\"><strong>Nun hai xunta ensin xinta<\/strong><\/span><\/em><\/span><\/span><\/p>\n<\/div>\n<\/div>\n<div class=\"xu06os2 x1ok221b\"><\/div>\n<\/div>\n<\/div>\n<\/div>\n<div class=\"html-div xdj266r x11i5rnm xat24cr x1mh8g0r xexx8yu x4uap5 x18d9i69 xkhd6sd\" dir=\"auto\">\n<div class=\"html-div xdj266r x11i5rnm xat24cr x1mh8g0r xexx8yu x4uap5 x18d9i69 xkhd6sd\" dir=\"auto\">\n<div class=\"html-div xdj266r x11i5rnm xat24cr x1mh8g0r xexx8yu x4uap5 x18d9i69 xkhd6sd\" data-ad-rendering-role=\"story_message\">\n<div class=\"x1l90r2v x1iorvi4 x1ye3gou xn6708d\" data-ad-comet-preview=\"message\" data-ad-preview=\"message\">\n<div class=\"x78zum5 xdt5ytf xz62fqu x16ldp7u\">\n<div class=\"xu06os2 x1ok221b\">\n<div class=\"x11i5rnm xat24cr x1mh8g0r x1vvkbs xtlvy1s x126k92a\">\n<div dir=\"auto\" style=\"text-align: center\"><a href=\"https:\/\/actualidad.asturias.es\/documents\/537115\/2558235\/2025_05_09+DG+Agenda+2030+Simposio+gastronom%C3%ADa+%281%29.jpeg\/bd8d4b10-c081-249f-13a6-ff4d9d2ef9d8?t=1746795887557\"><img loading=\"lazy\" decoding=\"async\" class=\"aligncenter size-large\" src=\"https:\/\/actualidad.asturias.es\/documents\/537115\/2558235\/2025_05_09+DG+Agenda+2030+Simposio+gastronom%C3%ADa+%281%29.jpeg\/bd8d4b10-c081-249f-13a6-ff4d9d2ef9d8?t=1746795887557\" width=\"1600\" height=\"1200\" \/><\/a><\/div>\n<div dir=\"auto\"><\/div>\n<div dir=\"auto\" style=\"text-align: left\">La <strong>Direcci\u00f3n Xeneral d&#8217;Axenda 2030<\/strong> impulsa les <span style=\"color: #008080\"><strong>primeres xornaes sobro Gastronom\u00eda circular y sostenibilid\u00e1 alimentaria<\/strong><\/span>&#8216;. L&#8217;alcuentru, que se va desenvolver el llunes y el martes en Soto Ribera, Llastres y Quintueles, va axuntar a guisanderas, chefs, productores agroalimentarios y especialistes en sociolox\u00eda y hestoria.<\/div>\n<div dir=\"auto\"><\/div>\n<div dir=\"auto\" style=\"text-align: left\"><em>\u201cL&#8217;oxetivu ye fomentar la bona alimentaci\u00f3n col aprovechamientu de los recursos y productos locales\u201d,<\/em> esplic\u00f3&#8217;l director xeneral <span class=\"html-span xdj266r x11i5rnm xat24cr x1mh8g0r xexx8yu x4uap5 x18d9i69 xkhd6sd x1hl2dhg x16tdsg8 x1vvkbs\"><a class=\"x1i10hfl xjbqb8w x1ejq31n xd10rxx x1sy0etr x17r0tee x972fbf xcfux6l x1qhh985 xm0m39n x9f619 x1ypdohk xt0psk2 xe8uvvx xdj266r x11i5rnm xat24cr x1mh8g0r xexx8yu x4uap5 x18d9i69 xkhd6sd x16tdsg8 x1hl2dhg xggy1nq x1a2a7pz xkrqix3 x1sur9pj x1fey0fg x1s688f\" role=\"link\" href=\"https:\/\/l.facebook.com\/l.php?u=https%3A%2F%2Fwww.instagram.com%2F_u%2Fjuan_gponte%3Ffbclid%3DIwZXh0bgNhZW0CMTAAYnJpZBExb3lNMnh5WHdWWXlvRTlEVwEeXY2qX-s-mdWWmb1Hlq6sdIp3YCVxBBpic35GxFZ3h_TKlirD7CwGN53-bOE_aem_agT-ulEmcFl1gf7sGJQxKg&amp;h=AT3P64zfycpoOjtOX_BL6yOT08lkJtkPbFEGC0WwL9rAE1XvV2hdOkIIJm3Ph80eZiN9Io_nF_2keCNi3538uXgQ1MWe3UTrjsot7nQh1UMR_dG1OhlOtgCiRCLAzEREGb7-r57Dbwnh883apg&amp;__tn__=-UK-y-R&amp;c[0]=AT18Z9Xh6WVhxZ7gMpIKec72wkOkvbMgU3W1aUIlBtGf9RJ74jhFwaMRlZYxNKmjSd8ELvnEDdTaVWnu4cIMjq5zv0SstPjLSwUMqTnzncFgy1gMxo4N5bXNg0D58veSw3CYr-YKywira-SejEECD0gnu3hF9XbBrJve-ql-6uzrncFdiHOfiGKnaSO22DcxhDR3uqRnBUjcs5p_GLAaBfF1D2SWn0RndFgk_BZkOdHmLioVEG4k\" target=\"_blank\" rel=\"nofollow noopener noreferrer\">@juan_gponte<\/a><\/span>.<\/div>\n<div dir=\"auto\"><!--more--><\/div>\n<div dir=\"auto\">Ponte present\u00f3 les xornaes, que van llevar por lema <em><span style=\"color: #008080\"><strong>Nun hai xunta ensin xinta<\/strong><\/span><\/em>, xuntu col divulgador gastron\u00f3micu Lluis Nel Estrada y l&#8217;empresaria Elena Fern\u00e1ndez, de Panduru Econom\u00eda Circular. La iniciativa va impulsar los alderiques sobro la importancia de la bona alimentaci\u00f3n y la cohesi\u00f3n social, frente a la homoxenizaci\u00f3n de les propuestes gastron\u00f3miques y el consumu de productos de poca calid\u00e1. Toda la <span class=\"html-span xexx8yu x4uap5 x18d9i69 xkhd6sd x1hl2dhg x16tdsg8 x1vvkbs x3nfvp2 x1j61x8r x1fcty0u xdj266r xat24cr xgzva0m xhhsvwb xxymvpz xlup9mm x1kky2od\"><img loading=\"lazy\" decoding=\"async\" class=\"xz74otr x168nmei x13lgxp2 x5pf9jr xo71vjh\" src=\"https:\/\/static.xx.fbcdn.net\/images\/emoji.php\/v9\/t8e\/1\/16\/2139.png\" alt=\"\u2139\ufe0f\" width=\"16\" height=\"16\" \/><\/span> <span class=\"html-span xdj266r x11i5rnm xat24cr x1mh8g0r xexx8yu x4uap5 x18d9i69 xkhd6sd x1hl2dhg x16tdsg8 x1vvkbs\"><a class=\"x1i10hfl xjbqb8w x1ejq31n xd10rxx x1sy0etr x17r0tee x972fbf xcfux6l x1qhh985 xm0m39n x9f619 x1ypdohk xt0psk2 xe8uvvx xdj266r x11i5rnm xat24cr x1mh8g0r xexx8yu x4uap5 x18d9i69 xkhd6sd x16tdsg8 x1hl2dhg xggy1nq x1a2a7pz xkrqix3 x1sur9pj x1fey0fg x1s688f\" role=\"link\" href=\"https:\/\/l.facebook.com\/l.php?u=https%3A%2F%2Facortar.link%2Fc8cese%3Ffbclid%3DIwZXh0bgNhZW0CMTAAYnJpZBExb3lNMnh5WHdWWXlvRTlEVwEep2WJ-DOTwOglvsE2xJeXdwUTAhDht_CiF4EX61GtL2ajTiAf0JZdXfZ7wEM_aem_1SQzZbaGqywY3Ft_xkJfow&amp;h=AT0sh6Nea4MnvMEsWB4qlNZ8WhxmpmOtU5N9VZOyce9H7h5mC2N9p5UXUMVCWhRrbR_4LEmys6E94wbYKnRglj8zZ_cA96NxH0MCDx0JJYB1ilsn20CFTlCTJyMeVoWQEp0dyUxC56hqyAQYcorQmTo41l9V_JI&amp;__tn__=-UK-y-R&amp;c[0]=AT18Z9Xh6WVhxZ7gMpIKec72wkOkvbMgU3W1aUIlBtGf9RJ74jhFwaMRlZYxNKmjSd8ELvnEDdTaVWnu4cIMjq5zv0SstPjLSwUMqTnzncFgy1gMxo4N5bXNg0D58veSw3CYr-YKywira-SejEECD0gnu3hF9XbBrJve-ql-6uzrncFdiHOfiGKnaSO22DcxhDR3uqRnBUjcs5p_GLAaBfF1D2SWn0RndFgk_BZkOdHmLioVEG4k\" target=\"_blank\" rel=\"nofollow noopener noreferrer\">https:\/\/acortar.link\/c8cese<\/a><\/span><\/div>\n<\/div>\n<\/div>\n<\/div>\n<\/div>\n<\/div>\n<\/div>\n<\/div>\n<p>&nbsp;<\/p>\n","protected":false},"excerpt":{"rendered":"<p>Consejer\u00eda Ordenaci\u00f3n Territorio, Urbanismo, Vivienda y Derechos Ciudadanos Nun hai xunta ensin xinta La Direcci\u00f3n Xeneral d&#8217;Axenda 2030 impulsa les primeres xornaes sobro Gastronom\u00eda circular y sostenibilid\u00e1 alimentaria&#8216;. L&#8217;alcuentru, que se va desenvolver el llunes y el martes en Soto Ribera, Llastres y Quintueles, va axuntar a guisanderas, chefs, productores agroalimentarios y especialistes en sociolox\u00eda [&hellip;]<\/p>\n","protected":false},"author":117,"featured_media":0,"comment_status":"open","ping_status":"open","sticky":false,"template":"","format":"standard","meta":{"footnotes":""},"categories":[138,171],"tags":[],"class_list":["post-48150","post","type-post","status-publish","format-standard","hentry","category-alimentos","category-xornaes"],"_links":{"self":[{"href":"https:\/\/edublog.educastur.es\/ixuxu\/wp-json\/wp\/v2\/posts\/48150","targetHints":{"allow":["GET"]}}],"collection":[{"href":"https:\/\/edublog.educastur.es\/ixuxu\/wp-json\/wp\/v2\/posts"}],"about":[{"href":"https:\/\/edublog.educastur.es\/ixuxu\/wp-json\/wp\/v2\/types\/post"}],"author":[{"embeddable":true,"href":"https:\/\/edublog.educastur.es\/ixuxu\/wp-json\/wp\/v2\/users\/117"}],"replies":[{"embeddable":true,"href":"https:\/\/edublog.educastur.es\/ixuxu\/wp-json\/wp\/v2\/comments?post=48150"}],"version-history":[{"count":3,"href":"https:\/\/edublog.educastur.es\/ixuxu\/wp-json\/wp\/v2\/posts\/48150\/revisions"}],"predecessor-version":[{"id":48238,"href":"https:\/\/edublog.educastur.es\/ixuxu\/wp-json\/wp\/v2\/posts\/48150\/revisions\/48238"}],"wp:attachment":[{"href":"https:\/\/edublog.educastur.es\/ixuxu\/wp-json\/wp\/v2\/media?parent=48150"}],"wp:term":[{"taxonomy":"category","embeddable":true,"href":"https:\/\/edublog.educastur.es\/ixuxu\/wp-json\/wp\/v2\/categories?post=48150"},{"taxonomy":"post_tag","embeddable":true,"href":"https:\/\/edublog.educastur.es\/ixuxu\/wp-json\/wp\/v2\/tags?post=48150"}],"curies":[{"name":"wp","href":"https:\/\/api.w.org\/{rel}","templated":true}]}}