{"id":48153,"date":"2025-05-10T17:30:36","date_gmt":"2025-05-10T15:30:36","guid":{"rendered":"https:\/\/edublog.educastur.es\/ixuxu\/?p=48153"},"modified":"2025-05-11T14:25:26","modified_gmt":"2025-05-11T12:25:26","slug":"programa-tei-pa-la-prevencion-del-acoso-escolar","status":"publish","type":"post","link":"https:\/\/edublog.educastur.es\/ixuxu\/2025\/05\/programa-tei-pa-la-prevencion-del-acoso-escolar\/","title":{"rendered":"Programa TEI pa la prevenci\u00f3n del acoso escolar."},"content":{"rendered":"<p>Educaci\u00f3n imparte a los equipos directivos una xornada formativa sobro&#8217;l programa TEI pa la prevenci\u00f3n del acoso escolar.<br \/>\nEl director xeneral David Artime empondera esta ferramienta com\u00fan, sistem\u00e1tica y evaluable\u201d, que va llegar el pr\u00f3ximu cursu a tolos centros.<\/p>\n<p style=\"text-align: center\"><a href=\"https:\/\/actualidad.asturias.es\/documents\/537115\/2558120\/2025_05_09+DG+Inclusion+Educativa+jornada+programa+Tutor%C3%ADa+entre+Iguales+%28TEI%29.jpg\/1451718f-1864-b4fc-9846-ce9f4bbb033e?t=1746795083249\"><img loading=\"lazy\" decoding=\"async\" class=\"aligncenter size-large\" src=\"https:\/\/actualidad.asturias.es\/documents\/537115\/2558120\/2025_05_09+DG+Inclusion+Educativa+jornada+programa+Tutor%C3%ADa+entre+Iguales+%28TEI%29.jpg\/1451718f-1864-b4fc-9846-ce9f4bbb033e?t=1746795083249\" width=\"3723\" height=\"2579\" \/><\/a><\/p>\n<p>Na imaxe, d&#8217;esquierda a derecha, el ceador del programa TEI, Andr\u00e9s Bellido; el director xeneral d&#8217;Inclusi\u00f3n Educativa y Ordenaci\u00f3n, David Artime, y Mar\u00eda G\u00f3mez, del equipu del programa TEI.<\/p>\n<p><span style=\"color: #008080\"><strong>Programa Tutor\u00eda ente Iguales (TEI): <\/strong><a href=\"https:\/\/www.programatei.com\">web <\/a><strong>\/\u00a0<\/strong><\/span><\/p>\n<p><!--more--><\/p>\n<p>La Conseyer\u00eda d&#8217;Educaci\u00f3n entam\u00f3 g\u00fcei n&#8217;Uvi\u00e9u\/Uvi\u00e9u xuna xornada formativa pa los equipos directivos, impulsores y d&#8217;acompa\u00f1amientu del <strong><span style=\"color: #008080\">programa Tutor\u00eda ente Iguales (TEI)<\/span><\/strong> pa la meyora de la convivencia y la prevenci\u00f3n de la violencia y l&#8217;acoso escolar. Abargana de mediu millar de docentes siguieron la esposici\u00f3n pormenorizada del ceador del TEI, Andr\u00e9s Bellido. El programa introducir\u00e1&#8217;l pr\u00f3ximu cursu nes etapes d&#8217;Infantil, Primaria y Secundaria de los centros p\u00fablicos y alcordose y, de forma opcional, en Formaci\u00f3n Profesional.<\/p>\n<p>Esta activid\u00e1 presencial forma parte del calendariu d&#8217;implantaci\u00f3n del programa, que se present\u00f3 en marzu pas\u00e1u, pero que y\u00e1 s&#8217;empecipi\u00f3 en febreru con una formaci\u00f3n empobinada al personal de la conseyer\u00eda y representantes de dellos perfiles docentes, orientadores o inspectores.<\/p>\n<p>Esta mesma selmana imparti\u00f3se formaci\u00f3n espec\u00edfica al Serviciu d&#8217;Inspecci\u00f3n Educativa y en xunu ta prevista otra sesi\u00f3n virtual pa los equipos docentes estremaos por etapes educatives. A lo \u00faltimo, en septiembre va formase a les families y al personal non docente.<\/p>\n<p><em>\u201cLa convivencia nun s&#8217;improvisa, constr\u00fayese\u201d<\/em>, afirm\u00f3&#8217;l director xeneral d&#8217;Inclusi\u00f3n Educativa y Ordenaci\u00f3n, David Artime, quien resalt\u00f3 la importancia de la prevenci\u00f3n como complementu a los protocolos que y\u00e1 s&#8217;apliquen frente al acoso escolar.<\/p>\n<p>El Princip\u00e1u ye la primer comunid\u00e1 aut\u00f3noma n&#8217;enllantar esti programa de forma institucional y dientro d&#8217;una pol\u00edtica p\u00fablica integral. \u201cYe xuna ferramienta com\u00fan, sistem\u00e1tica y evaluable, que nos dexa intervenir, midir y entender l&#8217;impactu de lo que faemos\u201d, sorray\u00f3 Artime.<\/p>\n<p>Tami\u00e9n record\u00f3 que les resultancies del programa fueron acreditaos por delles universidaes. \u201cSabemos que funciona: ameyora la convivencia, amenorga l&#8217;acoso y refuerza la sal\u00fa emocional del alumn\u00e1u\u201d. Y emponder\u00f3 la so gran aportaci\u00f3n: \u201cDa protagonismu a quien meyor pueden curiar de la so redolada escolar: los mesmos alumnos y alumnes\u201d.<\/p>\n<p>Artime detall\u00f3, a lo \u00faltimo, el calendariu d&#8217;implantaci\u00f3n del TEI nos centros. El pr\u00f3ximu cursu va empecipiar nos cursos impares. Nel siguiente, en pares. Y y\u00e1 en 2027\/2028 va consolidase en tolos cursos y va realizase una evaluaci\u00f3n global.<\/p>\n<p><em>\u201cLo qu&#8217;empieza g\u00fcei nun ye xuna formaci\u00f3n m\u00e1s. Ye xuna apuesta colectiva por una escuela m\u00e1s segura, m\u00e1s humana y m\u00e1s xusta\u201d,<\/em> concluy\u00f3&#8217;l director d&#8217;Inclusi\u00f3n Educativa.<\/p>\n<p>&nbsp;<\/p>\n","protected":false},"excerpt":{"rendered":"<p>Educaci\u00f3n imparte a los equipos directivos una xornada formativa sobro&#8217;l programa TEI pa la prevenci\u00f3n del acoso escolar. El director xeneral David Artime empondera esta ferramienta com\u00fan, sistem\u00e1tica y evaluable\u201d, que va llegar el pr\u00f3ximu cursu a tolos centros. Na imaxe, d&#8217;esquierda a derecha, el ceador del programa TEI, Andr\u00e9s Bellido; el director xeneral d&#8217;Inclusi\u00f3n [&hellip;]<\/p>\n","protected":false},"author":117,"featured_media":0,"comment_status":"open","ping_status":"open","sticky":false,"template":"","format":"standard","meta":{"footnotes":""},"categories":[132],"tags":[],"class_list":["post-48153","post","type-post","status-publish","format-standard","hentry","category-educastur"],"_links":{"self":[{"href":"https:\/\/edublog.educastur.es\/ixuxu\/wp-json\/wp\/v2\/posts\/48153","targetHints":{"allow":["GET"]}}],"collection":[{"href":"https:\/\/edublog.educastur.es\/ixuxu\/wp-json\/wp\/v2\/posts"}],"about":[{"href":"https:\/\/edublog.educastur.es\/ixuxu\/wp-json\/wp\/v2\/types\/post"}],"author":[{"embeddable":true,"href":"https:\/\/edublog.educastur.es\/ixuxu\/wp-json\/wp\/v2\/users\/117"}],"replies":[{"embeddable":true,"href":"https:\/\/edublog.educastur.es\/ixuxu\/wp-json\/wp\/v2\/comments?post=48153"}],"version-history":[{"count":1,"href":"https:\/\/edublog.educastur.es\/ixuxu\/wp-json\/wp\/v2\/posts\/48153\/revisions"}],"predecessor-version":[{"id":48154,"href":"https:\/\/edublog.educastur.es\/ixuxu\/wp-json\/wp\/v2\/posts\/48153\/revisions\/48154"}],"wp:attachment":[{"href":"https:\/\/edublog.educastur.es\/ixuxu\/wp-json\/wp\/v2\/media?parent=48153"}],"wp:term":[{"taxonomy":"category","embeddable":true,"href":"https:\/\/edublog.educastur.es\/ixuxu\/wp-json\/wp\/v2\/categories?post=48153"},{"taxonomy":"post_tag","embeddable":true,"href":"https:\/\/edublog.educastur.es\/ixuxu\/wp-json\/wp\/v2\/tags?post=48153"}],"curies":[{"name":"wp","href":"https:\/\/api.w.org\/{rel}","templated":true}]}}