{"id":48155,"date":"2025-05-10T17:35:01","date_gmt":"2025-05-10T15:35:01","guid":{"rendered":"https:\/\/edublog.educastur.es\/ixuxu\/?p=48155"},"modified":"2025-05-11T10:14:56","modified_gmt":"2025-05-11T08:14:56","slug":"48155","status":"publish","type":"post","link":"https:\/\/edublog.educastur.es\/ixuxu\/2025\/05\/48155\/","title":{"rendered":"Informe sobre&#8217;l est\u00e1u y situaci\u00f3n del Sistema Educativu asturianu 2022-23"},"content":{"rendered":"<p style=\"text-align: center\"><a href=\"https:\/\/www.rtpa.es\/fotos\/\/25\/05\/20250509145859_RTPA6570706.webp\"><img loading=\"lazy\" decoding=\"async\" class=\"aligncenter size-large\" src=\"https:\/\/www.rtpa.es\/fotos\/\/25\/05\/20250509145859_RTPA6570706.webp\" width=\"853\" height=\"480\" \/><\/a><\/p>\n<ul>\n<li><a href=\"https:\/\/www.rtpa.es\/noticias-asturias\/2025-05-09\/Asturias-lidera-la-tasa-de-titulacion-en-Secundaria-con-un-87,3_111746795636.html?fbclid=IwY2xjawKMSgNleHRuA2FlbQIxMQBicmlkETFveU0yeHlYd1ZZeW9FOURXAR5OODR7mBzog_951j9PV4CqR5OybAR0qvtsDSSquXjnhYwcFHWkJlMMELCmtQ_aem_elmFOICoqDK0ABmsip_xWQ\">RTPA<\/a> \/<\/li>\n<\/ul>\n<p>Asturies lider\u00f3 nel cursu 2022-2023 el ranquin nacional na tasa bruta de titulaci\u00f3n en Secundaria, con un 87,3 %, y <strong>foi la tercer comunid\u00e1 con mayor promoci\u00f3n d&#8217;alumn\u00e1u en 6.\u00ba de Primaria<\/strong>, con un 98,9 %, tollo con una inversi\u00f3n n&#8217;Educaci\u00f3n que xubi\u00f3 a 780,6 millones d&#8217;euros.<\/p>\n<p><!--more--><\/p>\n<p>Son dalgunos de los datos que s&#8217;esprenden del informe \u2018Est\u00e1u y situaci\u00f3n del sistema educativu asturianu 2022-2023\u2019, ellabor\u00e1u pol Conseyu Escolar del Princip\u00e1u d&#8217;Asturies y present\u00e1u esta ma\u00f1ana pola so presidenta, Mari Lluz Pont\u00f3n, y la conseyera d&#8217;Educaci\u00f3n, Lydia Espina.<\/p>\n<p>&nbsp;<\/p>\n<p><strong>L&#8217;informe asitia a Asturies na cua<\/strong><strong>rta posici\u00f3n nacional<\/strong> tocantes a gastu p\u00fablicu por alumnu, con 8.140 euros na ense\u00f1anza p\u00fablica, y destaca que los 780 millones invert\u00edos n&#8217;educaci\u00f3n mientres ese curso suponen una medr\u00eda de 103 millones en solu tr\u00e9s a\u00f1os, a pesar del descensu de 2.329 estudiantes n&#8217;ese mesmu periodu.<\/p>\n<p><span style=\"color: #008080\">Espina valor\u00f3 l&#8217;informe y estim\u00f3 que se publicara, per primer vegada, en castell\u00e1n y asturianu, <strong><em>\u201cuna iniciativa qu&#8217;enllaza con toles mid\u00edes que tamos adoptando na conseyer\u00eda para la promoci\u00f3n y usu de les nueses lling\u00fces aut\u00f3ctones\u201d.<\/em><\/strong><\/span><\/p>\n<ul>\n<li>Precisamente, una de les novedaes del informe ye la inclusi\u00f3n del porcentaxe d&#8217;alumn\u00e1u qu&#8217;escueye l&#8217;asignatura optativa d&#8217;asturianu y eonaviego, qu&#8217;en primaria supon el 48,1 % del alumn\u00e1u y casi el 42 % de la ense\u00f1anza p\u00fablica nesta etapa educativa.<\/li>\n<li>En Secundaria, los porcentaxes fueron del 15,2 % y el 13 %, respectivamente.<\/li>\n<li>Tocantes a la ratio d&#8217;alumn\u00e1u per profesor, el Princip\u00e1u y Galicia ocupen el tercer y cuartu llugar a nivel nacional, con 9,9 estudiantes per docente, solo por detr\u00e1s de Cantabria y Estremadura.<\/li>\n<\/ul>\n<p>La conseyera record\u00f3 la implantaci\u00f3n, dende esti cursu, del amenorgamientu progresivu de la ratio a 23 estudiantes per aula en toles etapes educatives.<\/p>\n<p style=\"text-align: center\"><a href=\"https:\/\/actualidad.asturias.es\/documents\/537115\/2556582\/2025_05_09+consejera+en+presentaci%C3%B3n+informe+Consejo+Escolar.jpg\/781df3a0-b412-5e70-27df-cb64ccea0686?t=1746782404236\"><img loading=\"lazy\" decoding=\"async\" class=\"aligncenter size-large\" src=\"https:\/\/actualidad.asturias.es\/documents\/537115\/2556582\/2025_05_09+consejera+en+presentaci%C3%B3n+informe+Consejo+Escolar.jpg\/781df3a0-b412-5e70-27df-cb64ccea0686?t=1746782404236\" width=\"3815\" height=\"2793\" \/><\/a><\/p>\n<p><strong>Asturies, a la cabeza en titulaci\u00f3n en Secundari<\/strong><strong>a.\u00a0<\/strong>Tocantes a resultancies acad\u00e9miques, Asturies lidera la clasificaci\u00f3n nacional na tasa bruta de titulaci\u00f3n en Secundaria, con un 87,3 %, y ocupa la tercer posici\u00f3n en Bachilleratu, con un 62,8 %.<\/p>\n<p>Nos ciclos formativos de grau cimeru de Formaci\u00f3n Profesional, as\u00edtiase en cuartu llugar, con un 36,8 %.<\/p>\n<p>Am\u00e1s, el Princip\u00e1u foi la tercer comunid\u00e1 con mayor promoci\u00f3n d&#8217;alumn\u00e1u en 6.\u00ba de Primaria, con un 98,9 %, ente que en 4.\u00ba de Secundaria ocup\u00f3 la sesta posici\u00f3n nacional, con un 89,7 %.<\/p>\n<p>L&#8217;informe concl\u00fai con una serie de propuestes de meyora n&#8217;aspeutos como les condiciones llaborales del profesor\u00e1u, l&#8217;atenci\u00f3n a la diversid\u00e1 ya inclusi\u00f3n, la orientaci\u00f3n educativa o la descentralizaci\u00f3n de la ufierta formativa nos centros d&#8217;adultos y que delles de les mid\u00edes solicitaes nesti sent\u00edu y\u00e1 t\u00e1n en marcha.<\/p>\n<p>Coles mesmes, Espina anunci\u00f3 que&#8217;l resolvimientu que regula l&#8217;usu de dispositivos electr\u00f3nicos nes aules a partir del pr\u00f3ximu cursu escolar, que seg\u00fan afirm\u00f3 va ser publicada a lo llargo del d\u00eda de g\u00fcei nel portal Educastur y nos pr\u00f3ximos d\u00edes nel <strong>Bolet\u00edn Oficial del Princip\u00e1u d&#8217;Asturies (BOPA). <\/strong><a href=\"https:\/\/www.educastur.es\/documents\/34868\/38433\/2025-05-09-orientaciones-uso-dispositivos-digitales.pdf\/3b3964d9-43d1-21e1-008d-e607f10bab04?t=1746778633430\" target=\"_blank\" rel=\"noopener\">Resoluci\u00f3n<\/a><\/p>\n<p>&nbsp;<\/p>\n<p>&nbsp;<\/p>\n","protected":false},"excerpt":{"rendered":"<p>RTPA \/ Asturies lider\u00f3 nel cursu 2022-2023 el ranquin nacional na tasa bruta de titulaci\u00f3n en Secundaria, con un 87,3 %, y foi la tercer comunid\u00e1 con mayor promoci\u00f3n d&#8217;alumn\u00e1u en 6.\u00ba de Primaria, con un 98,9 %, tollo con una inversi\u00f3n n&#8217;Educaci\u00f3n que xubi\u00f3 a 780,6 millones d&#8217;euros.<\/p>\n","protected":false},"author":117,"featured_media":0,"comment_status":"open","ping_status":"open","sticky":false,"template":"","format":"standard","meta":{"footnotes":""},"categories":[132],"tags":[],"class_list":["post-48155","post","type-post","status-publish","format-standard","hentry","category-educastur"],"_links":{"self":[{"href":"https:\/\/edublog.educastur.es\/ixuxu\/wp-json\/wp\/v2\/posts\/48155","targetHints":{"allow":["GET"]}}],"collection":[{"href":"https:\/\/edublog.educastur.es\/ixuxu\/wp-json\/wp\/v2\/posts"}],"about":[{"href":"https:\/\/edublog.educastur.es\/ixuxu\/wp-json\/wp\/v2\/types\/post"}],"author":[{"embeddable":true,"href":"https:\/\/edublog.educastur.es\/ixuxu\/wp-json\/wp\/v2\/users\/117"}],"replies":[{"embeddable":true,"href":"https:\/\/edublog.educastur.es\/ixuxu\/wp-json\/wp\/v2\/comments?post=48155"}],"version-history":[{"count":3,"href":"https:\/\/edublog.educastur.es\/ixuxu\/wp-json\/wp\/v2\/posts\/48155\/revisions"}],"predecessor-version":[{"id":48274,"href":"https:\/\/edublog.educastur.es\/ixuxu\/wp-json\/wp\/v2\/posts\/48155\/revisions\/48274"}],"wp:attachment":[{"href":"https:\/\/edublog.educastur.es\/ixuxu\/wp-json\/wp\/v2\/media?parent=48155"}],"wp:term":[{"taxonomy":"category","embeddable":true,"href":"https:\/\/edublog.educastur.es\/ixuxu\/wp-json\/wp\/v2\/categories?post=48155"},{"taxonomy":"post_tag","embeddable":true,"href":"https:\/\/edublog.educastur.es\/ixuxu\/wp-json\/wp\/v2\/tags?post=48155"}],"curies":[{"name":"wp","href":"https:\/\/api.w.org\/{rel}","templated":true}]}}