{"id":48177,"date":"2025-05-09T17:50:07","date_gmt":"2025-05-09T15:50:07","guid":{"rendered":"https:\/\/edublog.educastur.es\/ixuxu\/?p=48177"},"modified":"2025-05-10T18:05:51","modified_gmt":"2025-05-10T16:05:51","slug":"los-centros-educativos-tendran-desplicar-nun-plan-como-van-usar-los-recursos-dixitales","status":"publish","type":"post","link":"https:\/\/edublog.educastur.es\/ixuxu\/2025\/05\/los-centros-educativos-tendran-desplicar-nun-plan-como-van-usar-los-recursos-dixitales\/","title":{"rendered":"Los centros educativos tendr\u00e1n d&#8217;esplicar nun plan c\u00f3mo van usar los recursos dixitales"},"content":{"rendered":"<ul>\n<li>Fonte: <a href=\"https:\/\/www.rtpa.es\/noticias-asturias-ast\/2025-05-09\/Los-centros-educativos-tendran-d'esplicar-nun-plan-como-van-usar-los-recursos-dixitales_111746795280.html\">RTPA<\/a> \/ <a href=\"https:\/\/www.educastur.es\/documents\/34868\/38433\/2025-05-09-orientaciones-uso-dispositivos-digitales.pdf\/3b3964d9-43d1-21e1-008d-e607f10bab04?t=1746778633430\" target=\"_blank\" rel=\"noopener\">Resoluci\u00f3n<\/a>\u00a0(pdf)<\/li>\n<\/ul>\n<p style=\"text-align: center\"><a href=\"https:\/\/www.rtpa.es\/fotos\/\/25\/05\/20250509145318_RTPA6570532.webp\"><img loading=\"lazy\" decoding=\"async\" class=\"aligncenter size-large\" src=\"https:\/\/www.rtpa.es\/fotos\/\/25\/05\/20250509145318_RTPA6570532.webp\" width=\"853\" height=\"480\" \/><\/a><\/p>\n<p class=\"font-size-m padding-b-20 font-weight-b margin-t-16\">Educaci\u00f3n repite que tendr\u00e1n d&#8217;usase de manera prioritaria&#8217;l papel y otros m\u00e9todos anal\u00f3xicos.\u00a0Les instrucciones espublizaes g\u00fcei n\u2019Educastur sobre l&#8217;usu de dispositivos dixitales afiten qu&#8217;en primaria estes tecnolox\u00edes solo van poder tener un usu complementariu o pa facer xeres concretes so la supervisi\u00f3n del docente. Nel casu de Secundaria, los recursos anal\u00f3xicos tendr\u00e1n de primar sobre los dixitales se\u00f1ala Lydia Espina, conseyera d&#8217;Educaci\u00f3n.<\/p>\n<p><!--more--><\/p>\n<p>Los centros tendr\u00e1n de recoyer l&#8217;usu de les nueves tecnolox\u00edes nun plan dixital y na so programaci\u00f3n a\u00f1al. Los colexos con una amplia implantaci\u00f3n de dispositivos dixitales van poder adaptase a esta nueva normativa\u2019l cursu que vien. Ye&#8217;l casu del colexu La Inmaculada, en Xix\u00f3n, que lleva m\u00e1s d&#8217;una d\u00e9cada trabayando en competencies dixitales. Les families sofiten el so usu, siempres que seya responsable apunta Marta Calvi\u00f1o, presidenta del AMPA Colexu Mar\u00eda Inmaculada de Xix\u00f3n.<\/p>\n<p>N&#8217;otros centros, como&#8217;l colexu Monte Deva, les families sofiten que se priorice l&#8217;usu del papel asegura Luz Garc\u00eda, presidenta de l\u2019Asociaci\u00f3n de Families del Monte Deva.<\/p>\n<p>Les instrucciones espublizaes g\u00fcei n\u2019Educastur tendr\u00e1n d\u2019espublizase nel BOPA nos pr\u00f3ximos d\u00edes.<\/p>\n","protected":false},"excerpt":{"rendered":"<p>Fonte: RTPA \/ Resoluci\u00f3n\u00a0(pdf) Educaci\u00f3n repite que tendr\u00e1n d&#8217;usase de manera prioritaria&#8217;l papel y otros m\u00e9todos anal\u00f3xicos.\u00a0Les instrucciones espublizaes g\u00fcei n\u2019Educastur sobre l&#8217;usu de dispositivos dixitales afiten qu&#8217;en primaria estes tecnolox\u00edes solo van poder tener un usu complementariu o pa facer xeres concretes so la supervisi\u00f3n del docente. Nel casu de Secundaria, los recursos anal\u00f3xicos [&hellip;]<\/p>\n","protected":false},"author":117,"featured_media":0,"comment_status":"open","ping_status":"open","sticky":false,"template":"","format":"standard","meta":{"footnotes":""},"categories":[132],"tags":[],"class_list":["post-48177","post","type-post","status-publish","format-standard","hentry","category-educastur"],"_links":{"self":[{"href":"https:\/\/edublog.educastur.es\/ixuxu\/wp-json\/wp\/v2\/posts\/48177","targetHints":{"allow":["GET"]}}],"collection":[{"href":"https:\/\/edublog.educastur.es\/ixuxu\/wp-json\/wp\/v2\/posts"}],"about":[{"href":"https:\/\/edublog.educastur.es\/ixuxu\/wp-json\/wp\/v2\/types\/post"}],"author":[{"embeddable":true,"href":"https:\/\/edublog.educastur.es\/ixuxu\/wp-json\/wp\/v2\/users\/117"}],"replies":[{"embeddable":true,"href":"https:\/\/edublog.educastur.es\/ixuxu\/wp-json\/wp\/v2\/comments?post=48177"}],"version-history":[{"count":3,"href":"https:\/\/edublog.educastur.es\/ixuxu\/wp-json\/wp\/v2\/posts\/48177\/revisions"}],"predecessor-version":[{"id":48180,"href":"https:\/\/edublog.educastur.es\/ixuxu\/wp-json\/wp\/v2\/posts\/48177\/revisions\/48180"}],"wp:attachment":[{"href":"https:\/\/edublog.educastur.es\/ixuxu\/wp-json\/wp\/v2\/media?parent=48177"}],"wp:term":[{"taxonomy":"category","embeddable":true,"href":"https:\/\/edublog.educastur.es\/ixuxu\/wp-json\/wp\/v2\/categories?post=48177"},{"taxonomy":"post_tag","embeddable":true,"href":"https:\/\/edublog.educastur.es\/ixuxu\/wp-json\/wp\/v2\/tags?post=48177"}],"curies":[{"name":"wp","href":"https:\/\/api.w.org\/{rel}","templated":true}]}}