{"id":48212,"date":"2025-05-20T19:40:42","date_gmt":"2025-05-20T17:40:42","guid":{"rendered":"https:\/\/edublog.educastur.es\/ixuxu\/?p=48212"},"modified":"2025-05-20T18:37:35","modified_gmt":"2025-05-20T16:37:35","slug":"el-cantar-de-la-oficilialida-llego-la-hora","status":"publish","type":"post","link":"https:\/\/edublog.educastur.es\/ixuxu\/2025\/05\/el-cantar-de-la-oficilialida-llego-la-hora\/","title":{"rendered":"El Cantar de la oficialid\u00e1: \u00abLleg\u00f3 la hora\u00bb"},"content":{"rendered":"<p class=\"title page-title\" style=\"text-align: center\"><em><span style=\"font-size: 24px;color: #008080\">\u2018Lleg\u00f3 la hora\/Cheg\u00f3u el hora\u2019,<br \/>\nel cantar de la sonrisa<br \/>\nfrente a los discursos del odiu..<\/span><\/em><\/p>\n<div class=\"region region-content\">\n<div id=\"block-system-main\" class=\"block block-system\">\n<div class=\"block-inner\">\n<div class=\"content\">\n<div id=\"node-52434\" class=\"node node-noticies node-promoted clearfix\">\n<div class=\"node-inner\">\n<div class=\"full-node\">\n<div class=\"field field-name-field-noticies-rellacionaes field-type-node-reference field-label-hidden\" style=\"text-align: center\">\n<!-- iframe plugin v.6.0 wordpress.org\/plugins\/iframe\/ -->\n<iframe loading=\"lazy\" width=\"100%\" height=\"430\" src=\"https:\/\/www.youtube.com\/embed\/rnKiMOHpoZY\" title=\"Lleg\u00f3 la hora \/ Cheg\u00f3u el hora\" frameborder=\"0\" allow=\"accelerometer; autoplay; clipboard-write; encrypted-media; gyroscope; picture-in-picture; web-share\" referrerpolicy=\"strict-origin-when-cross-origin\" 0=\"allowfullscreen\" 1=\"\/iframe\" scrolling=\"yes\" class=\"iframe-class\"><\/iframe>\n<\/div>\n<div class=\"separador_seccion\"><\/div>\n<ul>\n<li class=\"submitted\">13 Ochobre, 2021 \/ <a href=\"https:\/\/asturies.com\/noticies\/llego-la-horachegou-el-hora-el-cantar-de-la-sonrisa-frente-a-los-discursos-del-odiu\">Asturies.com<\/a> \/por <a class=\"username\" title=\"Ver perfil de usuario.\" xml:lang=\"\" href=\"https:\/\/asturies.com\/user\/632\">Pablo R. Guardado<\/a><\/li>\n<\/ul>\n<div class=\"content clearfix\">\n<div class=\"field field-name-field-semeya2 field-type-image field-label-hidden\">\n<div class=\"field-items\">\n<div class=\"field-item even\">M\u00fasicos pola Oficialid\u00e1 comp\u00f3n esti tema, acompa\u00f1\u00e1u de videoclip.<\/div>\n<\/div>\n<\/div>\n<div class=\"field field-name-body field-type-text-with-summary field-label-hidden\">\n<div class=\"field-items\">\n<div class=\"field-item even\">\n<p>Xune Elipe present\u00f3 nel Conseyu de la Moced\u00e1 del Princip\u00e1u d&#8217;Asturies \u2018Lleg\u00f3 la hora\/Cheg\u00f3u el hora\u2019 nel actu de la <a href=\"http:\/\/www.exunta.org\/\">Xunta pola Defensa de la Llingua Asturiana (XDLA)<\/a> pa dar anuncia de los detalles de la hist\u00f3rica cita pola oficialid\u00e1 del asturianu y del gallego-asturiano.<\/p>\n<p><!--more--><\/p>\n<p><em> \u201cM\u00fasicos pola Oficialid\u00e1 tamos venceyaos dende\u2019l principio a la Xunta pola Defensa de la Llingua Asturiana y la meyor manera de contribuyir ye faciendo lo que meyor sabemos, que ye un cantar\u201d<\/em>, espres\u00f3\u2019l cantante de Dixebra.<\/p>\n<p>El periodista y escritor Francisco \u2018Paco\u2019 \u00c1lvarez ye l\u2019autor de la lletra, nes dos lling\u00fces propies d\u2019Asturies. \u201cEncant\u00f3nos dende un primer momentu. Busc\u00e1bamos esi puntu d\u2019emotivid\u00e1 y de fuercia qu\u2019\u00e9l entendi\u00f3 mui bien, y sincretiza tolo que quer\u00edemos espresar. Encax\u00f3 perfectamente na idea que ten\u00edemos y na m\u00fasica que desarroll\u00e1bamos\u201d, confes\u00f3 Elipe.<\/p>\n<p>Sobre la composici\u00f3n, apunt\u00f3 que \u201cesta ocasi\u00f3n la diferencia ye que nos anteriores cantares de M\u00fasicos pola Oficialid\u00e1 ten\u00eda munchu pesu tola parte de programaci\u00f3n, de m\u00fasica lletr\u00f3nica, samplers, muestres de son\u00edu\u2026 Trabay\u00e1base munchu n\u2019estudiu. Agora inspir\u00f3nos el logu de la campa\u00f1a pola oficialid\u00e1, que ye un coraz\u00f3n multicolor, porque lo que quiximos foi dexar un poco pa prau tola parte m\u00e1s electr\u00f3nica, y tolo qu\u2019apaez foi hacia una producci\u00f3n de tipu org\u00e1nicu; con esto quiero dicir que too ta toc\u00e1u: la bater\u00eda, el baxu les guitarres, la gaita\u2026 Hai muncha combinaci\u00f3n am\u00e1s, d\u2019instrumentos ll\u00e9tricos y ac\u00fasticos, como la pandereta, gaita, tambor a l\u2019asturiana. \u00bfPor qu\u00e9? Porque quer\u00edamos tresmitir esa sensaci\u00f3n d\u2019humanid\u00e1, de coraz\u00f3n\u2026 Esa sensaci\u00f3n de que somos de verd\u00e1, tamos equ\u00ed tocando, y am\u00e1s quer\u00edemos un cantar muncho m\u00e1s emotivu que los anteriores. Una cosa, con m\u00e1s fuercia\u201d.<\/p>\n<p>Unes carauter\u00edstiques que rescamplen nel result\u00e1u final y a lo qu\u2019ayuda a tresmitir el videoclip, con realizaci\u00f3n de Pablo A. Quiroga. \u201cFrente al anonimatu y el mensaxe del odiu, y de plataformes pantasmes, amuesa cares allegres, de muncha xente, de munchos perfiles, dando la cara. Xuntando un poco esta campa\u00f1a del coraz\u00f3n cola de \u2018Doi la cara\u2019 que tuvo tanto \u00e9situ\u201d, a\u00f1ade.<\/p>\n<p><strong>Instrumentistes y cantantes de diferentes escenes<\/strong><\/p>\n<p>Participen nel emotivu \u2018Lleg\u00f3 la hora\/Cheg\u00f3u el hora\u2019 \u201cpersones conoc\u00edes de la escena musical asturiana, que pertenecen a campos distintos como\u2019l rock, del folk, m\u00fasica tradicional, hip hop, del pop\u2026, que nos quiximos xuntar pa facer dalgo mui coleutivo. Toos al mesmu tiempu, d\u00e1ndose combinaciones mui llamatives, mui orixinales, como un voz rapiada enriba d\u2019una percusi\u00f3n tradicional sobre tambor asturianu\u201d. La llista comp\u00f3nla Maxi Comp\u00e1n (voz, guitarres y composici\u00f3n musical), Isra S\u00e1nchez (bater\u00eda), Luis Melero (baxu), Sergio D\u00edaz (baxu y guitarres), Rub\u00e9n Bada (guitarra), Javi Tejedor (gaita, acordi\u00f3n, tambor y pandereta), Lluci Palomares (voz), Pablo Mart\u00ednez (voz), Silvia Quesada (voz), Leticia Baselgas (voz y pandereta) y Shalom (voz rapiao), am\u00e1s del propiu Elipe (voz y ide\u00f3logu), con producci\u00f3n musical del tami\u00e9n t\u00e9unicu de son\u00edu Sergio D\u00edaz y versi\u00f3n en gallego-asturiano de la lletra a cargu de Xos\u00e9 Miguel Su\u00e1rez Fern\u00e1ndez \u2018Tapia\u2019.<\/p>\n<p>&nbsp;<\/p>\n<p><strong>LLETRA DE<span style=\"color: #008080\"> &#8216;LLEG\u00d3 LA HORA \/ CHEG\u00d3U EL HORA&#8217;<\/span><\/strong><\/p>\n<p><span style=\"color: #008080\">Soi nieta d&#8217;esta tierra, soi f\u00eda d&#8217;esta llingua,<\/span><br \/>\n<span style=\"color: #008080\">soi hermana del tiempu y de la dignid\u00e1.<\/span><br \/>\n<span style=\"color: #008080\">Soi palabra, soi m\u00fasica, soi verbu, soi acentu,<\/span><br \/>\n<span style=\"color: #008080\">soi pas\u00e1u y futuru, soi sua\u00f1u y llibert\u00e1.<\/span><\/p>\n<p><span style=\"color: #008080\">Soi due\u00f1a de mi mesma, nada-y debo al silenciu,<\/span><br \/>\n<span style=\"color: #008080\">al mieu, a la inorancia, al odiu, a la vergo\u00f1a,<\/span><br \/>\n<span style=\"color: #008080\">a quien nun fueron a esborrar la memoria<\/span><br \/>\n<span style=\"color: #008080\">de diez lletres que forxen el mio nome.<\/span><\/p>\n<p><span style=\"color: #008080\">\u00a1Y\u00e1, y\u00e1, y\u00e1! \u00a1Oficialid\u00e1! Lleg\u00f3&#8217;l momentu, lleg\u00f3 la hora, nun vengo sola, vengo col pueblu. \u00a1Oficialid\u00e1!<\/span><br \/>\n<span style=\"color: #008080\">Lleg\u00f3&#8217;l momentu, lleg\u00f3 la hora, y\u00e1 toi nes puertes del Parllamentu.<\/span><br \/>\n<span style=\"color: #008080\">\u00a1Oficialid\u00e1!<\/span><\/p>\n<p><span style=\"color: #008080\">Soi neta d\u2019esta terra, soi fiya d&#8217;esta llingua,<\/span><br \/>\n<span style=\"color: #008080\">soi irm\u00e1 del tempo y da dignid\u00e1.<\/span><br \/>\n<span style=\"color: #008080\">Soi palabra, soi m\u00fasica, soi verbo, soi acento,<\/span><br \/>\n<span style=\"color: #008080\">soi pasao y futuro, soi so\u00f1o y llibert\u00e1.<\/span><\/p>\n<div><\/div>\n<div><span style=\"color: #008080\">Soi tu cada d\u00eda que traten d\u2019humildate<\/span><br \/>\n<span style=\"color: #008080\">por falar esti son fechu cola alcordanza,<\/span><br \/>\n<span style=\"color: #008080\">por vivir nun idioma que medra a cada instante,<\/span><br \/>\n<span style=\"color: #008080\">por creer nuna llingua na que nun sobra naide.<\/span><\/div>\n<div><\/div>\n<div><span style=\"color: #008080\">\u00a1Xa, xa, xa, oficialid\u00e1!<\/span><\/div>\n<div><span style=\"color: #008080\">Cheg\u00f3u el momento, cheg\u00f3u el hora, nun ve\u00f1o sola, ve\u00f1o cua xente.<\/span><\/div>\n<div><\/div>\n<div><span style=\"color: #008080\">Porque nun quiero que&#8217;l mio f\u00edu tenga mieu de falar. \u00a1Oficialid\u00e1!<\/span><\/div>\n<div><\/div>\n<div><span style=\"color: #008080\">Es eu condo berras el meu nome,<\/span><br \/>\n<span style=\"color: #008080\">soi tu condo garras a pancarta.<\/span><br \/>\n<span style=\"color: #008080\">Es eu condo cres na nosa causa,<\/span><br \/>\n<span style=\"color: #008080\">soi tu condo entonas el meu nome.<\/span><\/div>\n<div><\/div>\n<div><span style=\"color: #008080\">Soi tu cada d\u00eda que tenten d&#8217;humillarte<\/span><br \/>\n<span style=\"color: #008080\">por falar este son feito col acordanza,<\/span><br \/>\n<span style=\"color: #008080\">por vivir nun idioma que medra a cada instante,<\/span><br \/>\n<span style=\"color: #008080\">por crer n\u00faa llingua na que nun sobra naide.<\/span><span style=\"color: #008080\">\u00a1Xa, xa, xa! \u00a1Oficialid\u00e1!<\/span><\/div>\n<div><span style=\"color: #008080\">Cheg\u00f3u el momento, cheg\u00f3u el hora, nun ve\u00f1o sola, ve\u00f1o cua xente.<\/span><\/div>\n<div><span style=\"color: #008080\">Cheg\u00f3u el momento, cheg\u00f3u el hora, xa tou nas portas del Parlamento.<\/span><\/div>\n<div><span style=\"color: #008080\">\u00a1Y\u00e1, y\u00e1, y\u00e1! \u00a1Oficialid\u00e1!<\/span><\/div>\n<\/div>\n<\/div>\n<\/div>\n<\/div>\n<\/div>\n<\/div>\n<\/div>\n<\/div>\n<\/div>\n<\/div>\n<\/div>\n<p>&nbsp;<\/p>\n","protected":false},"excerpt":{"rendered":"<p>\u2018Lleg\u00f3 la hora\/Cheg\u00f3u el hora\u2019, el cantar de la sonrisa frente a los discursos del odiu.. 13 Ochobre, 2021 \/ Asturies.com \/por Pablo R. Guardado M\u00fasicos pola Oficialid\u00e1 comp\u00f3n esti tema, acompa\u00f1\u00e1u de videoclip. Xune Elipe present\u00f3 nel Conseyu de la Moced\u00e1 del Princip\u00e1u d&#8217;Asturies \u2018Lleg\u00f3 la hora\/Cheg\u00f3u el hora\u2019 nel actu de la Xunta [&hellip;]<\/p>\n","protected":false},"author":117,"featured_media":0,"comment_status":"open","ping_status":"open","sticky":false,"template":"","format":"standard","meta":{"footnotes":""},"categories":[35],"tags":[],"class_list":["post-48212","post","type-post","status-publish","format-standard","hentry","category-musica"],"_links":{"self":[{"href":"https:\/\/edublog.educastur.es\/ixuxu\/wp-json\/wp\/v2\/posts\/48212","targetHints":{"allow":["GET"]}}],"collection":[{"href":"https:\/\/edublog.educastur.es\/ixuxu\/wp-json\/wp\/v2\/posts"}],"about":[{"href":"https:\/\/edublog.educastur.es\/ixuxu\/wp-json\/wp\/v2\/types\/post"}],"author":[{"embeddable":true,"href":"https:\/\/edublog.educastur.es\/ixuxu\/wp-json\/wp\/v2\/users\/117"}],"replies":[{"embeddable":true,"href":"https:\/\/edublog.educastur.es\/ixuxu\/wp-json\/wp\/v2\/comments?post=48212"}],"version-history":[{"count":5,"href":"https:\/\/edublog.educastur.es\/ixuxu\/wp-json\/wp\/v2\/posts\/48212\/revisions"}],"predecessor-version":[{"id":48219,"href":"https:\/\/edublog.educastur.es\/ixuxu\/wp-json\/wp\/v2\/posts\/48212\/revisions\/48219"}],"wp:attachment":[{"href":"https:\/\/edublog.educastur.es\/ixuxu\/wp-json\/wp\/v2\/media?parent=48212"}],"wp:term":[{"taxonomy":"category","embeddable":true,"href":"https:\/\/edublog.educastur.es\/ixuxu\/wp-json\/wp\/v2\/categories?post=48212"},{"taxonomy":"post_tag","embeddable":true,"href":"https:\/\/edublog.educastur.es\/ixuxu\/wp-json\/wp\/v2\/tags?post=48212"}],"curies":[{"name":"wp","href":"https:\/\/api.w.org\/{rel}","templated":true}]}}