{"id":48261,"date":"2025-05-11T09:15:46","date_gmt":"2025-05-11T07:15:46","guid":{"rendered":"https:\/\/edublog.educastur.es\/ixuxu\/?p=48261"},"modified":"2025-05-11T11:24:53","modified_gmt":"2025-05-11T09:24:53","slug":"48261","status":"publish","type":"post","link":"https:\/\/edublog.educastur.es\/ixuxu\/2025\/05\/48261\/","title":{"rendered":"La convivencia d&#8217;osos y humanos estela a los turistes"},"content":{"rendered":"<ul>\n<li>Fonte: <a href=\"https:\/\/www.lne.es\/cangas-del-narcea\/2025\/05\/10\/convivencia-osos-humanos-fascina-turistas-117229499.html?utm_medium=Social&amp;utm_campaign=Echobox&amp;utm_source=Facebook&amp;fbclid=IwY2xjawKMl7xleHRuA2FlbQIxMABicmlkETFlTnVIaWZKbzdRR28xRnFVAR6L9P_74ZFZfkv8fbFFRDiPJw0oQ1juFWqbC-3Xa5qHgkomOFbvlqbhBQ_gmA_aem_7qlI4uvfmBwIrbfi15zSEg#Echobox=1746872293\">LNE <\/a>\/<\/li>\n<\/ul>\n<p>La convivencia d&#8217;osos y humanos estela a los turistes:<em><span style=\"color: #008080\"> \u00abLo que pasa equ\u00ed ye un exemplu para munchos llugares\u00bb<\/span><\/em>. El naturalista Renu Sommerhalder ve Asturies como <em><span style=\"color: #008080\">\u00abun espeyu nel que miranos\u00bb.<\/span><\/em><\/p>\n<p>&nbsp;<\/p>\n<p style=\"text-align: center\"><a href=\"https:\/\/estaticos-cdn.prensaiberica.es\/clip\/20bdcdb9-4f25-4f28-9aff-5deb9df72d4e_16-9-aspect-ratio_default_0.webp\"><img loading=\"lazy\" decoding=\"async\" class=\"aligncenter size-large\" src=\"https:\/\/estaticos-cdn.prensaiberica.es\/clip\/20bdcdb9-4f25-4f28-9aff-5deb9df72d4e_16-9-aspect-ratio_default_0.webp\" width=\"880\" height=\"495\" \/><\/a><\/p>\n<p><span style=\"color: #008080\"><em>\u00abSi fuera un osu querdr\u00eda vivir equ\u00ed\u00bb<\/em><\/span>. Asina de claro tener l&#8217;especialista n&#8217;osos, gu\u00eda d&#8217;observaci\u00f3n, am\u00e1s de cineasta, escritor y ecoloxista,<strong> Renu Sommerhalder<\/strong>, suizu de nacencia, pero afinc\u00e1u en Canad\u00e1, nel parque natural de Banff, nel Montes Predresos, dende va cuarenta a\u00f1os. Un home que mientres les postreres tr\u00e9s selmanes tuvo percorriendo los montes del Suroccidente para reparar al osu pardu y amosalo a distintos grupos de turistes llegaos del so pa\u00eds natal y de la vecina Alema\u00f1a. Un percorr\u00edu que pudieron realizar col sofitu del gu\u00eda de ecoturismo local Chema D\u00edaz.<\/p>\n<p><!--more--><\/p>\n<p><span style=\"color: #008080\"><em>\u00abLo que nos atrai d&#8217;equ\u00ed ye la naturaleza, tantu la vexetaci\u00f3n como la fauna, que ye bien distinta, am\u00e1s de la cultura de la zona. Para mi ye un privilexu poder viaxar equ\u00ed y ver lo que la xente piensa del osu y c\u00f3mo foi la relaci\u00f3n con \u00e9l, vimos el cort\u00edn (un tipu de construcci\u00f3n) para protexer los tru\u00e9banos y ye daqu\u00e9 estelante, un llugar que nun tien carreteres para llegar\u00bb<\/em><\/span>, resume&#8217;l naturalista, qu&#8217;esclaria qu&#8217;a la fin el curiosu de viaxar a Cangas ye&#8217;l conxuntu de lo qu&#8217;ufierta y non solo la mera observaci\u00f3n del osu, cuidao que asegura que&#8217;l comportamientu del plant\u00edgradu ye \u00abbien similar en tolos llugares nos qu&#8217;habita y f\u00edsicamente tami\u00e9n se paecen, anque equ\u00ed son un pocu m\u00e1s pequenos\u00bb.<\/p>\n<p style=\"text-align: center\"><a href=\"https:\/\/estaticos-cdn.prensaiberica.es\/clip\/49b9d4e9-47cc-449f-8aa5-c569da391e74_source-aspect-ratio_default_0.webp\"><img loading=\"lazy\" decoding=\"async\" class=\"aligncenter size-large\" src=\"https:\/\/estaticos-cdn.prensaiberica.es\/clip\/49b9d4e9-47cc-449f-8aa5-c569da391e74_source-aspect-ratio_default_0.webp\" width=\"1600\" height=\"1200\" \/><\/a>Chema D\u00edaz y Renu Sommerhalder reparen la fastera frente a Riomol\u00edn. \/ D. \u00c1lvarez<\/p>\n<p>Sommerhalder viaxa pel mundu reparando osos. Ello ye que presume de tener unos 15.000 alcuentros con osos grizzly nos postreros 35 a\u00f1os. Sicas\u00ed, destaca una importante caracter\u00edstica que fai que la visita a Cangas tantu para \u00e9l como para los turistes que llegaron nos \u00faltimos d\u00edes fuera sorprendente: la proximid\u00e1 cola que conviven osos y humanos. \u00abVisit\u00e9 munchos sitios onde hai osos, pero nun hai xente. Lo que pasa equ\u00ed ye un exemplu para munchos llugares de c\u00f3mo ye posible remanar una poblaci\u00f3n d&#8217;osos m\u00e1s o menos abargana de los humanos ensin enforma conflictu\u00bb.<\/p>\n<p>Mientres les sos visites al Suroccidente dende va a\u00f1os, anque esta ye la primer vegada que trai grupos de turistes, pudo falar colos vecinos y ve que polo xeneral <span style=\"color: #008080\"><em>\u00abnun hai mieu al osu, ac\u00e9ptase la so presencia, m\u00e1s bien veo que ye una celebraci\u00f3n de la naturaleza\u00bb.<\/em><\/span> Precisamente, para \u00e9l lo m\u00e1s importante d&#8217;esta especie ye lo que simboliza:<span style=\"color: #008080\"><em> \u00abYe unu de los meyores indicadores de qu&#8217;un ecosistema ta n&#8217;equilibriu. Equ\u00ed qu&#8217;hai una poblaci\u00f3n en crecedera, ye una bien bona se\u00f1al, un espeyu onde miranos el restu\u00bb.<\/em><\/span><\/p>\n<p>&nbsp;<\/p>\n<p>Sicas\u00ed, quier alvertir sobro&#8217;l turismu de mases y anima a prevenilo. <span style=\"color: #008080\"><em>\u00abEqu\u00ed inda nun hai muncho turismu, pero ye xuna alternativa econ\u00f3mica a la perda de trabayu de la miner\u00eda, polo que se tien que pensar nello y llindar pa prevenir la masificaci\u00f3n\u00bb<\/em><\/span>, esplica. Pon como exemplu lo que pas\u00f3 nel parque natural nel que mora en Canad\u00e1: <span style=\"color: #008080\"><em>\u00abRecibe m\u00e1s de cuatro millones de turistes al a\u00f1u y collo perdimos munchos animales. La carretera, la medr\u00eda del tr\u00e1ficu y la presencia de muncha xente pelos caminos foi moviendo a los animales\u00bb.<\/em><\/span><\/p>\n","protected":false},"excerpt":{"rendered":"<p>Fonte: LNE \/ La convivencia d&#8217;osos y humanos estela a los turistes: \u00abLo que pasa equ\u00ed ye un exemplu para munchos llugares\u00bb. El naturalista Renu Sommerhalder ve Asturies como \u00abun espeyu nel que miranos\u00bb. &nbsp; \u00abSi fuera un osu querdr\u00eda vivir equ\u00ed\u00bb. Asina de claro tener l&#8217;especialista n&#8217;osos, gu\u00eda d&#8217;observaci\u00f3n, am\u00e1s de cineasta, escritor y [&hellip;]<\/p>\n","protected":false},"author":117,"featured_media":0,"comment_status":"open","ping_status":"open","sticky":false,"template":"","format":"standard","meta":{"footnotes":""},"categories":[1],"tags":[],"class_list":["post-48261","post","type-post","status-publish","format-standard","hentry","category-sin-categoria"],"_links":{"self":[{"href":"https:\/\/edublog.educastur.es\/ixuxu\/wp-json\/wp\/v2\/posts\/48261","targetHints":{"allow":["GET"]}}],"collection":[{"href":"https:\/\/edublog.educastur.es\/ixuxu\/wp-json\/wp\/v2\/posts"}],"about":[{"href":"https:\/\/edublog.educastur.es\/ixuxu\/wp-json\/wp\/v2\/types\/post"}],"author":[{"embeddable":true,"href":"https:\/\/edublog.educastur.es\/ixuxu\/wp-json\/wp\/v2\/users\/117"}],"replies":[{"embeddable":true,"href":"https:\/\/edublog.educastur.es\/ixuxu\/wp-json\/wp\/v2\/comments?post=48261"}],"version-history":[{"count":6,"href":"https:\/\/edublog.educastur.es\/ixuxu\/wp-json\/wp\/v2\/posts\/48261\/revisions"}],"predecessor-version":[{"id":48310,"href":"https:\/\/edublog.educastur.es\/ixuxu\/wp-json\/wp\/v2\/posts\/48261\/revisions\/48310"}],"wp:attachment":[{"href":"https:\/\/edublog.educastur.es\/ixuxu\/wp-json\/wp\/v2\/media?parent=48261"}],"wp:term":[{"taxonomy":"category","embeddable":true,"href":"https:\/\/edublog.educastur.es\/ixuxu\/wp-json\/wp\/v2\/categories?post=48261"},{"taxonomy":"post_tag","embeddable":true,"href":"https:\/\/edublog.educastur.es\/ixuxu\/wp-json\/wp\/v2\/tags?post=48261"}],"curies":[{"name":"wp","href":"https:\/\/api.w.org\/{rel}","templated":true}]}}