{"id":48292,"date":"2025-05-11T08:30:05","date_gmt":"2025-05-11T06:30:05","guid":{"rendered":"https:\/\/edublog.educastur.es\/ixuxu\/?p=48292"},"modified":"2025-05-11T10:41:53","modified_gmt":"2025-05-11T08:41:53","slug":"tiempu-nasturies-el-comercio-13","status":"publish","type":"post","link":"https:\/\/edublog.educastur.es\/ixuxu\/2025\/05\/tiempu-nasturies-el-comercio-13\/","title":{"rendered":"Tiempu n&#8217;Asturies (El Comercio)"},"content":{"rendered":"<p style=\"text-align: center\"><a href=\"https:\/\/s1.ppllstatics.com\/elcomercio\/www\/multimedia\/2025\/05\/10\/prevision-tiempo-asturias-kk1-U2301404163085IHH-1800x840@El%20Comercio.jpg\"><img loading=\"lazy\" decoding=\"async\" class=\"aligncenter size-large\" src=\"https:\/\/s1.ppllstatics.com\/elcomercio\/www\/multimedia\/2025\/05\/10\/prevision-tiempo-asturias-kk1-U2301404163085IHH-1800x840@El%20Comercio.jpg\" width=\"1800\" height=\"836\" \/><\/a><\/p>\n<ul>\n<li>Esperamos cielos nublos con menos probabilid\u00e1 de bastios a primeres hores pero, conforme meyora&#8217;l d\u00eda, dicha probabilid\u00e1 va dir claramente n&#8217;aumentu.<\/li>\n<li><strong>A partir del mediud\u00eda<\/strong> y mientres la primer parte de la tarde, prevense bastios que se van dir xeneralizando. Estos bastios van dir acompa\u00f1aos de nube y van dexar nieve a partir de los 1500 o 1600 metros anque la cota va dir xubiendo mientres la xornada.<\/li>\n<li><strong>A la fin del d\u00eda<\/strong> va unviar la inestabilid\u00e1 y van abrise grandes claros antes de concluyir el domingu. Los vientos van soplar de suroeste de primeres afit\u00e1ndose de componente oeste a lo llargo de la ma\u00f1ana. Van ser moderaos con raches localmente fuertes na mari\u00f1a y tami\u00e9n nel sector occidental.<\/li>\n<li><strong>Les temperatures m\u00e1ximes<\/strong> van caltener ensin cambeos salvu na mari\u00f1a oriental onde van xubir llixeramente y nel suroccidente onde podr\u00eden baxar un pocu respectu al s\u00e1badu.<strong> Les m\u00ednimes<\/strong> apenes van esperimentar cambeos.<\/li>\n<li><strong>El llunes<\/strong> vamos tener una ma\u00f1ana soleyera pero la inestabilid\u00e1 va volver pela tarde con posibles bastios nuevamente<\/li>\n<\/ul>\n","protected":false},"excerpt":{"rendered":"<p>Esperamos cielos nublos con menos probabilid\u00e1 de bastios a primeres hores pero, conforme meyora&#8217;l d\u00eda, dicha probabilid\u00e1 va dir claramente n&#8217;aumentu. A partir del mediud\u00eda y mientres la primer parte de la tarde, prevense bastios que se van dir xeneralizando. Estos bastios van dir acompa\u00f1aos de nube y van dexar nieve a partir de los [&hellip;]<\/p>\n","protected":false},"author":117,"featured_media":0,"comment_status":"open","ping_status":"open","sticky":false,"template":"","format":"standard","meta":{"footnotes":""},"categories":[5],"tags":[],"class_list":["post-48292","post","type-post","status-publish","format-standard","hentry","category-tiempu"],"_links":{"self":[{"href":"https:\/\/edublog.educastur.es\/ixuxu\/wp-json\/wp\/v2\/posts\/48292","targetHints":{"allow":["GET"]}}],"collection":[{"href":"https:\/\/edublog.educastur.es\/ixuxu\/wp-json\/wp\/v2\/posts"}],"about":[{"href":"https:\/\/edublog.educastur.es\/ixuxu\/wp-json\/wp\/v2\/types\/post"}],"author":[{"embeddable":true,"href":"https:\/\/edublog.educastur.es\/ixuxu\/wp-json\/wp\/v2\/users\/117"}],"replies":[{"embeddable":true,"href":"https:\/\/edublog.educastur.es\/ixuxu\/wp-json\/wp\/v2\/comments?post=48292"}],"version-history":[{"count":1,"href":"https:\/\/edublog.educastur.es\/ixuxu\/wp-json\/wp\/v2\/posts\/48292\/revisions"}],"predecessor-version":[{"id":48293,"href":"https:\/\/edublog.educastur.es\/ixuxu\/wp-json\/wp\/v2\/posts\/48292\/revisions\/48293"}],"wp:attachment":[{"href":"https:\/\/edublog.educastur.es\/ixuxu\/wp-json\/wp\/v2\/media?parent=48292"}],"wp:term":[{"taxonomy":"category","embeddable":true,"href":"https:\/\/edublog.educastur.es\/ixuxu\/wp-json\/wp\/v2\/categories?post=48292"},{"taxonomy":"post_tag","embeddable":true,"href":"https:\/\/edublog.educastur.es\/ixuxu\/wp-json\/wp\/v2\/tags?post=48292"}],"curies":[{"name":"wp","href":"https:\/\/api.w.org\/{rel}","templated":true}]}}