{"id":48294,"date":"2025-05-09T18:30:20","date_gmt":"2025-05-09T16:30:20","guid":{"rendered":"https:\/\/edublog.educastur.es\/ixuxu\/?p=48294"},"modified":"2025-05-11T21:55:42","modified_gmt":"2025-05-11T19:55:42","slug":"paz-gonzalez-mesa-premiu-marin-pola-so-recuperacion-de-llana-de-oveya-xalda","status":"publish","type":"post","link":"https:\/\/edublog.educastur.es\/ixuxu\/2025\/05\/paz-gonzalez-mesa-premiu-marin-pola-so-recuperacion-de-llana-de-oveya-xalda\/","title":{"rendered":"Paz Gonz\u00e1lez Mesa, premiu \u2018Marino\u2019 pola so recuperaci\u00f3n de llana de oveya xalda"},"content":{"rendered":"<ul>\n<li>Fonte: L<a href=\"https:\/\/lavozdeltrubia.es\/2025\/05\/09\/paz-gonzalez-mesa-premio-marino-por-su-recuperacion-de-lana-de-oveya-xalda-2\/?fbclid=IwY2xjawKNQjZleHRuA2FlbQIxMQBicmlkETFlTnVIaWZKbzdRR28xRnFVAR6EkrddujORBdpzoPdfcOVi20AwbUe_FahYhSdBJ24T7_ZoifcW_efVjieadQ_aem_Nsol_fKO-2g32uNgzAkz4w\">a Voz del Trubia<\/a> \/<a class=\"x1i10hfl xjbqb8w x1ejq31n xd10rxx x1sy0etr x17r0tee x972fbf xcfux6l x1qhh985 xm0m39n x9f619 x1ypdohk xt0psk2 xe8uvvx xdj266r x11i5rnm xat24cr x1mh8g0r xexx8yu x4uap5 x18d9i69 xkhd6sd x16tdsg8 x1hl2dhg xggy1nq x1a2a7pz xkrqix3 x1sur9pj xzsf02u x1s688f\" role=\"link\" href=\"https:\/\/www.facebook.com\/pazmesa.art?__cft__[0]=AZXn7sY8-Lq19KXDIlmsnBYR0ketAmrit8SCUV_c4b69xCVrzDMjh90Csj6LcHwSV_UC_DqEaLAWQqIK_bEVwaN10gQnsjVk4sfsdlU4rlWOX8HNTxQGTXlAjwLnou1cQqdpNAT9HTN9TJGV6elI2w5aWLIR-XGw9cyB64o0MCUufg&amp;__tn__=-UC%2CP-R\"><strong class=\"html-strong xdj266r x11i5rnm xat24cr x1mh8g0r xexx8yu x4uap5 x18d9i69 xkhd6sd x1hl2dhg x16tdsg8 x1vvkbs x1s688f\"><span class=\"html-span xdj266r x11i5rnm xat24cr x1mh8g0r xexx8yu x4uap5 x18d9i69 xkhd6sd x1hl2dhg x16tdsg8 x1vvkbs\">Paz Mesa<\/span><\/strong><\/a><\/li>\n<li>Oveya Xalda. <a href=\"https:\/\/es.wikipedia.org\/wiki\/Oveja_xalda\">wiki<\/a> \/<a title=\"ACOXA\" href=\"http:\/\/www.xalda.com\/\" target=\"_blank\" rel=\"noopener\">\u00abAsociaci\u00f3n de Criadores d\u2019Oveya Xalda\u00bb (ACOXA)<\/a>.\/<a href=\"https:\/\/dlana.es\/2014\/02\/16\/oveja-xalda-lana-asturias-dlana\/\"> Dlana<\/a> \/<\/li>\n<\/ul>\n<p style=\"text-align: center\"><a href=\"https:\/\/lavozdeltrubia.es\/wp-content\/uploads\/2025\/05\/Captura-de-pantalla-2025-05-09-a-las-11.26.29-1320x1054.png\"><img loading=\"lazy\" decoding=\"async\" class=\"aligncenter size-large\" src=\"https:\/\/lavozdeltrubia.es\/wp-content\/uploads\/2025\/05\/Captura-de-pantalla-2025-05-09-a-las-11.26.29-1320x1054.png\" width=\"1320\" height=\"1054\" \/><\/a><\/p>\n<article id=\"post-122672\" class=\"cmsmasters_open_post post-122672 post type-post status-publish format-standard has-post-thumbnail hentry category-noticias category-las-regueras tag-paz-mesa tag-premio-marino-gutierrez-suarez\">\n<header class=\"cmsmasters_post_header entry-header\"><\/header>\n<div class=\"cmsmasters_post_content_wrap\">\n<div class=\"cmsmasters_post_content_inner\">\n<div class=\"cmsmasters_post_content entry-content\">\n<p>Paz Gonz\u00e1lez Mesa, premiu \u2018Marino\u2019 pola so <strong>recuperaci\u00f3n de llana de oveya xalda<\/strong>. La reguerana recueye esta tarde&#8217;l galard\u00f3n Verdes Valles Asturianos\u2019 nel nuevu teatru de La Felguera, pol so apueste pola innovaci\u00f3n dende&#8217;l mundu rural, partiendo de la tradici\u00f3n.<\/p>\n<p><!--more--><\/p>\n<ul>\n<li>L&#8217;artesana reguerana Paz Gonz\u00e1lez Mesa, que dende la so caser\u00eda de Puerma <strong>lidera un proyectu de recuperaci\u00f3n de llana de oveya xalda<\/strong>, recibe esta tarde nel Nuevu Teatru de La Felguera el premiu Verdes Valles Asturianos\u2019 qu&#8217;otorga la Fundaci\u00f3n Mar\u00edn Guti\u00e9rrez Su\u00e1rez.<\/li>\n<li>El galard\u00f3n conceder pol trabayu d&#8217;innovaci\u00f3n dende la tradici\u00f3n que desenvuelve Gonz\u00e1lez Mesa dende&#8217;l medio rural asturianu.<\/li>\n<li>Para l&#8217;artesana de Puerma, el premiu supon \u00abun momentu bien especial\u00bb, y\u00e1 que ye una reconocencia \u00aba un proyectu que naz del amor pela tierra, la tradici\u00f3n y l&#8217;innovaci\u00f3n nel medio rural.<\/li>\n<li><strong>Trabayar cola llana d&#8217;oveya xalda<\/strong>, nun represent\u00f3 un pasu tras, sin\u00f3n un saltu escontra lo esencial: texer con ella futuru, identid\u00e1 y sostenibilid\u00e1. Gracies a quien acompa\u00f1aron esti cam\u00edn, a quien creen que&#8217;l mundu rural tien enforma que dicir nel sieglu XXI. Esti premiu ye tami\u00e9n un impulsu para siguir creando, ense\u00f1ando y sua\u00f1ando dende lo pequeno y lo artesanal\u00bb.<\/li>\n<li><a href=\"https:\/\/lavozdeltrubia.es\/tag\/paz-mesa\/\" rel=\"tag\">Paz Mesa<\/a>,\u00a0<a href=\"https:\/\/lavozdeltrubia.es\/tag\/premio-marino-gutierrez-suarez\/\" rel=\"tag\">Premio Marino Guti\u00e9rrez Su\u00e1rez<\/a><\/li>\n<\/ul>\n<\/div>\n<\/div>\n<\/div>\n<\/article>\n<p style=\"text-align: center\"><a href=\"https:\/\/upload.wikimedia.org\/wikipedia\/commons\/thumb\/3\/3e\/Ovejas_Xaldas_y_sus_crias.JPG\/1280px-Ovejas_Xaldas_y_sus_crias.JPG\"><img loading=\"lazy\" decoding=\"async\" class=\"aligncenter size-large\" src=\"https:\/\/upload.wikimedia.org\/wikipedia\/commons\/thumb\/3\/3e\/Ovejas_Xaldas_y_sus_crias.JPG\/1280px-Ovejas_Xaldas_y_sus_crias.JPG\" width=\"1280\" height=\"960\" \/><\/a><\/p>\n<p>La\u00a0<b>oveya xalda<\/b>\u00a0(en\u00a0<a title=\"Idioma asturleon\u00e9s\" href=\"https:\/\/es.wikipedia.org\/wiki\/Idioma_asturleon%C3%A9s\">asturleon\u00e9s<\/a>\u00a0<i>oveya xalda<\/i>\u00a0o\u00a0<i>mo\u00f1alba<\/i>) ye una raza d&#8217;<a class=\"mw-redirect\" title=\"Oveja\" href=\"https:\/\/es.wikipedia.org\/wiki\/Oveja\">oveya<\/a>\u00a0aut\u00f3ctona del\u00a0<a class=\"mw-redirect\" title=\"Principado de Asturias\" href=\"https:\/\/es.wikipedia.org\/wiki\/Principado_de_Asturias\">Princip\u00e1u d&#8217;Asturies<\/a>. <sup id=\"cite_ref-1\" class=\"mw-references reference separada\"><\/sup>Pertenez al troncu del <i>Ovis aries celticus<\/i> o troncu churro.<\/p>\n<p>Ye una oveya d&#8217;orixe <a title=\"Celta\" href=\"https:\/\/es.wikipedia.org\/wiki\/Celta\">celta<\/a>, como la\u00a0<i><a title=\"Ouessant\" href=\"https:\/\/es.wikipedia.org\/wiki\/Ouessant\">Ouessant<\/a><\/i>\u00a0de la\u00a0<a title=\"Breta\u00f1a\" href=\"https:\/\/es.wikipedia.org\/wiki\/Breta%C3%B1a\">Breta\u00f1a<\/a>, la\u00a0<i><a class=\"new\" title=\"Cochddu (a\u00fan no redactado)\" href=\"https:\/\/es.wikipedia.org\/w\/index.php?title=Cochddu&amp;action=edit&amp;redlink=1\">Cochddu<\/a><\/i>\u00a0(negra galesa) del\u00a0<a class=\"mw-redirect\" title=\"Pa\u00eds de Gales\" href=\"https:\/\/es.wikipedia.org\/wiki\/Pa%C3%ADs_de_Gales\">Pa\u00eds de Gales<\/a>, la\u00a0<i>Morite<\/i>\u00a0(<a class=\"new\" title=\"Oveja de los p\u00e1ramos (a\u00fan no redactado)\" href=\"https:\/\/es.wikipedia.org\/w\/index.php?title=Oveja_de_los_p%C3%A1ramos&amp;action=edit&amp;redlink=1\">oveja de los p\u00e1ramos<\/a>) de las\u00a0<a class=\"mw-redirect\" title=\"Islas Shetland\" href=\"https:\/\/es.wikipedia.org\/wiki\/Islas_Shetland\">Islas Shetland<\/a>\u00a0en\u00a0<a title=\"Escocia\" href=\"https:\/\/es.wikipedia.org\/wiki\/Escocia\">Escocia<\/a>\u00a0y la\u00a0<i><a class=\"new\" title=\"Skudde (a\u00fan no redactado)\" href=\"https:\/\/es.wikipedia.org\/w\/index.php?title=Skudde&amp;action=edit&amp;redlink=1\">Skudde<\/a><\/i>, la\u00a0<i><a class=\"new\" title=\"Weibe Geh\u00f6rnte Heidschnucke (a\u00fan no redactado)\" href=\"https:\/\/es.wikipedia.org\/w\/index.php?title=Weibe_Geh%C3%B6rnte_Heidschnucke&amp;action=edit&amp;redlink=1\">Weibe Geh\u00f6rnte Heidschnucke<\/a><\/i>\u00a0y la\u00a0<i><a class=\"mw-redirect\" title=\"Moorschnucke\" href=\"https:\/\/es.wikipedia.org\/wiki\/Moorschnucke\">Moorschnucke<\/a><\/i>\u00a0de\u00a0<a title=\"Alemania\" href=\"https:\/\/es.wikipedia.org\/wiki\/Alemania\">Alemania<\/a>.<\/p>\n<p dir=\"ltr\">Esta raza lleg\u00f3 a tar en cantu de la estinci\u00f3n nel sieglu XX deb\u00edu, ente otros factores, al abandonu del mundu rural, a la introducci\u00f3n d&#8217;otres races que supuestamente daben un mayor rendimientu econ\u00f3micu y al usu forestal de los antiguos pacionales de los montes comunales.<\/p>\n<p dir=\"ltr\">Para evitar la so desaparici\u00f3n y fomentar el so uso ente ganaderos cre\u00f3se en 1992 la <a title=\"ACOXA\" href=\"http:\/\/www.xalda.com\/\" target=\"_blank\" rel=\"noopener\">\u00abAsociaci\u00f3n de Criadores d\u2019Oveya Xalda\u00bb (ACOXA)<\/a>.<\/p>\n<div class=\"mw-heading mw-heading2\">\n<h2 id=\"Historia\" style=\"text-align: center\">\n<!-- iframe plugin v.6.0 wordpress.org\/plugins\/iframe\/ -->\n<iframe loading=\"lazy\" src=\"https:\/\/www.facebook.com\/plugins\/post.php?href=https%3A%2F%2Fwww.facebook.com%2Fphoto.php%3Ffbid%3D122136681458071923%26set%3Da.122098688978071923%26type%3D3&#038;show_text=false&#038;width=500\" width=\"500\" height=\"786\" style=\"border:none;overflow:hidden\" scrolling=\"no\" frameborder=\"0\" allowfullscreen=\"true\" allow=\"autoplay; clipboard-write; encrypted-media; picture-in-picture; web-share\" 0=\"\/iframe\" class=\"iframe-class\"><\/iframe>\n<\/h2>\n<div class=\"html-div xdj266r x11i5rnm xat24cr x1mh8g0r xexx8yu x4uap5 x18d9i69 xkhd6sd\">\n<div class=\"html-div xdj266r x11i5rnm x1mh8g0r x18d9i69 x1cy8zhl x78zum5 x1q0g3np xod5an3 xz9dl7a x1ye3gou xn6708d\">\n<div class=\"html-div xdj266r x11i5rnm xat24cr x1mh8g0r xexx8yu x4uap5 x18d9i69 xkhd6sd x1iyjqo2 xeuugli\">\n<div class=\"x78zum5 xdt5ytf xz62fqu x16ldp7u\">\n<div class=\"xu06os2 x1ok221b\">\n<div class=\"html-div xdj266r x11i5rnm xat24cr x1mh8g0r xexx8yu x4uap5 x18d9i69 xkhd6sd\" data-ad-rendering-role=\"profile_name\">\n<h3 id=\"\u00abRlaimqaqdfiqapapd5aq\u00bb\" class=\"html-h3 x11i5rnm xat24cr x1mh8g0r xexx8yu x4uap5 x18d9i69 xkhd6sd x1vvkbs x1heor9g x1qlqyl8 x1pd3egz x1a2a7pz x1gslohp x1yc453h\"><span class=\"xt0psk2\"><a class=\"x1i10hfl xjbqb8w x1ejq31n xd10rxx x1sy0etr x17r0tee x972fbf xcfux6l x1qhh985 xm0m39n x9f619 x1ypdohk xt0psk2 xe8uvvx xdj266r x11i5rnm xat24cr x1mh8g0r xexx8yu x4uap5 x18d9i69 xkhd6sd x16tdsg8 x1hl2dhg xggy1nq x1a2a7pz xkrqix3 x1sur9pj xzsf02u x1s688f\" role=\"link\" href=\"https:\/\/www.facebook.com\/pazmesa.art?__cft__[0]=AZXn7sY8-Lq19KXDIlmsnBYR0ketAmrit8SCUV_c4b69xCVrzDMjh90Csj6LcHwSV_UC_DqEaLAWQqIK_bEVwaN10gQnsjVk4sfsdlU4rlWOX8HNTxQGTXlAjwLnou1cQqdpNAT9HTN9TJGV6elI2w5aWLIR-XGw9cyB64o0MCUufg&amp;__tn__=-UC%2CP-R\"><strong class=\"html-strong xdj266r x11i5rnm xat24cr x1mh8g0r xexx8yu x4uap5 x18d9i69 xkhd6sd x1hl2dhg x16tdsg8 x1vvkbs x1s688f\"><span class=\"html-span xdj266r x11i5rnm xat24cr x1mh8g0r xexx8yu x4uap5 x18d9i69 xkhd6sd x1hl2dhg x16tdsg8 x1vvkbs\">Paz Mesa<\/span><\/strong><\/a><\/span><\/h3>\n<\/div>\n<\/div>\n<div class=\"xu06os2 x1ok221b\">\n<ul>\n<li id=\"\u00abRlaimqaqdfiqapapd5aqH1\u00bb\" class=\"html-div xdj266r x11i5rnm xat24cr x1mh8g0r xexx8yu x4uap5 x18d9i69 xkhd6sd x1q0g3np\"><span class=\"html-span xexx8yu x4uap5 x18d9i69 xkhd6sd x1hl2dhg x16tdsg8 x1vvkbs x3nfvp2 x1j61x8r x1fcty0u xdj266r xat24cr xgzva0m xhhsvwb xxymvpz xlup9mm x1kky2od\"><img loading=\"lazy\" decoding=\"async\" class=\"xz74otr x168nmei x13lgxp2 x5pf9jr xo71vjh\" src=\"https:\/\/static.xx.fbcdn.net\/images\/emoji.php\/v9\/tf4\/1\/16\/2728.png\" alt=\"\u2728\" width=\"16\" height=\"16\" \/><\/span><span class=\"html-span xexx8yu x4uap5 x18d9i69 xkhd6sd x1hl2dhg x16tdsg8 x1vvkbs x3nfvp2 x1j61x8r x1fcty0u xdj266r xat24cr xgzva0m xhhsvwb xxymvpz xlup9mm x1kky2od\"><img loading=\"lazy\" decoding=\"async\" class=\"xz74otr x168nmei x13lgxp2 x5pf9jr xo71vjh\" src=\"https:\/\/static.xx.fbcdn.net\/images\/emoji.php\/v9\/tbe\/1\/16\/1f3c6.png\" alt=\"\ud83c\udfc6\" width=\"16\" height=\"16\" \/><\/span> El pas\u00e1u vienres recib\u00ed con una emoci\u00f3n pergrande&#8217;l <strong>Premiu Verdes Valles Asturianos qu&#8217;otorga la Fundaci\u00f3n Marino Guti\u00e9rrez Su\u00e1rez<\/strong>, una reconocencia que m&#8217;honra fonderamente y que quiero compartir con toles persones que, como yo, creen nel potencial de l&#8217;artesan\u00eda como motor de camb\u00e9u y preservaci\u00f3n cultural. Una manera de crear qu&#8217;incorpora la hestoria, la identid\u00e1 y la sensibilid\u00e1 del nuesu territoriu.<\/li>\n<li class=\"html-div xdj266r x11i5rnm xat24cr x1mh8g0r xexx8yu x4uap5 x18d9i69 xkhd6sd x1q0g3np\"><img loading=\"lazy\" decoding=\"async\" class=\"xz74otr x168nmei x13lgxp2 x5pf9jr xo71vjh\" src=\"https:\/\/static.xx.fbcdn.net\/images\/emoji.php\/v9\/t6c\/1\/16\/1f411.png\" alt=\"\ud83d\udc11\" width=\"16\" height=\"16\" \/><strong> Esti premiu nun ye solo m\u00edu: ye tami\u00e9n de la oveya xalda, la nuesa raza aut\u00f3cton<\/strong>a, humilde y resistente, que tex\u00f3 la nuesa hestoria mientres m\u00e1s de 3000 a\u00f1os. La so llana, ignorada nos caberos a\u00f1os, g\u00fcei vuelve tener valor como s\u00edmbolu d&#8217;un patrimoniu que nun queremos perder.<\/li>\n<li class=\"html-div xdj266r x11i5rnm xat24cr x1mh8g0r xexx8yu x4uap5 x18d9i69 xkhd6sd x1q0g3np\"><img loading=\"lazy\" decoding=\"async\" class=\"xz74otr x168nmei x13lgxp2 x5pf9jr xo71vjh\" src=\"https:\/\/static.xx.fbcdn.net\/images\/emoji.php\/v9\/t94\/1\/16\/1f49a.png\" alt=\"\ud83d\udc9a\" width=\"16\" height=\"16\" \/> <strong>L&#8217;artesan\u00eda precisa sofitu, s\u00ed, pero sobremanera precisa ser vista, valorada y entendida.<\/strong> Esti premiu ye una lluz que se proyecta non solo sobre mi, sin\u00f3n sobre tantes persones que, coles sos manos y el so coraz\u00f3n, caltienen oficios que formen parte de la nuesa cultura y que constit\u00fain un patrimoniu hist\u00f3ricu de toos.<\/li>\n<li class=\"html-div xdj266r x11i5rnm xat24cr x1mh8g0r xexx8yu x4uap5 x18d9i69 xkhd6sd x1q0g3np\"><img loading=\"lazy\" decoding=\"async\" class=\"xz74otr x168nmei x13lgxp2 x5pf9jr xo71vjh\" src=\"https:\/\/static.xx.fbcdn.net\/images\/emoji.php\/v9\/t80\/1\/16\/1f64f.png\" alt=\"\ud83d\ude4f\" width=\"16\" height=\"16\" \/> Gracies, de coraz\u00f3n, por creyer en tou esto y por contribuyir a que l&#8217;artesan\u00eda siga viva y con futuru n&#8217;Asturies.<\/li>\n<\/ul>\n<\/div>\n<\/div>\n<\/div>\n<\/div>\n<\/div>\n<\/div>\n","protected":false},"excerpt":{"rendered":"<p>Fonte: La Voz del Trubia \/Paz Mesa Oveya Xalda. wiki \/\u00abAsociaci\u00f3n de Criadores d\u2019Oveya Xalda\u00bb (ACOXA).\/ Dlana \/ Paz Gonz\u00e1lez Mesa, premiu \u2018Marino\u2019 pola so recuperaci\u00f3n de llana de oveya xalda. La reguerana recueye esta tarde&#8217;l galard\u00f3n Verdes Valles Asturianos\u2019 nel nuevu teatru de La Felguera, pol so apueste pola innovaci\u00f3n dende&#8217;l mundu rural, partiendo [&hellip;]<\/p>\n","protected":false},"author":117,"featured_media":0,"comment_status":"open","ping_status":"open","sticky":false,"template":"","format":"standard","meta":{"footnotes":""},"categories":[121,58,302],"tags":[],"class_list":["post-48294","post","type-post","status-publish","format-standard","hentry","category-muyeres","category-premios","category-races-autoctones"],"_links":{"self":[{"href":"https:\/\/edublog.educastur.es\/ixuxu\/wp-json\/wp\/v2\/posts\/48294","targetHints":{"allow":["GET"]}}],"collection":[{"href":"https:\/\/edublog.educastur.es\/ixuxu\/wp-json\/wp\/v2\/posts"}],"about":[{"href":"https:\/\/edublog.educastur.es\/ixuxu\/wp-json\/wp\/v2\/types\/post"}],"author":[{"embeddable":true,"href":"https:\/\/edublog.educastur.es\/ixuxu\/wp-json\/wp\/v2\/users\/117"}],"replies":[{"embeddable":true,"href":"https:\/\/edublog.educastur.es\/ixuxu\/wp-json\/wp\/v2\/comments?post=48294"}],"version-history":[{"count":6,"href":"https:\/\/edublog.educastur.es\/ixuxu\/wp-json\/wp\/v2\/posts\/48294\/revisions"}],"predecessor-version":[{"id":48428,"href":"https:\/\/edublog.educastur.es\/ixuxu\/wp-json\/wp\/v2\/posts\/48294\/revisions\/48428"}],"wp:attachment":[{"href":"https:\/\/edublog.educastur.es\/ixuxu\/wp-json\/wp\/v2\/media?parent=48294"}],"wp:term":[{"taxonomy":"category","embeddable":true,"href":"https:\/\/edublog.educastur.es\/ixuxu\/wp-json\/wp\/v2\/categories?post=48294"},{"taxonomy":"post_tag","embeddable":true,"href":"https:\/\/edublog.educastur.es\/ixuxu\/wp-json\/wp\/v2\/tags?post=48294"}],"curies":[{"name":"wp","href":"https:\/\/api.w.org\/{rel}","templated":true}]}}