{"id":48304,"date":"2025-05-11T10:59:50","date_gmt":"2025-05-11T08:59:50","guid":{"rendered":"https:\/\/edublog.educastur.es\/ixuxu\/?p=48304"},"modified":"2025-05-11T14:41:18","modified_gmt":"2025-05-11T12:41:18","slug":"48304","status":"publish","type":"post","link":"https:\/\/edublog.educastur.es\/ixuxu\/2025\/05\/48304\/","title":{"rendered":""},"content":{"rendered":"<p style=\"text-align: center\"><span style=\"color: #800080\"><em><span style=\"font-size: 24px\">\u00abNel futuru va haber, posiblemente,<\/span><\/em><\/span><br \/>\n<span style=\"color: #800080\"><em><span style=\"font-size: 24px\"> <strong>un oficiu que se va llamar oyente&#8230; <\/strong><\/span><\/em><\/span><\/p>\n<p style=\"text-align: center\"><span style=\"color: #800080\"><em><span style=\"font-size: 24px\">Vamos allegar al oyente porque, <\/span><\/em><\/span><br \/>\n<span style=\"color: #800080\"><em><span style=\"font-size: 24px\">a parte d&#8217;\u00e9l, apenes va quedar naide m\u00e1s <\/span><\/em><\/span><br \/>\n<span style=\"color: #800080\"><em><span style=\"font-size: 24px\">que nos escuche. <\/span><\/em><\/span><br \/>\n<strong><span style=\"color: #800080\"><em><span style=\"font-size: 24px\">G\u00fcei perdemos cada vez m\u00e1s<br \/>\nla capacid\u00e1 d&#8217;escuchar&#8230; <\/span><\/em><\/span><\/strong><br \/>\n<span style=\"color: #800080\"><em><span style=\"font-size: 24px\">Escuchar ye un emprestar, un dar, un don. <\/span><\/em><\/span><br \/>\n<span style=\"color: #800080\"><em><span style=\"font-size: 24px\">Ye lo \u00fanico que ayuda al otru a falar.\u00bb <\/span><\/em><\/span><\/p>\n<p style=\"text-align: center\">(\u00abLa espulsi\u00f3n de lo distinto\u00bb) <strong>Byung-Chul Han<br \/>\n<\/strong><span style=\"text-decoration: underline\"><span style=\"font-size: 14px\">Princesa d&#8217;Asturies de Comunicaci\u00f3n y Humanidaes 2025.<\/span><\/span><\/p>\n","protected":false},"excerpt":{"rendered":"<p>\u00abNel futuru va haber, posiblemente, un oficiu que se va llamar oyente&#8230; Vamos allegar al oyente porque, a parte d&#8217;\u00e9l, apenes va quedar naide m\u00e1s que nos escuche. G\u00fcei perdemos cada vez m\u00e1s la capacid\u00e1 d&#8217;escuchar&#8230; Escuchar ye un emprestar, un dar, un don. Ye lo \u00fanico que ayuda al otru a falar.\u00bb (\u00abLa espulsi\u00f3n [&hellip;]<\/p>\n","protected":false},"author":117,"featured_media":0,"comment_status":"open","ping_status":"open","sticky":false,"template":"","format":"quote","meta":{"footnotes":""},"categories":[1],"tags":[],"class_list":["post-48304","post","type-post","status-publish","format-quote","hentry","category-sin-categoria","post_format-post-format-quote"],"_links":{"self":[{"href":"https:\/\/edublog.educastur.es\/ixuxu\/wp-json\/wp\/v2\/posts\/48304","targetHints":{"allow":["GET"]}}],"collection":[{"href":"https:\/\/edublog.educastur.es\/ixuxu\/wp-json\/wp\/v2\/posts"}],"about":[{"href":"https:\/\/edublog.educastur.es\/ixuxu\/wp-json\/wp\/v2\/types\/post"}],"author":[{"embeddable":true,"href":"https:\/\/edublog.educastur.es\/ixuxu\/wp-json\/wp\/v2\/users\/117"}],"replies":[{"embeddable":true,"href":"https:\/\/edublog.educastur.es\/ixuxu\/wp-json\/wp\/v2\/comments?post=48304"}],"version-history":[{"count":2,"href":"https:\/\/edublog.educastur.es\/ixuxu\/wp-json\/wp\/v2\/posts\/48304\/revisions"}],"predecessor-version":[{"id":48369,"href":"https:\/\/edublog.educastur.es\/ixuxu\/wp-json\/wp\/v2\/posts\/48304\/revisions\/48369"}],"wp:attachment":[{"href":"https:\/\/edublog.educastur.es\/ixuxu\/wp-json\/wp\/v2\/media?parent=48304"}],"wp:term":[{"taxonomy":"category","embeddable":true,"href":"https:\/\/edublog.educastur.es\/ixuxu\/wp-json\/wp\/v2\/categories?post=48304"},{"taxonomy":"post_tag","embeddable":true,"href":"https:\/\/edublog.educastur.es\/ixuxu\/wp-json\/wp\/v2\/tags?post=48304"}],"curies":[{"name":"wp","href":"https:\/\/api.w.org\/{rel}","templated":true}]}}