{"id":48309,"date":"2025-05-12T12:05:26","date_gmt":"2025-05-12T10:05:26","guid":{"rendered":"https:\/\/edublog.educastur.es\/ixuxu\/?p=48309"},"modified":"2025-05-11T11:11:59","modified_gmt":"2025-05-11T09:11:59","slug":"lascension-va-ufiertar-talleres-por-que-250-nenos-faigan-los-sos-propios-quesos","status":"publish","type":"post","link":"https:\/\/edublog.educastur.es\/ixuxu\/2025\/05\/lascension-va-ufiertar-talleres-por-que-250-nenos-faigan-los-sos-propios-quesos\/","title":{"rendered":"L&#8217;Ascensi\u00f3n va ufiertar talleres por que 250 ne\u00f1os faigan los sos propios quesos"},"content":{"rendered":"<p>L&#8217;Ascensi\u00f3n va ufiertar talleres por que 250 ne\u00f1os faigan los sos propios quesos. L&#8217;activid\u00e1, prevista nel pas\u00e9u de la Herradura, va ser la gran noved\u00e1 d&#8217;esta edici\u00f3n en El Bomb\u00e9 va acoyer diez carpes con llabores tradicionales. <a href=\"https:\/\/www.lne.es\/oviedo\/2025\/05\/08\/ascension-ofrecera-talleres-250-ninos-117149627.html?fbclid=IwY2xjawKNR5ZleHRuA2FlbQIxMQBicmlkETFlTnVIaWZKbzdRR28xRnFVAR5swu54KzGRjTUo4mpA8BnicqOpX-aIzwvmk1rX6Si10_BzRzw7B-CpnW7_0w_aem_xoGrmgkAvTq5UFO7SdGh2Q\">LNE<\/a><\/p>\n<p style=\"text-align: center\"><a href=\"https:\/\/estaticos-cdn.prensaiberica.es\/clip\/8f10f1dd-47d5-42a0-a32e-88667ace8b45_16-9-aspect-ratio_default_0.webp\"><img loading=\"lazy\" decoding=\"async\" class=\"aligncenter size-large\" src=\"https:\/\/estaticos-cdn.prensaiberica.es\/clip\/8f10f1dd-47d5-42a0-a32e-88667ace8b45_16-9-aspect-ratio_default_0.webp\" width=\"880\" height=\"495\" \/><\/a><\/p>\n<p><!--more--><\/p>\n<p>Vivir una esperiencia risondera y distinta catando a una vaca llamada \u00abCandela\u00bb o aprender a ellaborar quesu fresco y tastialo va ser posible para los m\u00e1s pequenos angua\u00f1o na feria de l&#8217;Ascensi\u00f3n.<\/p>\n<p>Un taller infantil obrador de quesu instal\u00e1u nel pas\u00e9u de la Herradura, nel Campu San Francisco, va ser la principal noved\u00e1 de <strong>la gran cita del campu asturiano na capital del Princip\u00e1u, prevista del 30 de mayu al 1 de xunu<\/strong>, na que&#8217;l pulm\u00f3n verde carbay\u00f3n y les places de la Catedral y Porlier volver\u00e1n ser los escenarios centrales de la celebraci\u00f3n.<\/p>\n<div class=\"container\"><\/div>\n<div class=\"container\">\n<div id=\"main-content\" class=\"inner-80-20-fixed\">\n<div class=\"portlet-layout row-fluid\">\n<div class=\"portlet-column portlet-column-only span12\">\n<div class=\"portlet-layout row-fluid\">\n<div id=\"column-1\" class=\"portlet-column portlet-column-first span9\">\n<div id=\"layout-column_column-1\" class=\"portlet-dropzone portlet-column-content portlet-column-content-first\">\n<div id=\"p_p_id_56_INSTANCE_iiRq0St48WjE_\" class=\"portlet-boundary portlet-boundary_56_ portlet-static portlet-static-end portlet-borderless portlet-journal-content \">\n<div class=\"portlet-borderless-container\">\n<div class=\"portlet-body \">\n<div class=\"journal-content-article\">\n<div class=\"detail tramite template\">\n<div id=\"yui_patched_v3_11_0_1_1746954498243_448\" class=\"yui3-widget tabbable\">\n<div id=\"tramites-tabs\" class=\"tab-style tabbable-content\">\n<div class=\"tab-content\">\n<div id=\"tab1\" class=\"tab-pane active\" role=\"tabpanel\" aria-labelledby=\"idTab1\">\n<p><strong>Participaci\u00f3n nel Merc\u00e1u Tradicional de la Feria de l&#8217;Ascensi\u00f3n.\u00a0<\/strong>Espacios del merc\u00e1u<\/p>\n<p><strong>Zona 1- Plaza de la Catedral<\/strong>: Quesos artesanos. 32 Casetes destinaes a productores de quesos artesanos. Cada solicitante tendr\u00e1 d&#8217;indicar la varied\u00e1 de quesos a vender na caseta teniendo de ser una ente les siguientes opciones:\u00a0Cabrales, Gamoneu, Cas\u00edn, Vidiago, Afuega\u00b4l pitu, Beyos<\/p>\n<p><strong>Zona 2.- Cai Eusebio Gonz\u00e1lez Abascal y Plaza de Porlier<\/strong>: Productos agroalimentarios. 36 Casetes destinaes a empreses productores del sector agroalimentario.\u00a0Sidra, llicores, cerveces artesanes, vinos, destilados.\/ Embut\u00edos, salazones, c\u00e1rnicos.\/ Miel, polen.\/ Yogures, reques\u00f3n, arroz con lleche, xelaos. \/ Panader\u00eda, reposter\u00eda, caf\u00e9s, ceberes, farines.\/ Mermelaes, zusmios naturales.<br \/>\nConserves. \/\u00a0 Fabes.\/ Productos frescos de la g\u00fcerta, frutos secos, sales, especies y condimentos.\/ Productos ecol\u00f3xicos.\/ Productos ensin gluten nin al\u00e9rxenos.<\/p>\n<\/div>\n<\/div>\n<\/div>\n<\/div>\n<\/div>\n<\/div>\n<\/div>\n<\/div>\n<\/div>\n<\/div>\n<\/div>\n<\/div>\n<\/div>\n<\/div>\n<\/div>\n<\/div>\n","protected":false},"excerpt":{"rendered":"<p>L&#8217;Ascensi\u00f3n va ufiertar talleres por que 250 ne\u00f1os faigan los sos propios quesos. L&#8217;activid\u00e1, prevista nel pas\u00e9u de la Herradura, va ser la gran noved\u00e1 d&#8217;esta edici\u00f3n en El Bomb\u00e9 va acoyer diez carpes con llabores tradicionales. LNE<\/p>\n","protected":false},"author":117,"featured_media":0,"comment_status":"open","ping_status":"open","sticky":false,"template":"","format":"standard","meta":{"footnotes":""},"categories":[33],"tags":[],"class_list":["post-48309","post","type-post","status-publish","format-standard","hentry","category-uvieu"],"_links":{"self":[{"href":"https:\/\/edublog.educastur.es\/ixuxu\/wp-json\/wp\/v2\/posts\/48309","targetHints":{"allow":["GET"]}}],"collection":[{"href":"https:\/\/edublog.educastur.es\/ixuxu\/wp-json\/wp\/v2\/posts"}],"about":[{"href":"https:\/\/edublog.educastur.es\/ixuxu\/wp-json\/wp\/v2\/types\/post"}],"author":[{"embeddable":true,"href":"https:\/\/edublog.educastur.es\/ixuxu\/wp-json\/wp\/v2\/users\/117"}],"replies":[{"embeddable":true,"href":"https:\/\/edublog.educastur.es\/ixuxu\/wp-json\/wp\/v2\/comments?post=48309"}],"version-history":[{"count":4,"href":"https:\/\/edublog.educastur.es\/ixuxu\/wp-json\/wp\/v2\/posts\/48309\/revisions"}],"predecessor-version":[{"id":48314,"href":"https:\/\/edublog.educastur.es\/ixuxu\/wp-json\/wp\/v2\/posts\/48309\/revisions\/48314"}],"wp:attachment":[{"href":"https:\/\/edublog.educastur.es\/ixuxu\/wp-json\/wp\/v2\/media?parent=48309"}],"wp:term":[{"taxonomy":"category","embeddable":true,"href":"https:\/\/edublog.educastur.es\/ixuxu\/wp-json\/wp\/v2\/categories?post=48309"},{"taxonomy":"post_tag","embeddable":true,"href":"https:\/\/edublog.educastur.es\/ixuxu\/wp-json\/wp\/v2\/tags?post=48309"}],"curies":[{"name":"wp","href":"https:\/\/api.w.org\/{rel}","templated":true}]}}