{"id":48326,"date":"2025-05-12T09:00:21","date_gmt":"2025-05-12T07:00:21","guid":{"rendered":"https:\/\/edublog.educastur.es\/ixuxu\/?p=48326"},"modified":"2025-05-11T11:43:22","modified_gmt":"2025-05-11T09:43:22","slug":"dia-internacional-de-la-sanida-vexetal","status":"publish","type":"post","link":"https:\/\/edublog.educastur.es\/ixuxu\/2025\/05\/dia-internacional-de-la-sanida-vexetal\/","title":{"rendered":"D\u00eda Internacional de la Sanid\u00e1 Vexetal"},"content":{"rendered":"<p style=\"text-align: center\">\n<!-- iframe plugin v.6.0 wordpress.org\/plugins\/iframe\/ -->\n<iframe loading=\"lazy\" width=\"100%\" height=\"387\" src=\"https:\/\/www.youtube.com\/embed\/06-2nuQ7RFo\" title=\"D\u00eda Internacional de la Sanidad Vegetal 2025 | 12 de mayo \ud83c\udf3f\" frameborder=\"0\" allow=\"accelerometer; autoplay; clipboard-write; encrypted-media; gyroscope; picture-in-picture; web-share\" referrerpolicy=\"strict-origin-when-cross-origin\" 0=\"allowfullscreen\" 1=\"\/iframe\" scrolling=\"yes\" class=\"iframe-class\"><\/iframe>\n<\/p>\n<p>Cada 12 de mayu cel\u00e9brase cola cuenta de visibilizar la importancia de la sanid\u00e1 vexetal y l&#8217;impactu de la protecci\u00f3n de la sal\u00fa de les plantes na erradicaci\u00f3n de la fame, amenorgamientu de la probeza, protecci\u00f3n del mediu ambiente ya impulsu del desenvolvimientu econ\u00f3micu. Constit\u00fai un elementu clave na intensificaci\u00f3n de l&#8217;agricultura sostenible.<a title=\"Enlace permanente: #PlantHealth4Life: Europa refuerza la sanidad vegetal\" href=\"https:\/\/ecomercioagrario.com\/planthealth4life-europa-refuerza-la-sanidad-vegetal\/\" rel=\"bookmark\">#PlantHealth4Life<\/a><\/p>\n<p><!--more--><\/p>\n<p style=\"text-align: center\"><a href=\"https:\/\/pbs.twimg.com\/media\/GqcS8ygW8AAzlLn?format=jpg&amp;name=900x900\"><img loading=\"lazy\" decoding=\"async\" class=\"aligncenter \" src=\"https:\/\/pbs.twimg.com\/media\/GqcS8ygW8AAzlLn?format=jpg&amp;name=900x900\" width=\"479\" height=\"479\" \/><\/a><\/p>\n<p>Cada a\u00f1u, m\u00e1s de 240 millones de contenedores circulen ente pa\u00edses, tresportando mercanc\u00edes qu&#8217;incl\u00fain productos vexetales, lo que plantega riesgos de biosegurid\u00e1. Am\u00e1s, la mayor parte de los productos contienen y viaxen n&#8217;<strong>embalaxes de madera, y eso supon xuna v\u00eda de tresmisi\u00f3n de plagues.<\/strong><\/p>\n<p style=\"text-align: center\">\n<!-- iframe plugin v.6.0 wordpress.org\/plugins\/iframe\/ -->\n<iframe loading=\"lazy\" width=\"666\" height=\"374\" src=\"https:\/\/www.youtube.com\/embed\/9-NaJX3lWcA\" title=\"D\u00eda Internacional de la Sanidad Vegetal 2023\" frameborder=\"0\" allow=\"accelerometer; autoplay; clipboard-write; encrypted-media; gyroscope; picture-in-picture; web-share\" referrerpolicy=\"strict-origin-when-cross-origin\" 0=\"allowfullscreen\" 1=\"\/iframe\" scrolling=\"yes\" class=\"iframe-class\"><\/iframe>\n<\/p>\n<p>Ye clave protexer la sanid\u00e1 vexetal al travi\u00e9s de les fronteres fomentando la collaboraci\u00f3n mundial y les normes internacionales, como les <strong>Normes Internacionales pa Mid\u00edes Fitosanitaries (NIMF)<\/strong>. L&#8217;aplicaci\u00f3n de soluciones innovadores, como la certificaci\u00f3n fitosanitaria electr\u00f3nica (ePhyto), enta\u00edna&#8217;l procesu y fai que&#8217;l comerciu s\u00eda m\u00e1s r\u00e1pidu y seguro.<\/p>\n<p>La creaci\u00f3n d&#8217;esta efem\u00e9ride aniciose por aciu Resolvimientu emit\u00edu pola <strong>Organizaci\u00f3n de les Naciones Xun\u00edes<\/strong>, aprobada nel a\u00f1u 2021. Esto cola cuenta de contribuyir al cumplimientu de los <strong>Oxetivos de Desenvolvimientu Sostenible de les Naciones Xun\u00edes pal a\u00f1u 2030<\/strong>, refer\u00edos a la eliminaci\u00f3n de la fame y la malnutrici\u00f3n, amenorgamientu de la probeza y amenaces al mediu ambiente.<\/p>\n<p style=\"text-align: center\"><a href=\"https:\/\/www.ecoavant.com\/uploads\/s1\/25\/52\/25\/el-dia-internacional-de-la-sanidad-vegetal-2023-se-celebra-el-12-de-mayo.jpeg\"><img loading=\"lazy\" decoding=\"async\" class=\"aligncenter \" src=\"https:\/\/www.ecoavant.com\/uploads\/s1\/25\/52\/25\/el-dia-internacional-de-la-sanidad-vegetal-2023-se-celebra-el-12-de-mayo.jpeg\" width=\"525\" height=\"350\" \/><\/a><\/p>\n<p><span style=\"color: #008080\"><strong>La Sanid\u00e1 Vexetal<\/strong> ye una disciplina qu&#8217;aplica un conxuntu de mid\u00edes destinaes al control y prevenci\u00f3n de plagues, maleces y otros organismos que xeneren enfermedaes nes plantes, evitando la so dispersi\u00f3n a otres \u00e1rees al travi\u00e9s de la interacci\u00f3n humana.<\/span><\/p>\n<p><span style=\"color: #008080\">Constit\u00fai un aspeutu esencial para asegurar los recursos vexetales por aciu ecosistemes estables y sostenibles, garantizando la segurid\u00e1 alimentaria de la poblaci\u00f3n mundial na producci\u00f3n d&#8217;alimentos aptos para&#8217;l consumu humanu.<\/span><\/p>\n","protected":false},"excerpt":{"rendered":"<p>Cada 12 de mayu cel\u00e9brase cola cuenta de visibilizar la importancia de la sanid\u00e1 vexetal y l&#8217;impactu de la protecci\u00f3n de la sal\u00fa de les plantes na erradicaci\u00f3n de la fame, amenorgamientu de la probeza, protecci\u00f3n del mediu ambiente ya impulsu del desenvolvimientu econ\u00f3micu. Constit\u00fai un elementu clave na intensificaci\u00f3n de l&#8217;agricultura sostenible.#PlantHealth4Life<\/p>\n","protected":false},"author":117,"featured_media":0,"comment_status":"open","ping_status":"open","sticky":false,"template":"","format":"standard","meta":{"footnotes":""},"categories":[1],"tags":[],"class_list":["post-48326","post","type-post","status-publish","format-standard","hentry","category-sin-categoria"],"_links":{"self":[{"href":"https:\/\/edublog.educastur.es\/ixuxu\/wp-json\/wp\/v2\/posts\/48326","targetHints":{"allow":["GET"]}}],"collection":[{"href":"https:\/\/edublog.educastur.es\/ixuxu\/wp-json\/wp\/v2\/posts"}],"about":[{"href":"https:\/\/edublog.educastur.es\/ixuxu\/wp-json\/wp\/v2\/types\/post"}],"author":[{"embeddable":true,"href":"https:\/\/edublog.educastur.es\/ixuxu\/wp-json\/wp\/v2\/users\/117"}],"replies":[{"embeddable":true,"href":"https:\/\/edublog.educastur.es\/ixuxu\/wp-json\/wp\/v2\/comments?post=48326"}],"version-history":[{"count":6,"href":"https:\/\/edublog.educastur.es\/ixuxu\/wp-json\/wp\/v2\/posts\/48326\/revisions"}],"predecessor-version":[{"id":48332,"href":"https:\/\/edublog.educastur.es\/ixuxu\/wp-json\/wp\/v2\/posts\/48326\/revisions\/48332"}],"wp:attachment":[{"href":"https:\/\/edublog.educastur.es\/ixuxu\/wp-json\/wp\/v2\/media?parent=48326"}],"wp:term":[{"taxonomy":"category","embeddable":true,"href":"https:\/\/edublog.educastur.es\/ixuxu\/wp-json\/wp\/v2\/categories?post=48326"},{"taxonomy":"post_tag","embeddable":true,"href":"https:\/\/edublog.educastur.es\/ixuxu\/wp-json\/wp\/v2\/tags?post=48326"}],"curies":[{"name":"wp","href":"https:\/\/api.w.org\/{rel}","templated":true}]}}