{"id":48340,"date":"2025-05-16T09:00:25","date_gmt":"2025-05-16T07:00:25","guid":{"rendered":"https:\/\/edublog.educastur.es\/ixuxu\/?p=48340"},"modified":"2025-05-11T12:05:13","modified_gmt":"2025-05-11T10:05:13","slug":"dia-internacional-de-la-lluz-2","status":"publish","type":"post","link":"https:\/\/edublog.educastur.es\/ixuxu\/2025\/05\/dia-internacional-de-la-lluz-2\/","title":{"rendered":"D\u00eda Internacional de la Lluz"},"content":{"rendered":"<p style=\"text-align: center\"><a href=\"https:\/\/connectingpeoples.eu\/wp-content\/uploads\/2020\/05\/d%C3%ADa-internacional-de-la-luz-tapa.jpg\"><img loading=\"lazy\" decoding=\"async\" class=\"aligncenter size-large\" src=\"https:\/\/connectingpeoples.eu\/wp-content\/uploads\/2020\/05\/d%C3%ADa-internacional-de-la-luz-tapa.jpg\" width=\"1800\" height=\"1075\" \/><\/a><\/p>\n<p>El D\u00eda Internacional de la Lluz, cel\u00e9brase&#8217;l 16 de mayu de cada a\u00f1u. Foi decret\u00e1u pola UNESCO coles mires de conocer la importancia de les meyores y apurras de la lluz pal desenvolvimientu en tolos campos y facetes de la vida de los seres humanos.<\/p>\n<p><!--more--><\/p>\n<p style=\"text-align: center\">\n<!-- iframe plugin v.6.0 wordpress.org\/plugins\/iframe\/ -->\n<iframe loading=\"lazy\" width=\"666\" height=\"374\" src=\"https:\/\/www.youtube.com\/embed\/wQu-db5as-k\" title=\"D\u00eda Internacional de la Luz 16 de mayo Video Oficial\" frameborder=\"0\" allow=\"accelerometer; autoplay; clipboard-write; encrypted-media; gyroscope; picture-in-picture; web-share\" referrerpolicy=\"strict-origin-when-cross-origin\" 0=\"allowfullscreen\" 1=\"\/iframe\" scrolling=\"yes\" class=\"iframe-class\"><\/iframe>\n<\/p>\n<p>&nbsp;<\/p>\n<p>La lluz fai posible avanzar en ciencia, cultura, arte, educaci\u00f3n, desenvolvimientu sostenible. El D\u00eda surde como una idea tres la celebraci\u00f3n del A\u00f1u Internacional de la Lluz y les Tecnolox\u00edes Basaes na Lluz que tuvo llugar en 2015. Mientres dichu a\u00f1u surden collaboraciones y contactos ente l\u00edderes del sector tecnol\u00f3xicu y cient\u00edficu de la lluz. Pa caltener, impulsar y aguiyar diches relaciones prop\u00f3nse la creaci\u00f3n del D\u00eda Internacional de la Lluz.<\/p>\n<p>La fecha foi promulgada mientres xuna Conferencia Xeneral de la UNESCO, onde s&#8217;estableci\u00f3 que cada 16 de mayu celebrar\u00eda&#8217;l D\u00eda Internacional de la Lluz. Esta decisi\u00f3n foi aceptada de manera un\u00e1nime y tami\u00e9n conmemora&#8217;l d\u00eda en que per primer vegada un l\u00e1ser foi puestu en funcionamientu.<\/p>\n<p style=\"text-align: center\"><a href=\"https:\/\/upload.wikimedia.org\/wikipedia\/commons\/thumb\/1\/19\/Theodore_Maiman_1960.jpg\/800px-Theodore_Maiman_1960.jpg\"><img loading=\"lazy\" decoding=\"async\" class=\"aligncenter \" src=\"https:\/\/upload.wikimedia.org\/wikipedia\/commons\/thumb\/1\/19\/Theodore_Maiman_1960.jpg\/800px-Theodore_Maiman_1960.jpg\" width=\"350\" height=\"466\" \/><\/a><\/p>\n<p>Esti importante eventu foi posible gracies a les investigaciones y trabayu del reconoc\u00edu f\u00edsicu<a href=\"https:\/\/es.wikipedia.org\/wiki\/Theodore_Harold_Maiman\"><b> Theodore Harold Maiman<\/b><\/a>, qui\u00e9n foi l&#8217;inventor d&#8217;un l\u00e1ser de rub\u00ed, que ten\u00eda la capacid\u00e1 de producir emisi\u00f3n aguiyada de radiaci\u00f3n.<\/p>\n<p style=\"text-align: center\"><a href=\"https:\/\/blogger.googleusercontent.com\/img\/b\/R29vZ2xl\/AVvXsEhXkAGBQjzBK0oAMyruLEyNleys2yANCH3KsmEPN36V_fBbsL-eY8fuqm829TX-d-ENOtKCpSaipWibhx0M3AhxkH6uCFILPwwOZQresUz3Tdp7hT7taTH52zX3ELp0eEGQvtC2DwuK7BADMf1B4iTWkQRnqjMxn7FIlMJq5Wi2mFk3UNCIxPfC0NQIjA\/w640-h640\/20230516_171423.jpg\"><img loading=\"lazy\" decoding=\"async\" class=\"aligncenter size-large\" src=\"https:\/\/blogger.googleusercontent.com\/img\/b\/R29vZ2xl\/AVvXsEhXkAGBQjzBK0oAMyruLEyNleys2yANCH3KsmEPN36V_fBbsL-eY8fuqm829TX-d-ENOtKCpSaipWibhx0M3AhxkH6uCFILPwwOZQresUz3Tdp7hT7taTH52zX3ELp0eEGQvtC2DwuK7BADMf1B4iTWkQRnqjMxn7FIlMJq5Wi2mFk3UNCIxPfC0NQIjA\/w640-h640\/20230516_171423.jpg\" width=\"640\" height=\"640\" \/><\/a><\/p>\n<p>La lluz ye un recursu b\u00e1sicu pa los seres vivos. La lluz representa xuna vital fonte d&#8217;enerx\u00eda que dexa&#8217;l desenvolvimientu de too lo que vive y mu\u00e9vese na Tierra y fora d&#8217;ella. Al travi\u00e9s d&#8217;esti importante recursu, l&#8217;home puede realizar distintes funciones como ver, alendar o reproducise y llograr toles meyores que-y dexaron la so evoluci\u00f3n.<\/p>\n<p>Como sabemos, la lluz ye un fen\u00f3menu que nos ufierta la naturaleza y que, dende tiempos antiguos, foi oxetu d&#8217;estudiu polos grandes cient\u00edficos en tol mundu. La so importancia ye tal, que tola meyora tecnol\u00f3xica que g\u00fcei disponemos y esfrutamos, foi gracies a esti maraviyosu recursu.<\/p>\n<p>La lluz tresform\u00f3se nuna verdadera necesid\u00e1 en tolos \u00e1mbitos del quefer humanu. G\u00fcei resulta un verdaderu retu que la lluz s\u00eda un bien posible pa tolos ciudadanos qu&#8217;habiten el planeta. Esi ye&#8217;l retu que se plantega les Naciones Xun\u00edes dientro de los Oxetivos del Desenvolvimientu Sostenible de l&#8217;Axenda 2030.<\/p>\n<p><strong>Principales aportaciones de la lluz.\u00a0<\/strong>Dende los rayos gamma hasta les ondes de radiu, l&#8217;espectru de la lluz br\u00edndanos conocencies importantes sobro l&#8217;orixe del universu, sobro les tecnolox\u00edes n&#8217;\u00e1mbitos tan diversos como la medicina, l&#8217;agricultura, la enerx\u00eda y pa la protecci\u00f3n del patrimoniu cultural. Am\u00e1s, la lluz tuvo una repercusi\u00f3n significativa nes artes visuales y esc\u00e9niques, la lliteratura y el pensamientu.<\/p>\n<p><span style=\"color: #008080\"><em>La lluz tuvo pal home xuna gran cantid\u00e1 de ventayes, siendo les m\u00e1s relevantes les que se detallen de sigu\u00edo:<\/em><\/span><\/p>\n<ul>\n<li><span style=\"color: #008080\"><em>La lluz foi la principal precursora de la lluz artificial.<\/em><\/span><\/li>\n<li><span style=\"color: #008080\"><em>Dex\u00f3&#8217;l desenvolvimientu cient\u00edfico y tecnol\u00f3xico.<\/em><\/span><\/li>\n<li><span style=\"color: #008080\"><em>Sirvi\u00f3 p&#8217;ameyorar la calid\u00e1 de vida de los seres humanos.<\/em><\/span><\/li>\n<li><span style=\"color: #008080\"><em>Ye una fonte d&#8217;enerx\u00eda vital pa la vida y el desenvolvimientu de toles especies qu&#8217;habiten la Tierra. Al travi\u00e9s de la lluz p\u00fadose estudiar l&#8217;orixe del universu.<\/em><\/span><\/li>\n<\/ul>\n<p>\u00bfC\u00f3mo celebrar el D\u00eda Mundial de la Lluz? Aprovecha esti d\u00eda pa empezar a curiar, valor y racionar l&#8217;usu de la lluz por que de esta forma pueda llegar a munches m\u00e1s persones. <strong>Aprovecha m\u00e1s la lluz natural en llugar de l&#8217;artificial.<\/strong> De n\u00f3s depende tener un mundu m\u00e1s humanu y sostenible.<\/p>\n<p style=\"text-align: center\"><a href=\"https:\/\/www.etipress.com.co\/images\/Dia_internacional_de_la_luz.png\"><img loading=\"lazy\" decoding=\"async\" class=\"aligncenter size-large\" src=\"https:\/\/www.etipress.com.co\/images\/Dia_internacional_de_la_luz.png\" width=\"1587\" height=\"2245\" \/><\/a><\/p>\n","protected":false},"excerpt":{"rendered":"<p>El D\u00eda Internacional de la Lluz, cel\u00e9brase&#8217;l 16 de mayu de cada a\u00f1u. Foi decret\u00e1u pola UNESCO coles mires de conocer la importancia de les meyores y apurras de la lluz pal desenvolvimientu en tolos campos y facetes de la vida de los seres humanos.<\/p>\n","protected":false},"author":117,"featured_media":0,"comment_status":"open","ping_status":"open","sticky":false,"template":"","format":"standard","meta":{"footnotes":""},"categories":[6,305],"tags":[],"class_list":["post-48340","post","type-post","status-publish","format-standard","hentry","category-dia-de","category-enerxia"],"_links":{"self":[{"href":"https:\/\/edublog.educastur.es\/ixuxu\/wp-json\/wp\/v2\/posts\/48340","targetHints":{"allow":["GET"]}}],"collection":[{"href":"https:\/\/edublog.educastur.es\/ixuxu\/wp-json\/wp\/v2\/posts"}],"about":[{"href":"https:\/\/edublog.educastur.es\/ixuxu\/wp-json\/wp\/v2\/types\/post"}],"author":[{"embeddable":true,"href":"https:\/\/edublog.educastur.es\/ixuxu\/wp-json\/wp\/v2\/users\/117"}],"replies":[{"embeddable":true,"href":"https:\/\/edublog.educastur.es\/ixuxu\/wp-json\/wp\/v2\/comments?post=48340"}],"version-history":[{"count":5,"href":"https:\/\/edublog.educastur.es\/ixuxu\/wp-json\/wp\/v2\/posts\/48340\/revisions"}],"predecessor-version":[{"id":48343,"href":"https:\/\/edublog.educastur.es\/ixuxu\/wp-json\/wp\/v2\/posts\/48340\/revisions\/48343"}],"wp:attachment":[{"href":"https:\/\/edublog.educastur.es\/ixuxu\/wp-json\/wp\/v2\/media?parent=48340"}],"wp:term":[{"taxonomy":"category","embeddable":true,"href":"https:\/\/edublog.educastur.es\/ixuxu\/wp-json\/wp\/v2\/categories?post=48340"},{"taxonomy":"post_tag","embeddable":true,"href":"https:\/\/edublog.educastur.es\/ixuxu\/wp-json\/wp\/v2\/tags?post=48340"}],"curies":[{"name":"wp","href":"https:\/\/api.w.org\/{rel}","templated":true}]}}