{"id":48370,"date":"2025-05-11T14:58:28","date_gmt":"2025-05-11T12:58:28","guid":{"rendered":"https:\/\/edublog.educastur.es\/ixuxu\/?p=48370"},"modified":"2025-05-11T15:17:15","modified_gmt":"2025-05-11T13:17:15","slug":"48370","status":"publish","type":"post","link":"https:\/\/edublog.educastur.es\/ixuxu\/2025\/05\/48370\/","title":{"rendered":"Campa\u00f1a: \u00abUna bandera pa toles ocasiones\u00bb."},"content":{"rendered":"<ul>\n<li>Fonte: <a href=\"https:\/\/actualidad.asturias.es\/-\/dia-bandera-asturias-2025?redirect=%2F\">Actualid\u00e1 Asturies<\/a> \/ <a href=\"https:\/\/youtu.be\/Fe9bsIFr8uo\">videu n&#8217;asturianu<\/a> \/ <a href=\"https:\/\/youtu.be\/59RiqId4jPQ\">videu n&#8217;eonaviego<\/a> \/<\/li>\n<\/ul>\n<p style=\"text-align: center\">\n<!-- iframe plugin v.6.0 wordpress.org\/plugins\/iframe\/ -->\n<iframe loading=\"lazy\" width=\"100%\" height=\"387\" src=\"https:\/\/www.youtube.com\/embed\/Fe9bsIFr8uo\" title=\"\ud83d\udc99\ud83d\udc9b Una bandera pa toles ocasiones \ud83d\udc99\ud83d\udc9b\" frameborder=\"0\" allow=\"accelerometer; autoplay; clipboard-write; encrypted-media; gyroscope; picture-in-picture; web-share\" referrerpolicy=\"strict-origin-when-cross-origin\" 0=\"allowfullscreen\" 1=\"\/iframe\" scrolling=\"yes\" class=\"iframe-class\"><\/iframe>\n<\/p>\n<p><span style=\"font-size: 24px\"><em><span style=\"color: #008080\">Una bandera ye una manda texida colos filos<br \/>\nd\u2019otres vides, d\u2019otra xente, d\u2019otres \u00e9poques.<br \/>\nUn heriedu que nos abre un futuru compart\u00edu.<br \/>\nUn compromisu colo que fomos y lo que vamos ser.<br \/>\nUna responsabilid\u00e1 de medrar, de sumar,<br \/>\nde creyer en nosotres y nosotros.<br \/>\nUn s\u00edmbolu de lo que somos.<br \/>\nUna bandera pa toles ocasiones.<\/span><\/em><\/span><\/p>\n<p>El Gobiernu d&#8217;Asturies llanza una campa\u00f1a para destacar y poner en valor la importancia del <strong>D\u00eda de la Bandera<\/strong>, que se conmemora&#8217;l <strong>25 de mayu de 2025<\/strong>. Va espublizase al travi\u00e9s de les redes sociales un v\u00eddeu grab\u00e1u en distintos paisaxes del Princip\u00e1u con m\u00fasica de Xuacu Amieva y Ferla Meg\u00eda. <a href=\"https:\/\/youtu.be\/PqJhPJp8CWw\"><strong>N&#8217;asturianu<\/strong> <\/a>\/ <a href=\"https:\/\/youtu.be\/T300H7kAoh8\">N&#8217;eonaviego<\/a> \/<\/p>\n<p><!--more--><\/p>\n<p style=\"text-align: center\"><a href=\"https:\/\/actualidad.asturias.es\/documents\/537115\/2560630\/Still+2025-04-30+100420_1.45.1.jpg\/f4d6ec9d-9e91-5266-6c54-ddf36c1030ff?t=1746955630240\"><img loading=\"lazy\" decoding=\"async\" class=\"aligncenter size-large\" src=\"https:\/\/actualidad.asturias.es\/documents\/537115\/2560630\/Still+2025-04-30+100420_1.45.1.jpg\/f4d6ec9d-9e91-5266-6c54-ddf36c1030ff?t=1746955630240\" width=\"3840\" height=\"2160\" \/><\/a><\/p>\n<p>El v\u00eddeu, d&#8217;un minutu de duraci\u00f3n, empieza con ense\u00f1ar asturiana so la lluz d&#8217;un amanecer n&#8217;Asiegu (Cabrales) y remata col ocaso nel castru mar\u00edtimu de Cabo Blanco (El Franco), en percorriendo parques, caminos y pumaraes amosando una tierra y el so s\u00edmbolu como la casa de toos.<\/p>\n<p style=\"text-align: center\">\n<!-- iframe plugin v.6.0 wordpress.org\/plugins\/iframe\/ -->\n<iframe loading=\"lazy\" width=\"100%\" height=\"387\" src=\"https:\/\/www.youtube.com\/embed\/PqJhPJp8CWw\" title=\"\ud83d\udc99\ud83d\udc9b Una bandera pa toles ocasiones\" frameborder=\"0\" allow=\"accelerometer; autoplay; clipboard-write; encrypted-media; gyroscope; picture-in-picture; web-share\" referrerpolicy=\"strict-origin-when-cross-origin\" 0=\"allowfullscreen\" 1=\"\/iframe\" scrolling=\"yes\" class=\"iframe-class\"><\/iframe>\n<\/p>\n<p>&nbsp;<\/p>\n<p>Cola voz del doblador de cine Mark Ullod nos tr\u00e9s idiomes: castell\u00e1n, asturianu y eonaviego, y con <a href=\"https:\/\/youtu.be\/b2F5LQUMUak\"><strong><em>La marcha de Bra\u00f1es<\/em>, de Xuacu Amieva<\/strong><\/a>, como banda sonora versionada tami\u00e9n pol artista Ferla Meg\u00eda, el v\u00eddeu enfatiza el sentimientu de pertenencia y d&#8217;identid\u00e1 qu&#8217;acompa\u00f1a a la bandera.<\/p>\n<p>Con esta campa\u00f1a, l&#8217;Executivu quier destacar la importancia de la bandera del Princip\u00e1u como s\u00edmbolu d&#8217;uni\u00f3n y fortaleza de la ciudadan\u00eda, y el so valor como emblema d&#8217;unu de los finxos de la comunid\u00e1, l&#8217;alzamientu de la Xunta Xeneral contra la invasi\u00f3n francesa de 1808, acontecimientu hist\u00f3ricu que dio orixe a esta ense\u00f1a.<\/p>\n<p>La bandera d&#8217;Asturies ye un s\u00edmbolu que representa la hestoria, tradiciones y cultura del Princip\u00e1u. Promover la so celebraci\u00f3n refuerza&#8217;l sent\u00edu de pertenencia de los asturianos y asturianes y fortalez la conex\u00f3n emocional cola so tierra. Con esta campa\u00f1a contribuyise a que la poblaci\u00f3n, especialmente les nueves xeneraciones, conozan y si\u00e9ntanse arguyoses de los sos raiga\u00f1os.<\/p>\n<p style=\"text-align: center\">\n<!-- iframe plugin v.6.0 wordpress.org\/plugins\/iframe\/ -->\n<iframe loading=\"lazy\" width=\"100%\" height=\"387\" src=\"https:\/\/www.youtube.com\/embed\/b2F5LQUMUak\" title=\"XUACU AMIEVA - Marcha Bra\u00f1es \/ Mu\u00f1eira d&#039;Ant\u00f3n - Al Son del Fueu (2003)\" frameborder=\"0\" allow=\"accelerometer; autoplay; clipboard-write; encrypted-media; gyroscope; picture-in-picture; web-share\" referrerpolicy=\"strict-origin-when-cross-origin\" 0=\"allowfullscreen\" 1=\"\/iframe\" scrolling=\"yes\" class=\"iframe-class\"><\/iframe>\n<\/p>\n<p>&nbsp;<\/p>\n","protected":false},"excerpt":{"rendered":"<p>Fonte: Actualid\u00e1 Asturies \/ videu n&#8217;asturianu \/ videu n&#8217;eonaviego \/ Una bandera ye una manda texida colos filos d\u2019otres vides, d\u2019otra xente, d\u2019otres \u00e9poques. Un heriedu que nos abre un futuru compart\u00edu. Un compromisu colo que fomos y lo que vamos ser. Una responsabilid\u00e1 de medrar, de sumar, de creyer en nosotres y nosotros. Un [&hellip;]<\/p>\n","protected":false},"author":117,"featured_media":0,"comment_status":"open","ping_status":"open","sticky":false,"template":"","format":"standard","meta":{"footnotes":""},"categories":[6],"tags":[],"class_list":["post-48370","post","type-post","status-publish","format-standard","hentry","category-dia-de"],"_links":{"self":[{"href":"https:\/\/edublog.educastur.es\/ixuxu\/wp-json\/wp\/v2\/posts\/48370","targetHints":{"allow":["GET"]}}],"collection":[{"href":"https:\/\/edublog.educastur.es\/ixuxu\/wp-json\/wp\/v2\/posts"}],"about":[{"href":"https:\/\/edublog.educastur.es\/ixuxu\/wp-json\/wp\/v2\/types\/post"}],"author":[{"embeddable":true,"href":"https:\/\/edublog.educastur.es\/ixuxu\/wp-json\/wp\/v2\/users\/117"}],"replies":[{"embeddable":true,"href":"https:\/\/edublog.educastur.es\/ixuxu\/wp-json\/wp\/v2\/comments?post=48370"}],"version-history":[{"count":6,"href":"https:\/\/edublog.educastur.es\/ixuxu\/wp-json\/wp\/v2\/posts\/48370\/revisions"}],"predecessor-version":[{"id":48376,"href":"https:\/\/edublog.educastur.es\/ixuxu\/wp-json\/wp\/v2\/posts\/48370\/revisions\/48376"}],"wp:attachment":[{"href":"https:\/\/edublog.educastur.es\/ixuxu\/wp-json\/wp\/v2\/media?parent=48370"}],"wp:term":[{"taxonomy":"category","embeddable":true,"href":"https:\/\/edublog.educastur.es\/ixuxu\/wp-json\/wp\/v2\/categories?post=48370"},{"taxonomy":"post_tag","embeddable":true,"href":"https:\/\/edublog.educastur.es\/ixuxu\/wp-json\/wp\/v2\/tags?post=48370"}],"curies":[{"name":"wp","href":"https:\/\/api.w.org\/{rel}","templated":true}]}}