{"id":48377,"date":"2025-05-11T15:21:30","date_gmt":"2025-05-11T13:21:30","guid":{"rendered":"https:\/\/edublog.educastur.es\/ixuxu\/?p=48377"},"modified":"2025-05-11T15:25:05","modified_gmt":"2025-05-11T13:25:05","slug":"cantar-atiendi-asturies-atiendi","status":"publish","type":"post","link":"https:\/\/edublog.educastur.es\/ixuxu\/2025\/05\/cantar-atiendi-asturies-atiendi\/","title":{"rendered":"Cantar: \u00abAtiendi, Asturies, atiendi\u00bb"},"content":{"rendered":"<div id=\"title\" class=\"style-scope ytd-watch-metadata\">\n<p class=\"style-scope ytd-watch-metadata\" style=\"text-align: center\"><a href=\"https:\/\/youtu.be\/fT5P9QjJJYc\"><span style=\"text-decoration: underline;font-size: 20px\"><em>Atiendi, Asturies, atiendi<\/em><\/span><\/a><\/p>\n<p style=\"text-align: center\">Grupu: <strong>Brenga Astur<\/strong><\/p>\n<p style=\"text-align: center\">\n<!-- iframe plugin v.6.0 wordpress.org\/plugins\/iframe\/ -->\n<iframe loading=\"lazy\" width=\"100%\" height=\"387\" src=\"https:\/\/www.youtube.com\/embed\/fT5P9QjJJYc\" title=\"Atiendi, Asturies, atiendi\/ Atiende, Asturias, atiende\" frameborder=\"0\" allow=\"accelerometer; autoplay; clipboard-write; encrypted-media; gyroscope; picture-in-picture; web-share\" referrerpolicy=\"strict-origin-when-cross-origin\" 0=\"allowfullscreen\" 1=\"\/iframe\" scrolling=\"yes\" class=\"iframe-class\"><\/iframe>\n<\/p>\n<div class=\"kb0PBd A9Y9g jGGQ5e\" data-snf=\"x5WNvb\" data-snhf=\"0\">\n<div class=\"yuRUbf\">\n<div class=\"b8lM7\">\n<div class=\"notranslate ESMNde HGLrXd ojE3Fb\">\n<div class=\"q0vns\">\n<div class=\"CA5RN\">\n<div class=\"byrV5b\"><span style=\"color: #008080\"><strong><em>Brenga Astur<\/em><\/strong><\/span> ye un grupu de m\u00fasica que \u00f1az en 1994, col enfotu nel aniciu&#8217;l cam\u00edn ye esparder el conocimientu de la denomada m\u00fasica celta d&#8217;orixe asturianu. <a href=\"https:\/\/ast.wikipedia.org\/wiki\/Brenga_Astur\">Wikipedia<\/a> \/<span style=\"color: #008080\"><em> Componentes: Fernando Montes, Xabel Gonz\u00e1lez, Pindy D\u00edaz, Jorge Mochales, Tito Ruano, Pachu Cuesta, Javier Monteagudo, Paco Calero y Marta Elola.<\/em><\/span><\/div>\n<div><!--more--><\/div>\n<div>\n<p><b>Fernando Montes<\/b>:\u00a0<a title=\"Gaita asturiana\" href=\"https:\/\/ast.wikipedia.org\/wiki\/Gaita_asturiana\">Gaita asturiana<\/a>\u00a0en Si bemol de tres roncones,\u00a0<a class=\"new\" title=\"Whistle (la p\u00e1xina nun esiste)\" href=\"https:\/\/ast.wikipedia.org\/w\/index.php?title=Whistle&amp;action=edit&amp;redlink=1\">whistle<\/a>, panderos asturianos, voces, ixux\u00fas.<\/p>\n<p><b>Xabel Gonz\u00e1lez<\/b>: Cordi\u00f3n, teclaos. Form\u00f3 parte del grupu folcl\u00f3ricu L&#8217;Albor\u00e1 del\u00a0<a class=\"new\" title=\"Centru Asturianu de Madrid (la p\u00e1xina nun esiste)\" href=\"https:\/\/ast.wikipedia.org\/w\/index.php?title=Centru_Asturianu_de_Madrid&amp;action=edit&amp;redlink=1\">Centru Asturianu de Madrid<\/a>\u00a0col qu&#8217;algam\u00f3 dellos premios y grab\u00f3 un discu. Escol\u00edn de l&#8217;academia Gelop, onde deprendi\u00f3 a tocar la cordi\u00f3n.<\/p>\n<p><b>Pindy D\u00edaz<\/b>: Gaita asturiana en Si bemol de tres roncones, whistle. Form\u00f3se como gaiteru na\u00a0<a class=\"mw-redirect\" title=\"Banda Gaites de Villaviciosa\" href=\"https:\/\/ast.wikipedia.org\/wiki\/Banda_Gaites_de_Villaviciosa\">Banda Gaites de Villaviciosa<\/a>\u00a0dirix\u00eda por\u00a0<a title=\"Jos\u00e9 \u00c1ngel Hevia\" href=\"https:\/\/ast.wikipedia.org\/wiki\/Jos%C3%A9_%C3%81ngel_Hevia\">Jos\u00e9 \u00c1ngel Hevia<\/a>, cola qu&#8217;asoley\u00f3 la grabaci\u00f3n del discu Gaiteros de Maquil\u00e1n. Foi miembru fundador al entamar la\u00a0<a class=\"new\" title=\"Banda Gaites Villa de Mieres (la p\u00e1xina nun esiste)\" href=\"https:\/\/ast.wikipedia.org\/w\/index.php?title=Banda_Gaites_Villa_de_Mieres&amp;action=edit&amp;redlink=1\">Banda Gaites Villa de Mieres<\/a>, dirix\u00eda por Jorge Areces, as\u00ed como del grupu folk\u00a0<a class=\"new\" title=\"Dubr\u00e1m (la p\u00e1xina nun esiste)\" href=\"https:\/\/ast.wikipedia.org\/w\/index.php?title=Dubr%C3%A1m&amp;action=edit&amp;redlink=1\">Dubr\u00e1m<\/a>. Collaboraor permanente nos conciertos y grabaciones col m\u00fasicu y guitarrista\u00a0<a class=\"new\" title=\"Jorge Sal\u00e1n (la p\u00e1xina nun esiste)\" href=\"https:\/\/ast.wikipedia.org\/w\/index.php?title=Jorge_Sal%C3%A1n&amp;action=edit&amp;redlink=1\">Jorge Sal\u00e1n<\/a>. Actualmente ye&#8217;l gaiteru y flautista del grupu\u00a0<a title=\"Taranus\" href=\"https:\/\/ast.wikipedia.org\/wiki\/Taranus\">Taranus<\/a>.<\/p>\n<p><b>Jorge Mochales<\/b>\u00a0(fallec\u00edu&#8217;l\u00a0<a title=\"5 de marzu\" href=\"https:\/\/ast.wikipedia.org\/wiki\/5_de_marzu\">5 de marzu<\/a>\u00a0de\u00a0<a title=\"2007\" href=\"https:\/\/ast.wikipedia.org\/wiki\/2007\">2007<\/a>): Whistles, mandolina, voces. Flauteru que toc\u00f3 n&#8217;abondos grupos de m\u00fasica folk, como\u00a0<a class=\"new\" title=\"Dagda (la p\u00e1xina nun esiste)\" href=\"https:\/\/ast.wikipedia.org\/w\/index.php?title=Dagda&amp;action=edit&amp;redlink=1\">Dagda<\/a>,\u00a0<a class=\"new\" title=\"Keol (la p\u00e1xina nun esiste)\" href=\"https:\/\/ast.wikipedia.org\/w\/index.php?title=Keol&amp;action=edit&amp;redlink=1\">Keol<\/a>, etc.<\/p>\n<p><b>Tito Ruano<\/b>: Bater\u00eda, percusiones. Toc\u00f3 en grupos como\u00a0<a class=\"new\" title=\"Kaelia (la p\u00e1xina nun esiste)\" href=\"https:\/\/ast.wikipedia.org\/w\/index.php?title=Kaelia&amp;action=edit&amp;redlink=1\">Kaelia<\/a>,\u00a0<a class=\"new\" title=\"Malcoln (la p\u00e1xina nun esiste)\" href=\"https:\/\/ast.wikipedia.org\/w\/index.php?title=Malcoln&amp;action=edit&amp;redlink=1\">Malcoln<\/a>, colos que grab\u00f3 dellos discos.<\/p>\n<p><b>Pachu Cuesta<\/b>: Bouzouki. Andech\u00f3 con otres munches formaciones y ye compositor de m\u00fasica folk.<\/p>\n<p><b>Javier Monteagudo<\/b>: Guitarres ac\u00fastiques, mandolina. Polifac\u00e9ticu y prestixosu instrumentista qu&#8217;entam\u00f3 con munches bandes folk, como por exemplu Balbarda, cola que inda sigue andechando.<\/p>\n<p><b>Paco Calero<\/b>: Baxu ll\u00e9tricu. M\u00fasicu qu&#8217;entam\u00f3 nel mundiu&#8217;l rock, onde andech\u00f3 col grupu Setiembre y con Miguel O\u00f1ate, asina como del mundiu folk integr\u00e1u en Kaelia.<\/p>\n<p><b>Marta Arb\u00e1s<\/b>: Voces, Panderos y panderetas. Componente de los Son D&#8217;Arriba y m\u00e1s tarde voz en el grupo XAREU entre otros<\/p>\n<p><b>Marta Elola<\/b>: Voces, panderos asturianos, bodhran.Cantantes del folk asturianu, con andeches en grupos comu\u00a0<a title=\"Xuacu Amieva\" href=\"https:\/\/ast.wikipedia.org\/wiki\/Xuacu_Amieva\">Xuacu Amieva<\/a>,\u00a0<a class=\"mw-redirect\" title=\"Muyeres\" href=\"https:\/\/ast.wikipedia.org\/wiki\/Muyeres\">Muyeres<\/a>,\u00a0<a class=\"new\" title=\"Vezos (la p\u00e1xina nun esiste)\" href=\"https:\/\/ast.wikipedia.org\/w\/index.php?title=Vezos&amp;action=edit&amp;redlink=1\">Vezos<\/a>,\u00a0<a title=\"Anabel Santiago\" href=\"https:\/\/ast.wikipedia.org\/wiki\/Anabel_Santiago\">Anabel Santiago<\/a>, etc.<\/p>\n<p><b>Juan Oliver<\/b>: Gaita asturiana. Participa na grabaci\u00f3n del primer discu Raiga\u00f1os Celtes.<\/p>\n<\/div>\n<\/div>\n<\/div>\n<\/div>\n<\/div>\n<\/div>\n<\/div>\n<p>Fonte: <a class=\"yt-simple-endpoint style-scope ytd-video-owner-renderer\" href=\"https:\/\/www.youtube.com\/@asturiesencancios723\"><img decoding=\"async\" id=\"img\" class=\"style-scope yt-img-shadow\" src=\"https:\/\/yt3.ggpht.com\/ytc\/AIdro_k_7hGBA9sQxwFPK-3d3VfYJcW0nGOrZcI51UMkhDumrg=s88-c-k-c0x00ffffff-no-rj\" alt=\"\" width=\"40\" \/> <\/a><a class=\"yt-simple-endpoint style-scope yt-formatted-string\" href=\"https:\/\/www.youtube.com\/@asturiesencancios723\">Asturies en cancios<\/a><\/p>\n<\/div>\n<p>&nbsp;<\/p>\n<div id=\"top-row\" class=\"style-scope ytd-watch-metadata\">\n<div id=\"owner\" class=\"item style-scope ytd-watch-metadata\">\n<div id=\"upload-info\" class=\"style-scope ytd-video-owner-renderer\"><\/div>\n<\/div>\n<\/div>\n","protected":false},"excerpt":{"rendered":"<p>Atiendi, Asturies, atiendi Grupu: Brenga Astur Brenga Astur ye un grupu de m\u00fasica que \u00f1az en 1994, col enfotu nel aniciu&#8217;l cam\u00edn ye esparder el conocimientu de la denomada m\u00fasica celta d&#8217;orixe asturianu. Wikipedia \/ Componentes: Fernando Montes, Xabel Gonz\u00e1lez, Pindy D\u00edaz, Jorge Mochales, Tito Ruano, Pachu Cuesta, Javier Monteagudo, Paco Calero y Marta Elola.<\/p>\n","protected":false},"author":117,"featured_media":0,"comment_status":"open","ping_status":"open","sticky":false,"template":"","format":"standard","meta":{"footnotes":""},"categories":[35],"tags":[],"class_list":["post-48377","post","type-post","status-publish","format-standard","hentry","category-musica"],"_links":{"self":[{"href":"https:\/\/edublog.educastur.es\/ixuxu\/wp-json\/wp\/v2\/posts\/48377","targetHints":{"allow":["GET"]}}],"collection":[{"href":"https:\/\/edublog.educastur.es\/ixuxu\/wp-json\/wp\/v2\/posts"}],"about":[{"href":"https:\/\/edublog.educastur.es\/ixuxu\/wp-json\/wp\/v2\/types\/post"}],"author":[{"embeddable":true,"href":"https:\/\/edublog.educastur.es\/ixuxu\/wp-json\/wp\/v2\/users\/117"}],"replies":[{"embeddable":true,"href":"https:\/\/edublog.educastur.es\/ixuxu\/wp-json\/wp\/v2\/comments?post=48377"}],"version-history":[{"count":5,"href":"https:\/\/edublog.educastur.es\/ixuxu\/wp-json\/wp\/v2\/posts\/48377\/revisions"}],"predecessor-version":[{"id":48382,"href":"https:\/\/edublog.educastur.es\/ixuxu\/wp-json\/wp\/v2\/posts\/48377\/revisions\/48382"}],"wp:attachment":[{"href":"https:\/\/edublog.educastur.es\/ixuxu\/wp-json\/wp\/v2\/media?parent=48377"}],"wp:term":[{"taxonomy":"category","embeddable":true,"href":"https:\/\/edublog.educastur.es\/ixuxu\/wp-json\/wp\/v2\/categories?post=48377"},{"taxonomy":"post_tag","embeddable":true,"href":"https:\/\/edublog.educastur.es\/ixuxu\/wp-json\/wp\/v2\/tags?post=48377"}],"curies":[{"name":"wp","href":"https:\/\/api.w.org\/{rel}","templated":true}]}}