{"id":48410,"date":"2025-05-11T18:23:19","date_gmt":"2025-05-11T16:23:19","guid":{"rendered":"https:\/\/edublog.educastur.es\/ixuxu\/?p=48410"},"modified":"2025-05-11T18:32:38","modified_gmt":"2025-05-11T16:32:38","slug":"trelce-competencies-perimportantes-pa-trabayar","status":"publish","type":"post","link":"https:\/\/edublog.educastur.es\/ixuxu\/2025\/05\/trelce-competencies-perimportantes-pa-trabayar\/","title":{"rendered":"Competencies personales para l&#8217;empl\u00e9u"},"content":{"rendered":"<ul>\n<li>Fonte:<a href=\"https:\/\/www.lne.es\/asturias\/2025\/05\/08\/son-empleos-opciones-fijo-asturias-117148544.html?utm_medium=Social&amp;utm_campaign=Echobox&amp;utm_source=Facebook&amp;fbclid=IwY2xjawKNrBZleHRuA2FlbQIxMABicmlkETFlTnVIaWZKbzdRR28xRnFVAR5WcxSMzQsV3aLWvu9M89OED3TX3FO-DQga3GBZAWR-whqQO5HI2ih2NBV5WQ_aem_b5Q18cRdNPSYNLQisTP-Vg#Echobox=1746698762\"> LNE<\/a> \/ <a href=\"https:\/\/www.sepe.es\/HomeSepe\/que-es-observatorio\/mapa-ocupaciones.html\">mapa d&#8217;empleos<\/a> \/<\/li>\n<\/ul>\n<p><strong>Competencies personales para l&#8217;empl\u00e9u. <\/strong><strong><a href=\"https:\/\/www.sepe.es\/encuestas\/cuestionario-autodiagnostico-version2.html\" target=\"_blank\" rel=\"noopener\">ComPersonal<\/a> <\/strong>ye una ferramienta p\u00fablico y gratuita que dexa autoevaluase en competencies personales de forma axilosa y an\u00f3nima y recibir darr\u00e9u un informe del so nivel competencial. <a href=\"https:\/\/edenhub.eu\/index.php\/io-1\/\">Graficu<\/a><\/p>\n<p style=\"text-align: center\"><a href=\"https:\/\/medialab.eafit.edu.co\/elcamello\/wp-content\/uploads\/sites\/135\/2020\/05\/las-habilidades-blandas-mas-importantes-el-camello-1024x533.jpg\"><img loading=\"lazy\" decoding=\"async\" class=\"aligncenter size-large\" src=\"https:\/\/medialab.eafit.edu.co\/elcamello\/wp-content\/uploads\/sites\/135\/2020\/05\/las-habilidades-blandas-mas-importantes-el-camello-1024x533.jpg\" width=\"1024\" height=\"533\" \/><\/a><\/p>\n<p><!--more--><\/p>\n<p>L&#8217;<strong>Observatoriu de les Ocupaciones del SEPE<\/strong> realiz\u00f3 un informe para dar a conocer les competencies personales clave para l&#8217;empl\u00e9u m\u00e1s demandaes nel merc\u00e1u de trabayu a la ciudadan\u00eda, a partir del anal\u00eds de miles d&#8217;ufiertes d&#8217;empl\u00e9u y del referente de la Clasificaci\u00f3n ESCO (<a href=\"https:\/\/employment-social-affairs.ec.europa.eu\/policies-and-activities\/skills-and-qualifications\/skills-jobs\/european-skillscompetences-qualifications-and-occupations-esco_en\">European Skills, Competences, Qualifications and Occupations<\/a>) y la creaci\u00f3n d&#8217;un cuestionariu que dexa la autoevaluaci\u00f3n a cualquier ciudadanu nes <span style=\"color: #008080\"><strong>trelce competencies siguientes:<\/strong><\/span><\/p>\n<ul>\n<li><em><strong><span style=\"color: #008080\">Procesamientu d&#8217;informaci\u00f3n, idees y conceutos.<\/span><\/strong><\/em><\/li>\n<li><em><strong><span style=\"color: #008080\">Planificaci\u00f3n y organizaci\u00f3n.<\/span><\/strong><\/em><\/li>\n<li><em><strong><span style=\"color: #008080\">Trepar con problemes.<\/span><\/strong><\/em><\/li>\n<li><em><strong><span style=\"color: #008080\">Pensar de manera innovadora.<\/span><\/strong><\/em><\/li>\n<li><em><strong><span style=\"color: #008080\">Trabayar eficientemente.<\/span><\/strong><\/em><\/li>\n<li><em><strong><span style=\"color: #008080\">Adoptar un enfoque proactivo.<\/span><\/strong><\/em><\/li>\n<li><em><strong><span style=\"color: #008080\">Caltener una actit\u00fa positiva.<\/span><\/strong><\/em><\/li>\n<li><em><strong><span style=\"color: #008080\">Amosar volunt\u00e1 d&#8217;aprender.<\/span><\/strong><\/em><\/li>\n<li><em><strong><span style=\"color: #008080\">Comunicase.<\/span><\/strong><\/em><\/li>\n<li><em><strong><span style=\"color: #008080\">Ayudar a los dem\u00e1s.<\/span><\/strong><\/em><\/li>\n<li><em><strong><span style=\"color: #008080\">Collaborando n&#8217;equipos y redes.<\/span><\/strong><\/em><\/li>\n<li><em><strong><span style=\"color: #008080\">Liderar a otros.<\/span><\/strong><\/em><\/li>\n<li><em><strong><span style=\"color: #008080\">Siguimientu del c\u00f3digu \u00e9ticu de conducta.<\/span><\/strong><\/em><\/li>\n<\/ul>\n<p>&nbsp;<\/p>\n<p>Les competencies personales, tami\u00e9n llamaes<strong><a href=\"https:\/\/www.mundana.us\/blog\/habilidades-blandas\"> \u00absoft skills\u00bb o competencies blandes<\/a>,<\/strong> son importantes para la empleabilid\u00e1. El SEPE contribuy\u00f3 con esti estudiu al A\u00f1u Europ\u00e9u de les Competencies para otorgar el valor que se merecen les competencies personales, relevantes tantu na busca, como nel caltenimientu d&#8217;un empl\u00e9u.<\/p>\n<p><em><span style=\"color: #008080\"><strong>Les competencies blandes, tami\u00e9n conoc\u00edes como soft skills, son habilidaes interpersonales y sociales qu&#8217;infl\u00fain en c\u00f3mo una persona interact\u00faa, trabaya y desenvu\u00e9lvese na redolada llaboral y personal.<\/strong> Son cruciales para l&#8217;\u00e9situ profesional, y\u00e1 que dexen una meyor xesti\u00f3n de relaciones, comunicaci\u00f3n, collaboraci\u00f3n y adaptaci\u00f3n a distintes situaciones.<\/span><\/em><\/p>\n<p>Les ocho m\u00e1s busc\u00e1es&#8230;<\/p>\n<p style=\"text-align: center\"><a href=\"https:\/\/kajabi-storefronts-production.kajabi-cdn.com\/kajabi-storefronts-production\/blogs\/2147503248\/images\/WvCe0x8QWmrXBNBGFRnv_Info_Habilidades_blandas_m_s_buscadas_en_el_mercado_laboral.jpg\"><img loading=\"lazy\" decoding=\"async\" class=\"aligncenter size-large\" src=\"https:\/\/kajabi-storefronts-production.kajabi-cdn.com\/kajabi-storefronts-production\/blogs\/2147503248\/images\/WvCe0x8QWmrXBNBGFRnv_Info_Habilidades_blandas_m_s_buscadas_en_el_mercado_laboral.jpg\" width=\"1020\" height=\"620\" \/><\/a><\/p>\n<p style=\"text-align: center\"><a href=\"https:\/\/blog.hubspot.es\/hubfs\/habilidades-blandas-ejemplos-png.png\"><img loading=\"lazy\" decoding=\"async\" class=\"aligncenter size-large\" src=\"https:\/\/blog.hubspot.es\/hubfs\/habilidades-blandas-ejemplos-png.png\" width=\"600\" height=\"1196\" \/><\/a><\/p>\n<p style=\"text-align: center\"><a href=\"https:\/\/estaticos-cdn.prensaiberica.es\/clip\/930712b3-202d-4db9-910a-4e489a7d444a_16-9-discover-aspect-ratio_default_0.webp\"><img loading=\"lazy\" decoding=\"async\" class=\"aligncenter size-large\" src=\"https:\/\/estaticos-cdn.prensaiberica.es\/clip\/930712b3-202d-4db9-910a-4e489a7d444a_16-9-discover-aspect-ratio_default_0.webp\" width=\"1200\" height=\"675\" \/><\/a><\/p>\n<p>Asturies rexistr\u00f3&#8217;l pas\u00e1u mes un r\u00e9cord d&#8217;empl\u00e9u para un mes d&#8217;abril, con 388.976 afiliaos a la Segurid\u00e1 Social, gracies al tir\u00f3n de la hosteler\u00eda coincidiendo cola Selmana Santa. El protagonismu d&#8217;esti sector nun ye puntual. La ocupaci\u00f3n m\u00e1s contratada na rex\u00f3n ye la de camareru y esti oficiu, am\u00e1s, ye la que tien un pron\u00f3sticu de mayor contrataci\u00f3n indefinida y a tiempu completu\u00bb, seg\u00fan un Informe del merc\u00e1u de trabayu d&#8217;Asturies ellabor\u00e1u pol <a href=\"https:\/\/www.sepe.es\/HomeSepe\/es\/que-es-el-sepe\/comunicacion-institucional\/publicaciones\/publicaciones-oficiales\/listado-pub-mercado-trabajo\/observatorio-ocupaciones.html\">Observatoriu de les Ocupaciones del Serviciu P\u00fablicu d&#8217;Empl\u00e9u Estatal (SEPE).<\/a><\/p>\n","protected":false},"excerpt":{"rendered":"<p>Fonte: LNE \/ mapa d&#8217;empleos \/ Competencies personales para l&#8217;empl\u00e9u. ComPersonal ye una ferramienta p\u00fablico y gratuita que dexa autoevaluase en competencies personales de forma axilosa y an\u00f3nima y recibir darr\u00e9u un informe del so nivel competencial. Graficu<\/p>\n","protected":false},"author":117,"featured_media":0,"comment_status":"open","ping_status":"open","sticky":false,"template":"","format":"standard","meta":{"footnotes":""},"categories":[439,54],"tags":[],"class_list":["post-48410","post","type-post","status-publish","format-standard","hentry","category-competencies","category-trabayu"],"_links":{"self":[{"href":"https:\/\/edublog.educastur.es\/ixuxu\/wp-json\/wp\/v2\/posts\/48410","targetHints":{"allow":["GET"]}}],"collection":[{"href":"https:\/\/edublog.educastur.es\/ixuxu\/wp-json\/wp\/v2\/posts"}],"about":[{"href":"https:\/\/edublog.educastur.es\/ixuxu\/wp-json\/wp\/v2\/types\/post"}],"author":[{"embeddable":true,"href":"https:\/\/edublog.educastur.es\/ixuxu\/wp-json\/wp\/v2\/users\/117"}],"replies":[{"embeddable":true,"href":"https:\/\/edublog.educastur.es\/ixuxu\/wp-json\/wp\/v2\/comments?post=48410"}],"version-history":[{"count":11,"href":"https:\/\/edublog.educastur.es\/ixuxu\/wp-json\/wp\/v2\/posts\/48410\/revisions"}],"predecessor-version":[{"id":48421,"href":"https:\/\/edublog.educastur.es\/ixuxu\/wp-json\/wp\/v2\/posts\/48410\/revisions\/48421"}],"wp:attachment":[{"href":"https:\/\/edublog.educastur.es\/ixuxu\/wp-json\/wp\/v2\/media?parent=48410"}],"wp:term":[{"taxonomy":"category","embeddable":true,"href":"https:\/\/edublog.educastur.es\/ixuxu\/wp-json\/wp\/v2\/categories?post=48410"},{"taxonomy":"post_tag","embeddable":true,"href":"https:\/\/edublog.educastur.es\/ixuxu\/wp-json\/wp\/v2\/tags?post=48410"}],"curies":[{"name":"wp","href":"https:\/\/api.w.org\/{rel}","templated":true}]}}