{"id":48429,"date":"2025-05-11T15:00:09","date_gmt":"2025-05-11T13:00:09","guid":{"rendered":"https:\/\/edublog.educastur.es\/ixuxu\/?p=48429"},"modified":"2025-05-22T21:57:42","modified_gmt":"2025-05-22T19:57:42","slug":"48429","status":"publish","type":"post","link":"https:\/\/edublog.educastur.es\/ixuxu\/2025\/05\/48429\/","title":{"rendered":"Fiesta de la bicicleta 2025 n&#8217;Uvi\u00e9u"},"content":{"rendered":"<div class=\"html-div xdj266r x11i5rnm xat24cr x1mh8g0r xexx8yu x1a8lsjc x1swvt13 x1pi30zi\">\n<div class=\"html-div xdj266r x11i5rnm xat24cr x1mh8g0r xexx8yu x4uap5 x18d9i69 xkhd6sd x1jx94hy x78zum5 x1q0g3np\">\n<div class=\"x78zum5 xdt5ytf xz62fqu x16ldp7u\">\n<div class=\"xu06os2 x1ok221b\">\n<div class=\"html-div xdj266r x11i5rnm xat24cr x1mh8g0r xexx8yu x4uap5 x18d9i69 xkhd6sd\" data-ad-rendering-role=\"profile_name\">\n<ul>\n<li class=\"html-h3 x11i5rnm xat24cr x1mh8g0r xexx8yu x4uap5 x18d9i69 xkhd6sd x1vvkbs x1heor9g x1qlqyl8 x1pd3egz x1a2a7pz x1gslohp x1yc453h\"><span class=\"x1lliihq x6ikm8r x10wlt62 x1n2onr6\"><span class=\"x193iq5w xeuugli x13faqbe x1vvkbs x1xmvt09 x1f6kntn xvq8zen xo1l8bm xi81zsa\"><strong class=\"html-strong xdj266r x11i5rnm xat24cr x1mh8g0r xexx8yu x4uap5 x18d9i69 xkhd6sd x1hl2dhg x16tdsg8 x1vvkbs x1s688f\"><span class=\"xt0psk2\"><span class=\"html-span xdj266r x11i5rnm xat24cr x1mh8g0r xexx8yu x4uap5 x18d9i69 xkhd6sd x1hl2dhg x16tdsg8 x1vvkbs\"><a class=\"x1i10hfl xjbqb8w x1ejq31n xd10rxx x1sy0etr x17r0tee x972fbf xcfux6l x1qhh985 xm0m39n x9f619 x1ypdohk xt0psk2 xe8uvvx xdj266r x11i5rnm xat24cr x1mh8g0r xexx8yu x4uap5 x18d9i69 xkhd6sd x16tdsg8 x1hl2dhg xggy1nq x1a2a7pz xkrqix3 x1sur9pj xzsf02u x1s688f\" role=\"link\" href=\"https:\/\/www.facebook.com\/OviedoDeporte2026?__cft__[0]=AZX-aFWNEk5rM44FZYOZZXkvdIdGkKx6txdTk1dZ4xv_fGAuYr2YkXGXHJrRPnZDMew7FDCK6lvWMZvF7Qp0sFpbNu-r3F0Oy0ZMWnbJtwCmChrWcHPwlIQHWHmLCqu0KIGrZD4W7MdA_K7yMUQgLyBi_VOsW8-ay5hqKmT9WhFGPPJZKYKRDerEnIb2f_wP6YkwBywjv3jpTjB_dsBHjE6IQ-jrq4TLrlo-gfTGODbQOQ&amp;__tn__=-]C%2CP-y-R\">Oviedo Candidata a Ciudad Europea del Deporte 2026<\/a><\/span><\/span><\/strong><\/span><\/span>\/ <span class=\"html-span xdj266r x11i5rnm xat24cr x1mh8g0r xexx8yu x4uap5 x18d9i69 xkhd6sd x1hl2dhg x16tdsg8 x1vvkbs\"><a class=\"x1i10hfl xjbqb8w x1ejq31n xd10rxx x1sy0etr x17r0tee x972fbf xcfux6l x1qhh985 xm0m39n x9f619 x1ypdohk xt0psk2 xe8uvvx xdj266r x11i5rnm xat24cr x1mh8g0r xexx8yu x4uap5 x18d9i69 xkhd6sd x16tdsg8 x1hl2dhg xggy1nq x1a2a7pz xkrqix3 x1sur9pj x1fey0fg x1s688f\" role=\"link\" href=\"https:\/\/www.facebook.com\/hashtag\/oviedoviveeldeporte?__eep__=6&amp;__cft__[0]=AZX-aFWNEk5rM44FZYOZZXkvdIdGkKx6txdTk1dZ4xv_fGAuYr2YkXGXHJrRPnZDMew7FDCK6lvWMZvF7Qp0sFpbNu-r3F0Oy0ZMWnbJtwCmChrWcHPwlIQHWHmLCqu0KIGrZD4W7MdA_K7yMUQgLyBi_VOsW8-ay5hqKmT9WhFGPPJZKYKRDerEnIb2f_wP6YkwBywjv3jpTjB_dsBHjE6IQ-jrq4TLrlo-gfTGODbQOQ&amp;__tn__=*NK-y-R\">#oviedoviveeldeporte<\/a><\/span><span class=\"html-span xexx8yu x4uap5 x18d9i69 xkhd6sd x1hl2dhg x16tdsg8 x1vvkbs x3nfvp2 x1j61x8r x1fcty0u xdj266r xat24cr xgzva0m xhhsvwb xxymvpz xlup9mm x1kky2od\"><img loading=\"lazy\" decoding=\"async\" class=\"xz74otr x168nmei x13lgxp2 x5pf9jr xo71vjh\" src=\"https:\/\/static.xx.fbcdn.net\/images\/emoji.php\/v9\/t61\/1\/16\/270c.png\" alt=\"\u270c\ufe0f\" width=\"16\" height=\"16\" \/><\/span><\/li>\n<\/ul>\n<p>\u00a1Qu\u00e9 bien lo pasemos! Les ganes de participar pudieron cola agua. En familia o con amigos, los m\u00e1s de 1000 inscritos esfrutamos d&#8217;una activid\u00e1 deportiva l\u00fadica y bien risondera. M\u00e1s d&#8217;un millar d&#8217;inscritos esfrutaron d&#8217;esta inciativa de la Conceyal\u00eda de Deportes d&#8217;Uvi\u00e9u que <span style=\"color: #008080\"><strong>promueve l&#8217;activid\u00e1 f\u00edsica saludable, la movilid\u00e1 sostenible y la pr\u00e1ctica deportiva al campu<\/strong><\/span>. <span class=\"html-span xdj266r x11i5rnm xat24cr x1mh8g0r xexx8yu x4uap5 x18d9i69 xkhd6sd x1hl2dhg x16tdsg8 x1vvkbs\"><a class=\"x1i10hfl xjbqb8w x1ejq31n xd10rxx x1sy0etr x17r0tee x972fbf xcfux6l x1qhh985 xm0m39n x9f619 x1ypdohk xt0psk2 xe8uvvx xdj266r x11i5rnm xat24cr x1mh8g0r xexx8yu x4uap5 x18d9i69 xkhd6sd x16tdsg8 x1hl2dhg xggy1nq x1a2a7pz xkrqix3 x1sur9pj x1fey0fg x1s688f\" role=\"link\" href=\"https:\/\/www.facebook.com\/oviedodeporte?__cft__[0]=AZXH6PUBlfqukZZvOuYRAc0Yz6U7nWomGpjK5Jp2IMCKHHO_170LCF1MFHm68S6L_NZVH6tTQw6FkSVKjAWGxmx79_kUMWVnHAj8HLJH5owZTsDBTRLyIR3nH_Ozp4vomgy7he7XF4ZQGQy8ZRuqaCIuglZNkHbGFa3siOBZVaNsQSHALvS-S6B0-EaInyYTTDNe-o6QdaZmvbs8LtYvfTuBWbIxp8hCAfid0Mry6Ntyq31cqIN0MEqsKmUCYpayBNw&amp;__tn__=-]K-y-R\"><span class=\"xt0psk2\"><span class=\"xjp7ctv\">DeportesOviedo<\/span><\/span><\/a><\/span><\/p>\n<\/div>\n<p style=\"text-align: center\">\n<!-- iframe plugin v.6.0 wordpress.org\/plugins\/iframe\/ -->\n<iframe loading=\"lazy\" src=\"https:\/\/www.facebook.com\/plugins\/video.php?height=314&#038;href=https%3A%2F%2Fwww.facebook.com%2Fwww.oviedo.es%2Fvideos%2F1334282984315106%2F&#038;show_text=false&#038;width=560&#038;t=0\" width=\"560\" height=\"314\" style=\"border:none;overflow:hidden\" scrolling=\"no\" frameborder=\"0\" allowfullscreen=\"true\" allow=\"autoplay; clipboard-write; encrypted-media; picture-in-picture; web-share\" 0=\"\/iframe\" class=\"iframe-class\"><\/iframe>\n<\/p>\n<p><!--more--><\/p>\n<div class=\"html-div xdj266r x11i5rnm xat24cr x1mh8g0r xexx8yu x4uap5 x18d9i69 xkhd6sd\" data-ad-rendering-role=\"profile_name\">\n<p style=\"text-align: center\">\n<!-- iframe plugin v.6.0 wordpress.org\/plugins\/iframe\/ -->\n<iframe loading=\"lazy\" src=\"https:\/\/www.facebook.com\/plugins\/post.php?href=https%3A%2F%2Fwww.facebook.com%2Fphoto.php%3Ffbid%3D122150827076577929%26set%3Da.122130414206577929%26type%3D3&#038;show_text=false&#038;width=500\" width=\"500\" height=\"0\" style=\"border:none;overflow:hidden\" scrolling=\"no\" frameborder=\"0\" allowfullscreen=\"true\" allow=\"autoplay; clipboard-write; encrypted-media; picture-in-picture; web-share\" 0=\"\/iframe\" class=\"iframe-class\"><\/iframe>\n<\/p>\n<p style=\"text-align: center\">\n<!-- iframe plugin v.6.0 wordpress.org\/plugins\/iframe\/ -->\n<iframe loading=\"lazy\" src=\"https:\/\/www.facebook.com\/plugins\/video.php?height=314&#038;href=https%3A%2F%2Fwww.facebook.com%2Fwww.oviedo.es%2Fvideos%2F1334282984315106%2F&#038;show_text=false&#038;width=560&#038;t=0\" width=\"560\" height=\"314\" style=\"border:none;overflow:hidden\" scrolling=\"no\" frameborder=\"0\" allowfullscreen=\"true\" allow=\"autoplay; clipboard-write; encrypted-media; picture-in-picture; web-share\" 0=\"\/iframe\" class=\"iframe-class\"><\/iframe>\n<\/p>\n<p style=\"text-align: center\">\n<!-- iframe plugin v.6.0 wordpress.org\/plugins\/iframe\/ -->\n<iframe loading=\"lazy\" src=\"https:\/\/www.facebook.com\/plugins\/post.php?href=https%3A%2F%2Fwww.facebook.com%2Fphoto.php%3Ffbid%3D1101761645321991%26set%3Da.647557837409043%26type%3D3&#038;show_text=false&#038;width=500\" width=\"500\" height=\"812\" style=\"border:none;overflow:hidden\" scrolling=\"no\" frameborder=\"0\" allowfullscreen=\"true\" allow=\"autoplay; clipboard-write; encrypted-media; picture-in-picture; web-share\" 0=\"\/iframe\" class=\"iframe-class\"><\/iframe>\n<\/p>\n<div class=\"html-div xdj266r x11i5rnm xat24cr x1mh8g0r xexx8yu x4uap5 x18d9i69 xkhd6sd\" dir=\"auto\">\n<div class=\"html-div xdj266r x11i5rnm xat24cr x1mh8g0r xexx8yu x4uap5 x18d9i69 xkhd6sd\" dir=\"auto\">\n<div class=\"html-div xdj266r x11i5rnm xat24cr x1mh8g0r xexx8yu x4uap5 x18d9i69 xkhd6sd\" data-ad-rendering-role=\"story_message\">\n<div class=\"x1l90r2v x1iorvi4 x1ye3gou xn6708d\" data-ad-comet-preview=\"message\" data-ad-preview=\"message\">\n<div class=\"x78zum5 xdt5ytf xz62fqu x16ldp7u\">\n<div class=\"xu06os2 x1ok221b\">\n<div class=\"xdj266r x11i5rnm xat24cr x1mh8g0r x1vvkbs x126k92a\">\n<div dir=\"auto\"><\/div>\n<\/div>\n<\/div>\n<\/div>\n<\/div>\n<\/div>\n<\/div>\n<\/div>\n<\/div>\n<\/div>\n<\/div>\n<\/div>\n<\/div>\n<p>&nbsp;<\/p>\n","protected":false},"excerpt":{"rendered":"<p>Oviedo Candidata a Ciudad Europea del Deporte 2026\/ #oviedoviveeldeporte \u00a1Qu\u00e9 bien lo pasemos! Les ganes de participar pudieron cola agua. En familia o con amigos, los m\u00e1s de 1000 inscritos esfrutamos d&#8217;una activid\u00e1 deportiva l\u00fadica y bien risondera. M\u00e1s d&#8217;un millar d&#8217;inscritos esfrutaron d&#8217;esta inciativa de la Conceyal\u00eda de Deportes d&#8217;Uvi\u00e9u que promueve l&#8217;activid\u00e1 f\u00edsica [&hellip;]<\/p>\n","protected":false},"author":117,"featured_media":0,"comment_status":"open","ping_status":"open","sticky":false,"template":"","format":"standard","meta":{"footnotes":""},"categories":[133,33],"tags":[],"class_list":["post-48429","post","type-post","status-publish","format-standard","hentry","category-deportes","category-uvieu"],"_links":{"self":[{"href":"https:\/\/edublog.educastur.es\/ixuxu\/wp-json\/wp\/v2\/posts\/48429","targetHints":{"allow":["GET"]}}],"collection":[{"href":"https:\/\/edublog.educastur.es\/ixuxu\/wp-json\/wp\/v2\/posts"}],"about":[{"href":"https:\/\/edublog.educastur.es\/ixuxu\/wp-json\/wp\/v2\/types\/post"}],"author":[{"embeddable":true,"href":"https:\/\/edublog.educastur.es\/ixuxu\/wp-json\/wp\/v2\/users\/117"}],"replies":[{"embeddable":true,"href":"https:\/\/edublog.educastur.es\/ixuxu\/wp-json\/wp\/v2\/comments?post=48429"}],"version-history":[{"count":6,"href":"https:\/\/edublog.educastur.es\/ixuxu\/wp-json\/wp\/v2\/posts\/48429\/revisions"}],"predecessor-version":[{"id":49280,"href":"https:\/\/edublog.educastur.es\/ixuxu\/wp-json\/wp\/v2\/posts\/48429\/revisions\/49280"}],"wp:attachment":[{"href":"https:\/\/edublog.educastur.es\/ixuxu\/wp-json\/wp\/v2\/media?parent=48429"}],"wp:term":[{"taxonomy":"category","embeddable":true,"href":"https:\/\/edublog.educastur.es\/ixuxu\/wp-json\/wp\/v2\/categories?post=48429"},{"taxonomy":"post_tag","embeddable":true,"href":"https:\/\/edublog.educastur.es\/ixuxu\/wp-json\/wp\/v2\/tags?post=48429"}],"curies":[{"name":"wp","href":"https:\/\/api.w.org\/{rel}","templated":true}]}}