{"id":48434,"date":"2025-05-12T08:00:05","date_gmt":"2025-05-12T06:00:05","guid":{"rendered":"https:\/\/edublog.educastur.es\/ixuxu\/?p=48434"},"modified":"2025-05-11T22:04:17","modified_gmt":"2025-05-11T20:04:17","slug":"tiempu-nasturies-el-comercio-14","status":"publish","type":"post","link":"https:\/\/edublog.educastur.es\/ixuxu\/2025\/05\/tiempu-nasturies-el-comercio-14\/","title":{"rendered":"Tiempu n&#8217;Asturies (El Comercio)"},"content":{"rendered":"<p style=\"text-align: center\"><a href=\"https:\/\/s1.ppllstatics.com\/elcomercio\/www\/multimedia\/2025\/05\/11\/prevision-tiempo-asturias-kRaE-U2301404163085IHH-1800x840@El%20Comercio.jpg\"><img loading=\"lazy\" decoding=\"async\" class=\"aligncenter size-large\" src=\"https:\/\/s1.ppllstatics.com\/elcomercio\/www\/multimedia\/2025\/05\/11\/prevision-tiempo-asturias-kRaE-U2301404163085IHH-1800x840@El%20Comercio.jpg\" width=\"1800\" height=\"837\" \/><\/a><\/p>\n<p>Anque se va debilitando, <span style=\"color: #008080\"><strong>ent\u00e1 sigue presente la umbada acomu\u00f1ada a un embolsamientu d&#8217;aire fr\u00edo<\/strong><\/span> al norte de la Pen\u00ednsula. Polo tanto va haber una alta probabilid\u00e1 nuevamente de bastios que se van materializar sobremanera a partir del mediud\u00eda. <span style=\"color: #008080\"><strong>Pela ma\u00f1ana<\/strong><\/span> prevense nubes y claros pero, a partir del mediud\u00eda, la nubosid\u00e1 va dir claramente n&#8217;aumentu hasta cubrir tol cielu asturianu. Los bastios, anque van ser m\u00e1s frecuentes na met\u00e1 sur asturiana, tami\u00e9n van poder afectar a otres zones de la rex\u00f3n.<span style=\"color: #008080\"><strong> Les temperatures m\u00e1ximes<\/strong><\/span> van xubir llixeramente en tol Princip\u00e1u anque va ser nel sur de la rex\u00f3n onde m\u00e1s se notar\u00e1 dichu ascensu. <span style=\"color: #008080\"><strong>Les m\u00ednimes<\/strong><\/span>, sicas\u00ed, nun van esperimentar variaci\u00f3n dalguna. <span style=\"color: #008080\">El martes<\/span>, una vegada m\u00e1s, esperamos bastios pela tarde tres una ma\u00f1ana, a priori, estable. Les temperatures nun van variar, nin les m\u00e1ximes nin les m\u00ednimes.<\/p>\n","protected":false},"excerpt":{"rendered":"<p>Anque se va debilitando, ent\u00e1 sigue presente la umbada acomu\u00f1ada a un embolsamientu d&#8217;aire fr\u00edo al norte de la Pen\u00ednsula. Polo tanto va haber una alta probabilid\u00e1 nuevamente de bastios que se van materializar sobremanera a partir del mediud\u00eda. Pela ma\u00f1ana prevense nubes y claros pero, a partir del mediud\u00eda, la nubosid\u00e1 va dir claramente [&hellip;]<\/p>\n","protected":false},"author":117,"featured_media":0,"comment_status":"open","ping_status":"open","sticky":false,"template":"","format":"standard","meta":{"footnotes":""},"categories":[5],"tags":[],"class_list":["post-48434","post","type-post","status-publish","format-standard","hentry","category-tiempu"],"_links":{"self":[{"href":"https:\/\/edublog.educastur.es\/ixuxu\/wp-json\/wp\/v2\/posts\/48434","targetHints":{"allow":["GET"]}}],"collection":[{"href":"https:\/\/edublog.educastur.es\/ixuxu\/wp-json\/wp\/v2\/posts"}],"about":[{"href":"https:\/\/edublog.educastur.es\/ixuxu\/wp-json\/wp\/v2\/types\/post"}],"author":[{"embeddable":true,"href":"https:\/\/edublog.educastur.es\/ixuxu\/wp-json\/wp\/v2\/users\/117"}],"replies":[{"embeddable":true,"href":"https:\/\/edublog.educastur.es\/ixuxu\/wp-json\/wp\/v2\/comments?post=48434"}],"version-history":[{"count":1,"href":"https:\/\/edublog.educastur.es\/ixuxu\/wp-json\/wp\/v2\/posts\/48434\/revisions"}],"predecessor-version":[{"id":48435,"href":"https:\/\/edublog.educastur.es\/ixuxu\/wp-json\/wp\/v2\/posts\/48434\/revisions\/48435"}],"wp:attachment":[{"href":"https:\/\/edublog.educastur.es\/ixuxu\/wp-json\/wp\/v2\/media?parent=48434"}],"wp:term":[{"taxonomy":"category","embeddable":true,"href":"https:\/\/edublog.educastur.es\/ixuxu\/wp-json\/wp\/v2\/categories?post=48434"},{"taxonomy":"post_tag","embeddable":true,"href":"https:\/\/edublog.educastur.es\/ixuxu\/wp-json\/wp\/v2\/tags?post=48434"}],"curies":[{"name":"wp","href":"https:\/\/api.w.org\/{rel}","templated":true}]}}