{"id":48437,"date":"2025-05-13T08:30:32","date_gmt":"2025-05-13T06:30:32","guid":{"rendered":"https:\/\/edublog.educastur.es\/ixuxu\/?p=48437"},"modified":"2025-05-13T09:49:52","modified_gmt":"2025-05-13T07:49:52","slug":"estau-del-tiempu-martes-13-mayu","status":"publish","type":"post","link":"https:\/\/edublog.educastur.es\/ixuxu\/2025\/05\/estau-del-tiempu-martes-13-mayu\/","title":{"rendered":"Est\u00e1u del tiempu: martes 13 mayu"},"content":{"rendered":"<div class=\"x78zum5 xdt5ytf xz62fqu x16ldp7u\">\n<div class=\"xu06os2 x1ok221b\">\n<div class=\"html-div xdj266r x11i5rnm xat24cr x1mh8g0r xexx8yu x4uap5 x18d9i69 xkhd6sd\" data-ad-rendering-role=\"profile_name\">\n<ul>\n<li id=\"\u00abr91\u00bb\" class=\"html-h2 x11i5rnm xat24cr x1mh8g0r xexx8yu x4uap5 x18d9i69 xkhd6sd x1vvkbs x1heor9g x1qlqyl8 x1pd3egz x1a2a7pz x1gslohp x1yc453h\"><strong><span class=\"xt0psk2\"><span class=\"xjp7ctv\"><a class=\"x1i10hfl xjbqb8w x1ejq31n xd10rxx x1sy0etr x17r0tee x972fbf xcfux6l x1qhh985 xm0m39n x9f619 x1ypdohk xt0psk2 xe8uvvx xdj266r x11i5rnm xat24cr x1mh8g0r xexx8yu x4uap5 x18d9i69 xkhd6sd x16tdsg8 x1hl2dhg xggy1nq x1a2a7pz xkrqix3 x1sur9pj xzsf02u x1s688f\" role=\"link\" href=\"https:\/\/www.facebook.com\/eltiempuenasturies?__cft__[0]=AZWS8Os-GzZXfj2V2h5S1Pi08M2ajyN42tQNcLpkzQ6fi9tAqIVcMsbmE7Wz9L517Y85nYRGsjrT05Heoo_4qlxuyaNTaVMNYtxy7edSOCTN9do6xLuLy1PW3Pvd8idRfHOGLJjmuEMWIYz8gVwGLkQPJc_LulRmIrWm3yd27q11bkVFZ4cjBJ3bT_RmelEha6EPPlLXSpy17AJiGB0r4-VS&amp;__tn__=-UC%2CP-R\"><span class=\"html-span xdj266r x11i5rnm xat24cr x1mh8g0r xexx8yu x4uap5 x18d9i69 xkhd6sd x1hl2dhg x16tdsg8 x1vvkbs\">El Tiempu n&#8217;Asturies.<\/span><\/a><\/span><\/span><\/strong><\/li>\n<\/ul>\n<\/div>\n<\/div>\n<\/div>\n<div class=\"html-div xdj266r x11i5rnm xat24cr x1mh8g0r xexx8yu x4uap5 x18d9i69 xkhd6sd\" dir=\"auto\">\n<div class=\"html-div xdj266r x11i5rnm xat24cr x1mh8g0r xexx8yu x4uap5 x18d9i69 xkhd6sd\" data-ad-rendering-role=\"story_message\">\n<div id=\"\u00abr93\u00bb\" class=\"x1l90r2v x1iorvi4 x1ye3gou xn6708d\" data-ad-comet-preview=\"message\" data-ad-preview=\"message\">\n<div class=\"x78zum5 xdt5ytf xz62fqu x16ldp7u\">\n<div class=\"xu06os2 x1ok221b\">\n<div class=\"xdj266r x11i5rnm xat24cr x1mh8g0r x1vvkbs x126k92a\"><\/div>\n<div class=\"x11i5rnm xat24cr x1mh8g0r x1vvkbs xtlvy1s x126k92a\">\n<ul>\n<li><strong>Alborecemos<\/strong> col cielu nuboso ya con unes temperatures que tan alrodiu de los 11\u00baC, rexistr\u00e1ndose nel puirtu Payares 2,2\u00baC.\n<div dir=\"auto\"><\/div>\n<\/li>\n<li>\n<div dir=\"auto\"><strong>G\u00fcei<\/strong> vamos tener una ma\u00f1ana seliquina con nubes ya claros o abancios pa dir desendolc\u00e1ndose la nubosid\u00e1 a partir del mediud\u00eda y dexanos dalg\u00fal xarabatu pela tarde con unes temperatures que suben llixeramente o camudar\u00e1n poco ya col aire del norte-nord\u00e9s sele en xeneral anque nel llitoral y zones espuestes pue dexanos raches moderaes.<\/div>\n<\/li>\n<\/ul>\n<p><!--more--><\/p>\n<\/div>\n<div class=\"x11i5rnm xat24cr x1mh8g0r x1vvkbs xtlvy1s x126k92a\">\n<ul>\n<li dir=\"auto\"><strong>Ma\u00f1ana mi\u00e9rcoles<\/strong> tendremos m\u00e1s nubosid\u00e1 y el d\u00eda sedr\u00e1 m\u00e1s escuru, sobre too pela tarde cuando van xeneralizase les precipitaciones que puen ser persistentes ya moderaes al fianr el d\u00eda con unes temperatures m\u00e1simes en descensu ya col aire que sedr\u00e1 sele de componente norte-noroeste.<\/li>\n<\/ul>\n<\/div>\n<div class=\"x11i5rnm xat24cr x1mh8g0r x1vvkbs xtlvy1s x126k92a\">\n<ul>\n<li dir=\"auto\"><strong>Durante&#8217;l riscar del xueves<\/strong> van seguir los xarabatos moderaos pero a partir del alborecer van tender a remitir y desaparecer. L&#8217;ambiente sedr\u00e1 humedu y frescu y les temperatures camudar\u00e1n poco.<\/li>\n<\/ul>\n<\/div>\n<div class=\"x11i5rnm xat24cr x1mh8g0r x1vvkbs xtlvy1s x126k92a\">\n<ul>\n<li dir=\"auto\"><strong>El vienres<\/strong> meyorar\u00e1 y l&#8217;aire nord\u00e9s llimpiar\u00e1&#8217;l cielu pa dexanos una tardiquina soleyera y prestosa, sicas\u00ed na costa pue ser cafiante y baxar la sensaci\u00f3n t\u00e9rmica pero ell\u00ed onde temos abellug\u00e1u d&#8217;\u00e9l subir\u00e1n les temperatures nidiamente.<\/li>\n<\/ul>\n<\/div>\n<div class=\"x11i5rnm xat24cr x1mh8g0r x1vvkbs xtlvy1s x126k92a\">\n<ul>\n<li dir=\"auto\"><strong>El s\u00e1badu y domingu<\/strong> predominar\u00e1n los claros o abancios sobre les nubes y l&#8217;ambiente sedr\u00e1 primaveral con un ascensu bultable de les temperatures.<\/li>\n<\/ul>\n<\/div>\n<div class=\"x11i5rnm xat24cr x1mh8g0r x1vvkbs xtlvy1s x126k92a\">\n<div dir=\"auto\"><\/div>\n<\/div>\n<\/div>\n<\/div>\n<\/div>\n<\/div>\n<\/div>\n<p>&nbsp;<\/p>\n","protected":false},"excerpt":{"rendered":"<p>El Tiempu n&#8217;Asturies. Alborecemos col cielu nuboso ya con unes temperatures que tan alrodiu de los 11\u00baC, rexistr\u00e1ndose nel puirtu Payares 2,2\u00baC. G\u00fcei vamos tener una ma\u00f1ana seliquina con nubes ya claros o abancios pa dir desendolc\u00e1ndose la nubosid\u00e1 a partir del mediud\u00eda y dexanos dalg\u00fal xarabatu pela tarde con unes temperatures que suben llixeramente [&hellip;]<\/p>\n","protected":false},"author":117,"featured_media":0,"comment_status":"open","ping_status":"open","sticky":false,"template":"","format":"standard","meta":{"footnotes":""},"categories":[5],"tags":[],"class_list":["post-48437","post","type-post","status-publish","format-standard","hentry","category-tiempu"],"_links":{"self":[{"href":"https:\/\/edublog.educastur.es\/ixuxu\/wp-json\/wp\/v2\/posts\/48437","targetHints":{"allow":["GET"]}}],"collection":[{"href":"https:\/\/edublog.educastur.es\/ixuxu\/wp-json\/wp\/v2\/posts"}],"about":[{"href":"https:\/\/edublog.educastur.es\/ixuxu\/wp-json\/wp\/v2\/types\/post"}],"author":[{"embeddable":true,"href":"https:\/\/edublog.educastur.es\/ixuxu\/wp-json\/wp\/v2\/users\/117"}],"replies":[{"embeddable":true,"href":"https:\/\/edublog.educastur.es\/ixuxu\/wp-json\/wp\/v2\/comments?post=48437"}],"version-history":[{"count":2,"href":"https:\/\/edublog.educastur.es\/ixuxu\/wp-json\/wp\/v2\/posts\/48437\/revisions"}],"predecessor-version":[{"id":48439,"href":"https:\/\/edublog.educastur.es\/ixuxu\/wp-json\/wp\/v2\/posts\/48437\/revisions\/48439"}],"wp:attachment":[{"href":"https:\/\/edublog.educastur.es\/ixuxu\/wp-json\/wp\/v2\/media?parent=48437"}],"wp:term":[{"taxonomy":"category","embeddable":true,"href":"https:\/\/edublog.educastur.es\/ixuxu\/wp-json\/wp\/v2\/categories?post=48437"},{"taxonomy":"post_tag","embeddable":true,"href":"https:\/\/edublog.educastur.es\/ixuxu\/wp-json\/wp\/v2\/tags?post=48437"}],"curies":[{"name":"wp","href":"https:\/\/api.w.org\/{rel}","templated":true}]}}