{"id":48452,"date":"2025-05-15T08:38:28","date_gmt":"2025-05-15T06:38:28","guid":{"rendered":"https:\/\/edublog.educastur.es\/ixuxu\/?p=48452"},"modified":"2025-05-15T08:38:44","modified_gmt":"2025-05-15T06:38:44","slug":"estau-del-tiempu","status":"publish","type":"post","link":"https:\/\/edublog.educastur.es\/ixuxu\/2025\/05\/estau-del-tiempu\/","title":{"rendered":"Est\u00e1u del tiempu: xueves 15 mayu"},"content":{"rendered":"<div class=\"xu06os2 x1ok221b\">\n<div class=\"html-div xdj266r x11i5rnm xat24cr x1mh8g0r xexx8yu x4uap5 x18d9i69 xkhd6sd\" data-ad-rendering-role=\"profile_name\">\n<ul>\n<li id=\"\u00abrbl\u00bb\" class=\"html-h2 x11i5rnm xat24cr x1mh8g0r xexx8yu x4uap5 x18d9i69 xkhd6sd x1vvkbs x1heor9g x1qlqyl8 x1pd3egz x1a2a7pz x1gslohp x1yc453h\"><span class=\"xt0psk2\"><span class=\"xjp7ctv\"><a class=\"x1i10hfl xjbqb8w x1ejq31n xd10rxx x1sy0etr x17r0tee x972fbf xcfux6l x1qhh985 xm0m39n x9f619 x1ypdohk xt0psk2 xe8uvvx xdj266r x11i5rnm xat24cr x1mh8g0r xexx8yu x4uap5 x18d9i69 xkhd6sd x16tdsg8 x1hl2dhg xggy1nq x1a2a7pz xkrqix3 x1sur9pj xzsf02u x1s688f\" role=\"link\" href=\"https:\/\/www.facebook.com\/eltiempuenasturies?__cft__[0]=AZVdgNgTZfLcgB_dL2c5lAhGkjWpCfV-E4HgcfbFGbNpxYOOlLzHX03qDTR-Mhl1-Fjds6aLPwxa3hRbjfq_fzZXVXtKb8_F7z4_OzQ42jT728Pqd_wSsqN26CWBDdp_babeHEPJCBYcwTk-Ex_qm8-zDiMgFI_TOzDlg7do6EIkMD-S4IqJ2R01XnVtdTaotMKEVohCdqJcu9KLsFx-N9SL&amp;__tn__=-UC%2CP-R\"><strong class=\"html-strong xdj266r x11i5rnm xat24cr x1mh8g0r xexx8yu x4uap5 x18d9i69 xkhd6sd x1hl2dhg x16tdsg8 x1vvkbs x1s688f\"><span class=\"html-span xdj266r x11i5rnm xat24cr x1mh8g0r xexx8yu x4uap5 x18d9i69 xkhd6sd x1hl2dhg x16tdsg8 x1vvkbs\">El Tiempu n&#8217;Asturies.<\/span><\/strong><\/a><\/span><\/span><\/li>\n<\/ul>\n<\/div>\n<\/div>\n<div class=\"xu06os2 x1ok221b\"><\/div>\n<div class=\"html-div xdj266r x11i5rnm xat24cr x1mh8g0r xexx8yu x4uap5 x18d9i69 xkhd6sd\" dir=\"auto\">\n<div class=\"html-div xdj266r x11i5rnm xat24cr x1mh8g0r xexx8yu x4uap5 x18d9i69 xkhd6sd\" data-ad-rendering-role=\"story_message\">\n<div id=\"\u00abrbn\u00bb\" class=\"x1l90r2v x1iorvi4 x1ye3gou xn6708d\" data-ad-comet-preview=\"message\" data-ad-preview=\"message\">\n<div class=\"x78zum5 xdt5ytf xz62fqu x16ldp7u\">\n<div class=\"xu06os2 x1ok221b\">\n<div class=\"x11i5rnm xat24cr x1mh8g0r x1vvkbs xtlvy1s x126k92a\">\n<ul>\n<li dir=\"auto\"><strong>Alborecemos<\/strong> col cielu cubiertu y lloviendo, sicas\u00ed na fastera m\u00e1s ocidental d&#8217;Asturies nun lo fae y y\u00e1 tienen grandes claros o abancios nel cielu con unes temperatures que tan alarodiu de los 12\u00baC, rexistr\u00e1ndose nel puirtu Payares 3,6\u00baC.<\/li>\n<\/ul>\n<\/div>\n<div class=\"x11i5rnm xat24cr x1mh8g0r x1vvkbs xtlvy1s x126k92a\">\n<ul>\n<li dir=\"auto\"><strong>G\u00fcei<\/strong> durante la ma\u00f1ana van dir remitiendo les precipitaciones d&#8217;oeste a este anque&#8217;l cielu va caltenese nuboso con unes temperatures que van camudar poco o subir llixeramente. L&#8217;aire sedr\u00e1 de componente norte sele en xeneral.<\/li>\n<\/ul>\n<p><!--more--><\/p>\n<\/div>\n<div class=\"x11i5rnm xat24cr x1mh8g0r x1vvkbs xtlvy1s x126k92a\">\n<ul>\n<li><strong>Ma\u00f1ana vienres<\/strong> tendremos el cielu poco nuboso o escampl\u00e1u con un ascensu de les temperatures anque l&#8217;aire nord\u00e9s que va soplar cafiante pela costa y zones espuestes baxar\u00e1 la sensaci\u00f3n t\u00e9rmica.\n<div dir=\"auto\"><\/div>\n<\/li>\n<li>\n<div dir=\"auto\"><strong>El s\u00e1badu<\/strong> alboreceremos ente&#8217;l borr\u00edn y la nublina na fastera central asturiana, pa dir dixebr\u00e1ndose a lu llargu la ma\u00f1ana y dexanos un d\u00eda poco nuboso o escampl\u00e1u, sicas\u00ed&#8217;l cielu pue tar empuerc\u00e1u por dalgo de nubosid\u00e1 alta pela tarde con unes temperatures que siguen n&#8217;ascensu a pesar del nord\u00e9s que&#8217;n puntos del llitoral soplar\u00e1 cafiante.<\/div>\n<\/li>\n<li>\n<div dir=\"auto\"><strong>El domingu<\/strong> va tar poco nuboso o escampl\u00e1u con nubosid\u00e1 de desendolque pela tarde que pue dexanos dellos xarabatos de calter tormentosu en zones de monta\u00f1a al atapecer con unes temperatures en bultable ascensu y\u00e1 que&#8217;l vientu nord\u00e9s tiende a remitir pa quedar sele ya variable.<\/div>\n<\/li>\n<\/ul>\n<\/div>\n<\/div>\n<\/div>\n<\/div>\n<\/div>\n<\/div>\n<p>&nbsp;<\/p>\n","protected":false},"excerpt":{"rendered":"<p>El Tiempu n&#8217;Asturies. Alborecemos col cielu cubiertu y lloviendo, sicas\u00ed na fastera m\u00e1s ocidental d&#8217;Asturies nun lo fae y y\u00e1 tienen grandes claros o abancios nel cielu con unes temperatures que tan alarodiu de los 12\u00baC, rexistr\u00e1ndose nel puirtu Payares 3,6\u00baC. G\u00fcei durante la ma\u00f1ana van dir remitiendo les precipitaciones d&#8217;oeste a este anque&#8217;l cielu [&hellip;]<\/p>\n","protected":false},"author":117,"featured_media":0,"comment_status":"open","ping_status":"open","sticky":false,"template":"","format":"standard","meta":{"footnotes":""},"categories":[5],"tags":[],"class_list":["post-48452","post","type-post","status-publish","format-standard","hentry","category-tiempu"],"_links":{"self":[{"href":"https:\/\/edublog.educastur.es\/ixuxu\/wp-json\/wp\/v2\/posts\/48452","targetHints":{"allow":["GET"]}}],"collection":[{"href":"https:\/\/edublog.educastur.es\/ixuxu\/wp-json\/wp\/v2\/posts"}],"about":[{"href":"https:\/\/edublog.educastur.es\/ixuxu\/wp-json\/wp\/v2\/types\/post"}],"author":[{"embeddable":true,"href":"https:\/\/edublog.educastur.es\/ixuxu\/wp-json\/wp\/v2\/users\/117"}],"replies":[{"embeddable":true,"href":"https:\/\/edublog.educastur.es\/ixuxu\/wp-json\/wp\/v2\/comments?post=48452"}],"version-history":[{"count":2,"href":"https:\/\/edublog.educastur.es\/ixuxu\/wp-json\/wp\/v2\/posts\/48452\/revisions"}],"predecessor-version":[{"id":48454,"href":"https:\/\/edublog.educastur.es\/ixuxu\/wp-json\/wp\/v2\/posts\/48452\/revisions\/48454"}],"wp:attachment":[{"href":"https:\/\/edublog.educastur.es\/ixuxu\/wp-json\/wp\/v2\/media?parent=48452"}],"wp:term":[{"taxonomy":"category","embeddable":true,"href":"https:\/\/edublog.educastur.es\/ixuxu\/wp-json\/wp\/v2\/categories?post=48452"},{"taxonomy":"post_tag","embeddable":true,"href":"https:\/\/edublog.educastur.es\/ixuxu\/wp-json\/wp\/v2\/tags?post=48452"}],"curies":[{"name":"wp","href":"https:\/\/api.w.org\/{rel}","templated":true}]}}