{"id":48455,"date":"2025-05-15T08:41:52","date_gmt":"2025-05-15T06:41:52","guid":{"rendered":"https:\/\/edublog.educastur.es\/ixuxu\/?p=48455"},"modified":"2025-05-15T08:41:52","modified_gmt":"2025-05-15T06:41:52","slug":"tiempu-nasturies-el-comercio-15","status":"publish","type":"post","link":"https:\/\/edublog.educastur.es\/ixuxu\/2025\/05\/tiempu-nasturies-el-comercio-15\/","title":{"rendered":"Tiempu n&#8217;Asturies (El Comercio)"},"content":{"rendered":"<p style=\"text-align: center\"><a href=\"https:\/\/s3.ppllstatics.com\/elcomercio\/www\/multimedia\/2025\/05\/14\/prevision-tiempo-asturias-kPc-U2301404163085IHH-1800x840@El%20Comercio.jpg\"><img loading=\"lazy\" decoding=\"async\" class=\"aligncenter size-large\" src=\"https:\/\/s3.ppllstatics.com\/elcomercio\/www\/multimedia\/2025\/05\/14\/prevision-tiempo-asturias-kPc-U2301404163085IHH-1800x840@El%20Comercio.jpg\" width=\"1800\" height=\"837\" \/><\/a><\/p>\n<p><!--more--><\/p>\n<ul>\n<li><strong>Esperamos una ma\u00f1ana<\/strong> cargada de nubosidad en tol Princip\u00e1u d&#8217;Asturies que va dexar ag\u00fces, especialmente, nel centru y nel oriente de la rex\u00f3n. A lo llargo de la tarde, la inestabilid\u00e1 va tender a dir debilit\u00e1ndose hasta&#8217;l puntu d&#8217;acabar unviando por completu. Ello ye que nun se refuga l&#8217;apertura d&#8217;escamplaes nel tramu final del d\u00eda.<\/li>\n<li><strong>Los vientos<\/strong> van ser fluexos y variables anque podr\u00eden acabar predominando de norte na mari\u00f1a de cara a la segunda met\u00e1 de la xornada.<\/li>\n<li><strong>Les temperatures m\u00e1ximes<\/strong> van xubir llixeramente de forma xeneralizada ente 1 y 2 \u00baC, siendo s\u00eda que non daqu\u00e9 m\u00e1s significativu dichu ascensu nel centru de la rex\u00f3n.<\/li>\n<li><strong>Les m\u00ednimes<\/strong>, pela so parte, apenes se van ver alteriaes al respective de les anotaes el mi\u00e9rcoles.<\/li>\n<li><strong>El vienres<\/strong> vamos tener un camb\u00e9u total na previsi\u00f3n meteorol\u00f3xica en comparanza cola que tuvimos estos d\u00edes tras. Anque vamos amanecer con delles nubes baxes sobremanera na mari\u00f1a y nel centru del Princip\u00e1u, van abrise grandes claros hasta poder inclusive quedar los cielos estenos a la fin de la ma\u00f1ana. Pela tarde, garr\u00e9 tou, va poder apaecer nubosidad d&#8217;evoluci\u00f3n nel cordal. <strong>Les temperatures<\/strong> van empezar a recuperase cuidao que les m\u00e1ximes van xubir notablemente nel interior y de forma m\u00e1s llixera nel restu. Bon tiempu pal s\u00e1badu y el domingu.<\/li>\n<\/ul>\n","protected":false},"excerpt":{"rendered":"","protected":false},"author":117,"featured_media":0,"comment_status":"open","ping_status":"open","sticky":false,"template":"","format":"standard","meta":{"footnotes":""},"categories":[5],"tags":[],"class_list":["post-48455","post","type-post","status-publish","format-standard","hentry","category-tiempu"],"_links":{"self":[{"href":"https:\/\/edublog.educastur.es\/ixuxu\/wp-json\/wp\/v2\/posts\/48455","targetHints":{"allow":["GET"]}}],"collection":[{"href":"https:\/\/edublog.educastur.es\/ixuxu\/wp-json\/wp\/v2\/posts"}],"about":[{"href":"https:\/\/edublog.educastur.es\/ixuxu\/wp-json\/wp\/v2\/types\/post"}],"author":[{"embeddable":true,"href":"https:\/\/edublog.educastur.es\/ixuxu\/wp-json\/wp\/v2\/users\/117"}],"replies":[{"embeddable":true,"href":"https:\/\/edublog.educastur.es\/ixuxu\/wp-json\/wp\/v2\/comments?post=48455"}],"version-history":[{"count":1,"href":"https:\/\/edublog.educastur.es\/ixuxu\/wp-json\/wp\/v2\/posts\/48455\/revisions"}],"predecessor-version":[{"id":48456,"href":"https:\/\/edublog.educastur.es\/ixuxu\/wp-json\/wp\/v2\/posts\/48455\/revisions\/48456"}],"wp:attachment":[{"href":"https:\/\/edublog.educastur.es\/ixuxu\/wp-json\/wp\/v2\/media?parent=48455"}],"wp:term":[{"taxonomy":"category","embeddable":true,"href":"https:\/\/edublog.educastur.es\/ixuxu\/wp-json\/wp\/v2\/categories?post=48455"},{"taxonomy":"post_tag","embeddable":true,"href":"https:\/\/edublog.educastur.es\/ixuxu\/wp-json\/wp\/v2\/tags?post=48455"}],"curies":[{"name":"wp","href":"https:\/\/api.w.org\/{rel}","templated":true}]}}