{"id":48462,"date":"2025-05-15T08:53:33","date_gmt":"2025-05-15T06:53:33","guid":{"rendered":"https:\/\/edublog.educastur.es\/ixuxu\/?p=48462"},"modified":"2025-05-16T11:54:53","modified_gmt":"2025-05-16T09:54:53","slug":"un-mozu-llanzando-una-enorme-piedra-na-ruta-del-cares","status":"publish","type":"post","link":"https:\/\/edublog.educastur.es\/ixuxu\/2025\/05\/un-mozu-llanzando-una-enorme-piedra-na-ruta-del-cares\/","title":{"rendered":"Nun ta bien tirar piedres cuando tamos de ruta pela naturaleza"},"content":{"rendered":"<ul>\n<li><a href=\"https:\/\/www.lne.es\/oriente\/2025\/05\/14\/alarma-ver-joven-lanzando-enorme-117398455.html?utm_medium=Social&amp;utm_campaign=Echobox&amp;utm_source=Facebook&amp;fbclid=IwY2xjawKSbidleHRuA2FlbQIxMABicmlkETA0d0tFU3BtTGhsM1pjekpTAR5DyHn7i6FSvXJc62AGaMY-lHke8m6IsAipI9DuF-L2tHxCxB1eG8kwA3h63w_aem_V-rf6Oltay_Myu-CHB9bNw#Echobox=1747237243\">LNE<\/a> \/ <a href=\"https:\/\/www.tiktok.com\/@guardiacivil\/video\/7504278785517194518?referer_url=www.lne.es%2Foriente%2F2025%2F05%2F14%2Falerta-guardia-civil-visitan-picos-117400039.html%3Futm_medium%3DSocial%26utm_campaign%3DEchobox%26utm_source%3DFacebook%26fbclid%3DIwY2xjawKT5GpleHRuA2FlbQIxMABicmlkETB3ZUxzZ09mMURTZFgwSzFSAR4PUL-WnpKkoocnOWEpy1-wr8zoNQg6hFgl9SUaP3LoAtG2eLixNdJr4EV86Q_aem_JEaRE0xNjnYvdXIy8mlxYw%23Echobox%3D1747238746&amp;refer=embed&amp;embed_source=121374463%2C121468991%2C121439635%2C121433650%2C121404358%2C121497414%2C121477481%2C121351166%2C121487028%2C73347566%2C121331973%2C120811592%2C120810756%2C121503376%3Bnull%3Bembed_comment_button&amp;referer_video_id=7504278785517194518\"> videu del mozu<\/a> \/ <a href=\"https:\/\/www.elcomercio.es\/asturias\/polemico-video-ruta-cares-joven-tira-piedra-20250514140144-nt.html\">El Comercio<\/a> \/<\/li>\n<\/ul>\n<p style=\"text-align: center\"><a href=\"https:\/\/s3.ppllstatics.com\/elcomercio\/www\/multimedia\/2025\/05\/14\/piedra-rio-cares-U210583415670b6F-U2301769032548e4C-1200x840@El%20Comercio.jpg\"><img loading=\"lazy\" decoding=\"async\" class=\"aligncenter size-large\" src=\"https:\/\/s3.ppllstatics.com\/elcomercio\/www\/multimedia\/2025\/05\/14\/piedra-rio-cares-U210583415670b6F-U2301769032548e4C-1200x840@El%20Comercio.jpg\" width=\"1200\" height=\"840\" \/><\/a><\/p>\n<p>Alarma en viendo a un mozu llanzando una enorme piedra n&#8217;una famosa ruta asturiana, la Ruta del Cares. Tenemos de curiar el mediu ambiente y nun se pueden tirar piedres, menos dende un monte. Hai que pensar na xente que fai la ruta, los animales que viven nesi llugar y que nun ta bien.<\/p>\n<p><!--more--><\/p>\n<p>Llanzar una roca de grandes dimensiones al vaciu nel parque nacional de los Picos d&#8217;Europa puede salite \u00abbien caru\u00bb. Tan caru como que la multa xubir\u00eda a ente 5.001 y 200.000 euros. Asina lo alvierte la Guardia Civil, dempu\u00e9s de faese viral el v\u00eddeu d&#8217;un mozu\u00a0 tirando xuna enorme piedra al r\u00edu y ri\u00e9ndose de la so \u00abfaza\u00f1a\u00bb.<\/p>\n<p>El llanzamientu foi dende dellos metros d&#8217;altor, provocando un gran estrueldu al impactar la roca col calce del r\u00edu. El mozu rise y la persona que graba&#8217;l v\u00eddeu tami\u00e9n.<\/p>\n<p>Son cientos los mensaxes de respuesta, toos ellos bien cr\u00edticos cola peligrosa acci\u00f3n del nuevu.<\/p>\n<p>&nbsp;<\/p>\n","protected":false},"excerpt":{"rendered":"<p>LNE \/ videu del mozu \/ El Comercio \/ Alarma en viendo a un mozu llanzando una enorme piedra n&#8217;una famosa ruta asturiana, la Ruta del Cares. Tenemos de curiar el mediu ambiente y nun se pueden tirar piedres, menos dende un monte. Hai que pensar na xente que fai la ruta, los animales que [&hellip;]<\/p>\n","protected":false},"author":117,"featured_media":0,"comment_status":"open","ping_status":"open","sticky":false,"template":"","format":"standard","meta":{"footnotes":""},"categories":[225],"tags":[],"class_list":["post-48462","post","type-post","status-publish","format-standard","hentry","category-rutes"],"_links":{"self":[{"href":"https:\/\/edublog.educastur.es\/ixuxu\/wp-json\/wp\/v2\/posts\/48462","targetHints":{"allow":["GET"]}}],"collection":[{"href":"https:\/\/edublog.educastur.es\/ixuxu\/wp-json\/wp\/v2\/posts"}],"about":[{"href":"https:\/\/edublog.educastur.es\/ixuxu\/wp-json\/wp\/v2\/types\/post"}],"author":[{"embeddable":true,"href":"https:\/\/edublog.educastur.es\/ixuxu\/wp-json\/wp\/v2\/users\/117"}],"replies":[{"embeddable":true,"href":"https:\/\/edublog.educastur.es\/ixuxu\/wp-json\/wp\/v2\/comments?post=48462"}],"version-history":[{"count":7,"href":"https:\/\/edublog.educastur.es\/ixuxu\/wp-json\/wp\/v2\/posts\/48462\/revisions"}],"predecessor-version":[{"id":48522,"href":"https:\/\/edublog.educastur.es\/ixuxu\/wp-json\/wp\/v2\/posts\/48462\/revisions\/48522"}],"wp:attachment":[{"href":"https:\/\/edublog.educastur.es\/ixuxu\/wp-json\/wp\/v2\/media?parent=48462"}],"wp:term":[{"taxonomy":"category","embeddable":true,"href":"https:\/\/edublog.educastur.es\/ixuxu\/wp-json\/wp\/v2\/categories?post=48462"},{"taxonomy":"post_tag","embeddable":true,"href":"https:\/\/edublog.educastur.es\/ixuxu\/wp-json\/wp\/v2\/tags?post=48462"}],"curies":[{"name":"wp","href":"https:\/\/api.w.org\/{rel}","templated":true}]}}