{"id":48531,"date":"2025-05-16T17:27:14","date_gmt":"2025-05-16T15:27:14","guid":{"rendered":"https:\/\/edublog.educastur.es\/ixuxu\/?p=48531"},"modified":"2025-05-16T17:28:21","modified_gmt":"2025-05-16T15:28:21","slug":"selmana-coeducacion-la-mio-escuela-ye-plural-nel-colexu","status":"publish","type":"post","link":"https:\/\/edublog.educastur.es\/ixuxu\/2025\/05\/selmana-coeducacion-la-mio-escuela-ye-plural-nel-colexu\/","title":{"rendered":"Selmana coeducaci\u00f3n nel colexu: \u00abLa mio escuela ye plural\u00bb"},"content":{"rendered":"<p style=\"text-align: center\"><img loading=\"lazy\" decoding=\"async\" class=\"aligncenter size-large\" src=\"https:\/\/www.realkiddys.com\/wp-content\/uploads\/2016\/09\/coeducacion-para-coeducar.png\" width=\"1458\" height=\"619\" \/><\/p>\n<p>La <span style=\"color: #800080\"><strong>selmana del 26 al 30 de mayu de 2025,<\/strong><\/span> vamos realizar nel centru la SELMANA DE LA COEDUCACI\u00d3N \u00abLA MIO ESCUELA YE PLURAL\u00bb. Nunos d\u00edes vais tener disponible tola informaci\u00f3n de les actividaes que vamos realizar nos distintos niveles del centru (EI\/EP).<\/p>\n<p><!--more--><\/p>\n<p><em><span style=\"color: #800080\">La<strong> coeducaci\u00f3n<\/strong>, nel \u00e1mbitu de la educaci\u00f3n, referierse a la ense\u00f1anza na mesma aula y col mesmu sistema educativu a alumnos de dambos sexos. M\u00e1s all\u00e1 de la simple convivencia mista, la coeducaci\u00f3n busca una educaci\u00f3n que fomente la iguald\u00e1 ente ne\u00f1es y ne\u00f1os, esaniciando estereotipos de x\u00e9neru y promoviendo la diversid\u00e1.<\/span><\/em><\/p>\n<p>&nbsp;<\/p>\n<p>&nbsp;<\/p>\n","protected":false},"excerpt":{"rendered":"<p>La selmana del 26 al 30 de mayu de 2025, vamos realizar nel centru la SELMANA DE LA COEDUCACI\u00d3N \u00abLA MIO ESCUELA YE PLURAL\u00bb. Nunos d\u00edes vais tener disponible tola informaci\u00f3n de les actividaes que vamos realizar nos distintos niveles del centru (EI\/EP).<\/p>\n","protected":false},"author":117,"featured_media":0,"comment_status":"open","ping_status":"open","sticky":false,"template":"","format":"standard","meta":{"footnotes":""},"categories":[374,144],"tags":[],"class_list":["post-48531","post","type-post","status-publish","format-standard","hentry","category-coeducacion","category-semana-de"],"_links":{"self":[{"href":"https:\/\/edublog.educastur.es\/ixuxu\/wp-json\/wp\/v2\/posts\/48531","targetHints":{"allow":["GET"]}}],"collection":[{"href":"https:\/\/edublog.educastur.es\/ixuxu\/wp-json\/wp\/v2\/posts"}],"about":[{"href":"https:\/\/edublog.educastur.es\/ixuxu\/wp-json\/wp\/v2\/types\/post"}],"author":[{"embeddable":true,"href":"https:\/\/edublog.educastur.es\/ixuxu\/wp-json\/wp\/v2\/users\/117"}],"replies":[{"embeddable":true,"href":"https:\/\/edublog.educastur.es\/ixuxu\/wp-json\/wp\/v2\/comments?post=48531"}],"version-history":[{"count":2,"href":"https:\/\/edublog.educastur.es\/ixuxu\/wp-json\/wp\/v2\/posts\/48531\/revisions"}],"predecessor-version":[{"id":48533,"href":"https:\/\/edublog.educastur.es\/ixuxu\/wp-json\/wp\/v2\/posts\/48531\/revisions\/48533"}],"wp:attachment":[{"href":"https:\/\/edublog.educastur.es\/ixuxu\/wp-json\/wp\/v2\/media?parent=48531"}],"wp:term":[{"taxonomy":"category","embeddable":true,"href":"https:\/\/edublog.educastur.es\/ixuxu\/wp-json\/wp\/v2\/categories?post=48531"},{"taxonomy":"post_tag","embeddable":true,"href":"https:\/\/edublog.educastur.es\/ixuxu\/wp-json\/wp\/v2\/tags?post=48531"}],"curies":[{"name":"wp","href":"https:\/\/api.w.org\/{rel}","templated":true}]}}