{"id":48535,"date":"2025-05-16T09:00:00","date_gmt":"2025-05-16T07:00:00","guid":{"rendered":"https:\/\/edublog.educastur.es\/ixuxu\/?p=48535"},"modified":"2025-05-16T17:42:52","modified_gmt":"2025-05-16T15:42:52","slug":"dia-internacional-de-la-convivencia-en-paz-2","status":"publish","type":"post","link":"https:\/\/edublog.educastur.es\/ixuxu\/2025\/05\/dia-internacional-de-la-convivencia-en-paz-2\/","title":{"rendered":"D\u00eda Internacional de la Convivencia en Paz."},"content":{"rendered":"<p style=\"text-align: center\"><a href=\"https:\/\/www.un.org\/sites\/un2.un.org\/files\/styles\/banner-image-style-27-10\/public\/living-in-peace-day-banner.jpg\"><img loading=\"lazy\" decoding=\"async\" class=\"aligncenter size-large\" src=\"https:\/\/www.un.org\/sites\/un2.un.org\/files\/styles\/banner-image-style-27-10\/public\/living-in-peace-day-banner.jpg\" width=\"1350\" height=\"500\" \/><\/a><\/p>\n<p>Una de les nueses misiones nes aules ye que los alumnos y alumnes apriendan a vivir n&#8217;harmon\u00eda y asina crear un mundu m\u00e1s xustu nel que primen el respetu, la tolerancia y la solidarid\u00e1. Ye una xornada que se celebra a\u00f1almente&#8217;l 16 de mayu dende 2018, establecida pola <a href=\"https:\/\/www.un.org\/es\/observances\/living-in-peace-day\">Asamblea Xeneral de les Naciones Xun\u00edes<\/a> el 8 d&#8217;avientu de 2017. <a href=\"https:\/\/www.un.org\/es\/observances\/living-in-peace-day\">ONU<\/a> \/<\/p>\n<p><!--more--><\/p>\n<p><strong>Convivir en paz: un procesu necesariu para&#8217;l desenvolvimientu sostenible<\/strong>. La paz non y\u00e1 ye l&#8217;ausencia de conflictos. Convivir en paz consiste n&#8217;aceptar les diferencies y tener la capacid\u00e1 d&#8217;escuchar, reconocer, respetar y apreciar a los dem\u00e1s, seg\u00fan vivir de forma pac\u00edfica y xunida. Ye un procesu positivu, din\u00e1micu y participativu en que se debe promover el di\u00e1logu y solucionar los conflictos con un esp\u00edritu d&#8217;entendimientu y cooperaci\u00f3n mutuos.<\/p>\n<p>L&#8217;Asamblea Xeneral, reconociendo la necesid\u00e1 d&#8217;esaniciar toles formes de discriminaci\u00f3n ya intolerancia, nel so resolvimientu 72\/130, declar\u00f3&#8217;l 16 de mayu como&#8217;l D\u00eda Internacional de la Convivencia en Paz, <strong>enfatizando la importante funci\u00f3n de la socied\u00e1 civil, incluy\u00edos el mundu acad\u00e9micu y los grupos de voluntarios, nel fomentu del di\u00e1logu ente relixones y cultures<\/strong>, y afalando a que se sofiten mid\u00edes pr\u00e1ctiques que movilicen a la socied\u00e1 civil, como la creaci\u00f3n de capacid\u00e1, oportunidaes y marcos de cooperaci\u00f3n.<\/p>\n<p style=\"text-align: center\"><a href=\"https:\/\/i0.wp.com\/cihispanoarabe.org\/wp-content\/uploads\/2017\/12\/Cabecera-D%C3%ADa-Internacional-de-la-Convivencia-en-Paz.png?fit=1038%2C485&amp;ssl=1\"><img loading=\"lazy\" decoding=\"async\" class=\"aligncenter \" src=\"https:\/\/i0.wp.com\/cihispanoarabe.org\/wp-content\/uploads\/2017\/12\/Cabecera-D%C3%ADa-Internacional-de-la-Convivencia-en-Paz.png?fit=1038%2C485&amp;ssl=1\" width=\"643\" height=\"300\" \/><\/a><\/p>\n<p>La Declaraci\u00f3n del Mileniu y el so resolvimientu resolvimientu 70\/1, de 25 de setiembre de 2015, titulada \u00abTresformar el nuesu mundu: l&#8217;Axenda 2030 pal Desenvolvimientu Sostenible\u00bb, establez la importancia de favorecer sociedaes pac\u00edfiques, xustes ya inclusives que tean llibres de la medrana y la violencia. Nun puede haber desenvolvimientu sostenible ensin paz, nin paz ensin desenvolvimientu sostenible.<\/p>\n<p style=\"text-align: center\">\n<!-- iframe plugin v.6.0 wordpress.org\/plugins\/iframe\/ -->\n<iframe loading=\"lazy\" src=\"https:\/\/www.facebook.com\/plugins\/post.php?href=https%3A%2F%2Fwww.facebook.com%2Floqueleosantillanaspain%2Fposts%2Fpfbid0tBtq6WiiVMjEjcFr9YQhbmKoYV2qTiok6UpH42AABHQHcVoPQeBZYphjq6PKrpMBl&#038;show_text=false&#038;width=500\" width=\"500\" height=\"388\" style=\"border:none;overflow:hidden\" scrolling=\"no\" frameborder=\"0\" allowfullscreen=\"true\" allow=\"autoplay; clipboard-write; encrypted-media; picture-in-picture; web-share\" 0=\"\/iframe\" class=\"iframe-class\"><\/iframe>\n<\/p>\n<p>Teniendo presente los prop\u00f3sitos y principios de la Carta de les Naciones Xun\u00edes y especialmente l&#8217;enfotu en caltener a les xeneraciones vinientes del flaxelu de la guerra, l&#8217;Asamblea Xeneral convida a tolos Estaos Miembros a que sigan promoviendo la reconciliaci\u00f3n, pa contribuyir a faer realid\u00e1 la paz duradera y el desenvolvimientu sostenible trabayando coles comunidaes, los dirixentes relixosos y otros axentes competentes, al travi\u00e9s de mid\u00edes conciliadores y servicios altruistes, ente otros medios, y afalando el perd\u00f3n y la compasi\u00f3n ente les persones.<\/p>\n<p style=\"text-align: center\"><a href=\"https:\/\/www.betera.com\/wp-content\/uploads\/2021\/05\/dove-3426187_1920.jpg\"><img loading=\"lazy\" decoding=\"async\" class=\"aligncenter size-large\" src=\"https:\/\/www.betera.com\/wp-content\/uploads\/2021\/05\/dove-3426187_1920.jpg\" width=\"1920\" height=\"1078\" \/><\/a><\/p>\n<p>&nbsp;<\/p>\n<p>&nbsp;<\/p>\n","protected":false},"excerpt":{"rendered":"<p>Una de les nueses misiones nes aules ye que los alumnos y alumnes apriendan a vivir n&#8217;harmon\u00eda y asina crear un mundu m\u00e1s xustu nel que primen el respetu, la tolerancia y la solidarid\u00e1. Ye una xornada que se celebra a\u00f1almente&#8217;l 16 de mayu dende 2018, establecida pola Asamblea Xeneral de les Naciones Xun\u00edes el [&hellip;]<\/p>\n","protected":false},"author":117,"featured_media":0,"comment_status":"open","ping_status":"open","sticky":false,"template":"","format":"standard","meta":{"footnotes":""},"categories":[6],"tags":[],"class_list":["post-48535","post","type-post","status-publish","format-standard","hentry","category-dia-de"],"_links":{"self":[{"href":"https:\/\/edublog.educastur.es\/ixuxu\/wp-json\/wp\/v2\/posts\/48535","targetHints":{"allow":["GET"]}}],"collection":[{"href":"https:\/\/edublog.educastur.es\/ixuxu\/wp-json\/wp\/v2\/posts"}],"about":[{"href":"https:\/\/edublog.educastur.es\/ixuxu\/wp-json\/wp\/v2\/types\/post"}],"author":[{"embeddable":true,"href":"https:\/\/edublog.educastur.es\/ixuxu\/wp-json\/wp\/v2\/users\/117"}],"replies":[{"embeddable":true,"href":"https:\/\/edublog.educastur.es\/ixuxu\/wp-json\/wp\/v2\/comments?post=48535"}],"version-history":[{"count":4,"href":"https:\/\/edublog.educastur.es\/ixuxu\/wp-json\/wp\/v2\/posts\/48535\/revisions"}],"predecessor-version":[{"id":48539,"href":"https:\/\/edublog.educastur.es\/ixuxu\/wp-json\/wp\/v2\/posts\/48535\/revisions\/48539"}],"wp:attachment":[{"href":"https:\/\/edublog.educastur.es\/ixuxu\/wp-json\/wp\/v2\/media?parent=48535"}],"wp:term":[{"taxonomy":"category","embeddable":true,"href":"https:\/\/edublog.educastur.es\/ixuxu\/wp-json\/wp\/v2\/categories?post=48535"},{"taxonomy":"post_tag","embeddable":true,"href":"https:\/\/edublog.educastur.es\/ixuxu\/wp-json\/wp\/v2\/tags?post=48535"}],"curies":[{"name":"wp","href":"https:\/\/api.w.org\/{rel}","templated":true}]}}