{"id":48543,"date":"2025-05-16T17:51:32","date_gmt":"2025-05-16T15:51:32","guid":{"rendered":"https:\/\/edublog.educastur.es\/ixuxu\/?p=48543"},"modified":"2025-05-16T17:51:32","modified_gmt":"2025-05-16T15:51:32","slug":"el-camin-del-salvador-nasturies-un-regalu-desconociu-paral-pelegrin","status":"publish","type":"post","link":"https:\/\/edublog.educastur.es\/ixuxu\/2025\/05\/el-camin-del-salvador-nasturies-un-regalu-desconociu-paral-pelegrin\/","title":{"rendered":"El Cam\u00edn d&#8217;El Salvador n&#8217;Asturies: un regalu desconoc\u00edu para&#8217;l pelegr\u00edn"},"content":{"rendered":"<ul>\n<li><a href=\"https:\/\/www.revistaoxigeno.es\/viajes\/camino-salvador-en-asturias-regalo-desconocido-peregrino_309140_102.html?fbclid=IwY2xjawKUPGRleHRuA2FlbQIxMQBicmlkETFlTnVIaWZKbzdRR28xRnFVAR7CnaXhp4r4-_Ixb--LypmwSVoX9GERYMQsIk1S0T9YgjksBizUglZf2iKnJA_aem_jJmmwl9BlETSUlJW9d8HYw\">revista Ox\u00edgeno<\/a> \/<\/li>\n<\/ul>\n<p style=\"text-align: center\"><a href=\"https:\/\/www.revistaoxigeno.es\/uploads\/s1\/14\/15\/17\/86\/camino-del-salvador-original_2_790x454.jpeg\"><img loading=\"lazy\" decoding=\"async\" class=\"aligncenter size-large\" src=\"https:\/\/www.revistaoxigeno.es\/uploads\/s1\/14\/15\/17\/86\/camino-del-salvador-original_2_790x454.jpeg\" width=\"790\" height=\"454\" \/><\/a><\/p>\n<p>Una ruta formosa, esixente y pocu conocida para redescubrir Asturies al travi\u00e9s d&#8217;una esperiencia incomparable.<\/p>\n<p><!--more--><\/p>\n<p><strong>L&#8217;orixe d&#8217;El Cam\u00edn d&#8217;El Salvador. <\/strong>Esta hestoria empieza nel sieglu VII, cuando los perses dirixir escontra Jerusal\u00e9n. La comunid\u00e1 cristiana decide poner a salvo les sos m\u00e1s preciaes reliquies, que guarda n&#8217;un arca de cedru, y qu&#8217;unvia nun trabancosu viaxe, n&#8217;una fuxida que va atopar socesivos allugamientos para curiala y que dura sieglos, al travi\u00e9s del Mediterr\u00e1neu hasta llegar a Hispalis-Sevilla en Hispania.<\/p>\n<p>Cola invasi\u00f3n \u00e1rabe l&#8217;Arca reinicia un \u00e9xodu escontra&#8217;l Cordal Cant\u00e1bricu. Dende&#8217;l m\u00edticu monte Monsacro, a la vista d&#8217;un Uvi\u00e9u\/Uvi\u00e9u benefici\u00e1u pol rei Fruela I (757-768) l&#8217;Arca treslladar nel sieglu IX a una c\u00e1mara mesma de la bas\u00edlica prerrom\u00e1nica de San Salvador, convertida en catedral (see obispal) na capital del Reinu d&#8217;Asturies por Alfonso II.<\/p>\n<p>Nesa C\u00e1mara Santa all\u00fagase la nuesa Arca, y va dir sumando nueves reliquies (restos de m\u00e1rtires, Cruz de los \u00c1nxeles, Cruz de la Victoria\u2026) convirti\u00e9ndose en meta de pelegrinaxe para la cristiand\u00e1. Ell\u00ed, nel a\u00f1u 1075, el rei Alfonso VI ordena abrir, pos dempu\u00e9s de tantes centuries desconoz l&#8217;ayalga qu&#8217;alluga. L&#8217;Arca vivi\u00f3&#8217;l so propiu pelegrinar. En el so interior afayen reliquies estelantes como&#8217;l Santu Sudariu de Cristu. Esti afayu alica l&#8217;antigua tradici\u00f3n de venerar les reliquies de l&#8217;Arca Santa per miles de pelegrinos, y\u00e1 nel so itinerariu d&#8217;ida o vuelta a Santiago de Compostela, g\u00fcei convertida una de les m\u00e1s desconoc\u00edes y formoses, regalu para senderistas y avezados cicloturistes, allo\u00f1ada de la masificaci\u00f3n. Una oportunid\u00e1 para redescubrir Asturies al travi\u00e9s de los sos montes y paraxes m\u00e1s insospechados: el Cam\u00edn d&#8217;El Salvador.<\/p>\n<p><strong>Hospitalid\u00e1, patrimoniu, sidrer\u00edes, fiestes locales o mil escuses para improvisar.<\/strong><\/p>\n<p>Si Uvi\u00e9u ye&#8217;l trubiecu del Cam\u00edn de Santiago col Cam\u00edn Primitivu, el qu&#8217;empecipi\u00f3 toles rute.s xacobees, El Salvador supon la reafirmaci\u00f3n del so venceyu con Compostela, al a\u00f1edir un mandatu espiritual para cualquier pelegr\u00edn:<em> \u201cQuien va a Santiago y non al Salvador, visita al cri\u00e1u y escaez al Se\u00f1or\u201d.<\/em><\/p>\n<p>Sicas\u00ed, m\u00e1s qu&#8217;un mandatu, el lema convirti\u00f3se angua\u00f1o n&#8217;una invitaci\u00f3n casi inevitable, nun viaxe distintu al restu de trayectos compostelanos poles sos etapes montascoses, seles, formoses y rurales, con animales y vexetaci\u00f3n propies, senderos, patrimoniu y gastronom\u00eda que dexen memoria y\u00e1 que el silenciu que de cutiu te acompa\u00f1a caltien cierta espiritualid\u00e1, conecta de dalguna forma con tantos sieglos d&#8217;hestoria d&#8217;esti corredor cultural. Hai coses que nun se pueden esplicar. Ye lo que siempres cunten quien vivieron el Cam\u00edn como daqu\u00e9 m\u00e1s qu&#8217;un encadenar pasos y sitios.<\/p>\n<p style=\"text-align: center\"><a href=\"https:\/\/www.revistaoxigeno.es\/uploads\/s1\/14\/15\/17\/99\/hayedo-de-valgrande-vista-panoramica-desde-pajares-original_2_790x454.jpeg\"><img decoding=\"async\" src=\"https:\/\/www.revistaoxigeno.es\/uploads\/s1\/14\/15\/17\/99\/hayedo-de-valgrande-vista-panoramica-desde-pajares-original_2_790x454.jpeg\" \/><\/a><\/p>\n<p style=\"text-align: center\"><em>Fayedal de Valgrande dende Payares. Foto: Juan de Tury \/ Turismu Asturies<\/em><\/p>\n<p><strong>Una ruta esixente y bello a partes iguales. <\/strong>El Salvador, no pr\u00e1ctico, rique bona forma f\u00edsica, una y bones dellos tramos de los sos 120 km. trescurren per altu monte y pasos de 1.565 metros d&#8217;altit\u00fa, con neveros ent\u00e1 en primavera, meteorolox\u00eda cambiante, o&#8217;l descensu del terrible Puertu de Payares (1.378 metros), por onde&#8217;l traz\u00e1u entra n&#8217;Asturies dende&#8217;l so arranque al pie del Parador de San Marcos en Lli\u00f3n.<\/p>\n<p>Sicas\u00ed, l&#8217;esfuerzu d&#8217;esos tramu compensar les temperatures atentes de marzu a ochobre, los paisaxes Acuta de la Biosfera Ubi\u00f1as-La Mesa pintaos pelos cientos de tonalidaes qu&#8217;adquier el verde \u00e1stur, con vistes telesc\u00f3piques, maxestoses, pa baxar per senderos se\u00f1alizaos ente localidaes onde vas atopar albergues, taxis y tresportes d&#8217;equipaxes, o casi cualquier serviciu que precises.<\/p>\n<p>Arriendes de hospitalid\u00e1, patrimoniu, sidrer\u00edes, fiestes locales o mil escuses pa improvisar. Vas Poder afaer les xornaes a les tos fuerces y les tos ganes, gracies al planificador online. Los pasos, nel Cam\u00edn, encami\u00e9ntense tami\u00e9n al azar, non nam\u00e1 a un r\u00edxidu plan.<\/p>\n","protected":false},"excerpt":{"rendered":"<p>revista Ox\u00edgeno \/ Una ruta formosa, esixente y pocu conocida para redescubrir Asturies al travi\u00e9s d&#8217;una esperiencia incomparable.<\/p>\n","protected":false},"author":117,"featured_media":0,"comment_status":"open","ping_status":"open","sticky":false,"template":"","format":"standard","meta":{"footnotes":""},"categories":[187],"tags":[],"class_list":["post-48543","post","type-post","status-publish","format-standard","hentry","category-camin-de-santiagu"],"_links":{"self":[{"href":"https:\/\/edublog.educastur.es\/ixuxu\/wp-json\/wp\/v2\/posts\/48543","targetHints":{"allow":["GET"]}}],"collection":[{"href":"https:\/\/edublog.educastur.es\/ixuxu\/wp-json\/wp\/v2\/posts"}],"about":[{"href":"https:\/\/edublog.educastur.es\/ixuxu\/wp-json\/wp\/v2\/types\/post"}],"author":[{"embeddable":true,"href":"https:\/\/edublog.educastur.es\/ixuxu\/wp-json\/wp\/v2\/users\/117"}],"replies":[{"embeddable":true,"href":"https:\/\/edublog.educastur.es\/ixuxu\/wp-json\/wp\/v2\/comments?post=48543"}],"version-history":[{"count":1,"href":"https:\/\/edublog.educastur.es\/ixuxu\/wp-json\/wp\/v2\/posts\/48543\/revisions"}],"predecessor-version":[{"id":48544,"href":"https:\/\/edublog.educastur.es\/ixuxu\/wp-json\/wp\/v2\/posts\/48543\/revisions\/48544"}],"wp:attachment":[{"href":"https:\/\/edublog.educastur.es\/ixuxu\/wp-json\/wp\/v2\/media?parent=48543"}],"wp:term":[{"taxonomy":"category","embeddable":true,"href":"https:\/\/edublog.educastur.es\/ixuxu\/wp-json\/wp\/v2\/categories?post=48543"},{"taxonomy":"post_tag","embeddable":true,"href":"https:\/\/edublog.educastur.es\/ixuxu\/wp-json\/wp\/v2\/tags?post=48543"}],"curies":[{"name":"wp","href":"https:\/\/api.w.org\/{rel}","templated":true}]}}