{"id":48566,"date":"2025-05-15T09:00:13","date_gmt":"2025-05-15T07:00:13","guid":{"rendered":"https:\/\/edublog.educastur.es\/ixuxu\/?p=48566"},"modified":"2025-05-16T18:40:39","modified_gmt":"2025-05-16T16:40:39","slug":"dia-internacional-de-la-familia-2","status":"publish","type":"post","link":"https:\/\/edublog.educastur.es\/ixuxu\/2025\/05\/dia-internacional-de-la-familia-2\/","title":{"rendered":"D\u00eda Internacional de La Familia."},"content":{"rendered":"<ul>\n<li>\n<h2 class=\"html-h2 x11i5rnm xat24cr x1mh8g0r xexx8yu x4uap5 x18d9i69 xkhd6sd x1vvkbs x1heor9g x1qlqyl8 x1pd3egz x1a2a7pz x1gslohp\"><span style=\"font-size: 16px\"><span class=\"x193iq5w xeuugli x13faqbe x1vvkbs x1xmvt09 x1f6kntn xvq8zen xo1l8bm xi81zsa\"><span class=\"xt0psk2\"><span class=\"xjp7ctv\"><a class=\"x1i10hfl xjbqb8w x1ejq31n xd10rxx x1sy0etr x17r0tee x972fbf xcfux6l x1qhh985 xm0m39n x9f619 x1ypdohk xt0psk2 xe8uvvx xdj266r x11i5rnm xat24cr x1mh8g0r xexx8yu x4uap5 x18d9i69 xkhd6sd x16tdsg8 x1hl2dhg xggy1nq x1a2a7pz xkrqix3 x1sur9pj xzsf02u x1s688f\" role=\"link\" href=\"https:\/\/www.facebook.com\/XuntesyDiverses?__cft__[0]=AZX8XrD1_aK85y1r3lxx-h6hTJGOj00ycRVW21uxFsHEWblnmtQnfk3Uwui7r1fStJvlUbU6LXsGS-eQY7nsIJ9ONns1OmjncTb-xWwjdX-gDGJd6zb1YYk0JJPTHcy4fUA9ziyMCriGmEQJpUVQWAwuCTpGdlPVdi3pbX2dd043KS-cMI-54Zhj3woUSJ_9wYKvcNFuVYcpK1gzS_L7s2-kQaFDZp8CsMsqyEwsFlKNxQ&amp;__tn__=-UC*F\">Xuntes y Diverses<\/a> <\/span><\/span><\/span>\/<\/span><\/h2>\n<\/li>\n<\/ul>\n<p style=\"text-align: center\">\n<!-- iframe plugin v.6.0 wordpress.org\/plugins\/iframe\/ -->\n<iframe loading=\"lazy\" src=\"https:\/\/www.facebook.com\/plugins\/post.php?href=https%3A%2F%2Fwww.facebook.com%2FXuntesyDiverses%2Fposts%2Fpfbid0eFxX7BC2QzLS16D8UcVaQRpSTT76FG4XHCNk2xnkVRytKpq6DKtJ1Jzyvn8MmmEfl&#038;show_text=false&#038;width=500\" width=\"500\" height=\"498\" style=\"border:none;overflow:hidden\" scrolling=\"no\" frameborder=\"0\" allowfullscreen=\"true\" allow=\"autoplay; clipboard-write; encrypted-media; picture-in-picture; web-share\" 0=\"\/iframe\" class=\"iframe-class\"><\/iframe>\n<\/p>\n<p><em>G\u00fcei celebramos la diversid\u00e1 y l&#8217;amor que xune a toles families, porque la familia nun tien una sola forma nin un solu color. <\/em><em>Y\u00e1 s\u00eda una familia tradicional, homoparental, monoparental, familia escoyida o cualesquier otra que construyeres con ci\u00f1u y respetu, <strong>toes son el reflexu m\u00e1s puru del sofitu, la complicid\u00e1 y l&#8217;amor incondicional.<\/strong> Nesti d\u00eda, recordamos que <strong>lo que realmente importa ye&#8217;l venceyu que nos sostien y fainos crecer xuntos, m\u00e1s all\u00e1 de les etiquetes o estructures. <\/strong>\u00a1Feliz D\u00eda a toes eses families que nos ense\u00f1en que l&#8217;amor ye&#8217;l verdaderu llar!<\/em><\/p>\n","protected":false},"excerpt":{"rendered":"<p>Xuntes y Diverses \/ G\u00fcei celebramos la diversid\u00e1 y l&#8217;amor que xune a toles families, porque la familia nun tien una sola forma nin un solu color. Y\u00e1 s\u00eda una familia tradicional, homoparental, monoparental, familia escoyida o cualesquier otra que construyeres con ci\u00f1u y respetu, toes son el reflexu m\u00e1s puru del sofitu, la complicid\u00e1 [&hellip;]<\/p>\n","protected":false},"author":117,"featured_media":0,"comment_status":"open","ping_status":"open","sticky":false,"template":"","format":"standard","meta":{"footnotes":""},"categories":[6],"tags":[],"class_list":["post-48566","post","type-post","status-publish","format-standard","hentry","category-dia-de"],"_links":{"self":[{"href":"https:\/\/edublog.educastur.es\/ixuxu\/wp-json\/wp\/v2\/posts\/48566","targetHints":{"allow":["GET"]}}],"collection":[{"href":"https:\/\/edublog.educastur.es\/ixuxu\/wp-json\/wp\/v2\/posts"}],"about":[{"href":"https:\/\/edublog.educastur.es\/ixuxu\/wp-json\/wp\/v2\/types\/post"}],"author":[{"embeddable":true,"href":"https:\/\/edublog.educastur.es\/ixuxu\/wp-json\/wp\/v2\/users\/117"}],"replies":[{"embeddable":true,"href":"https:\/\/edublog.educastur.es\/ixuxu\/wp-json\/wp\/v2\/comments?post=48566"}],"version-history":[{"count":2,"href":"https:\/\/edublog.educastur.es\/ixuxu\/wp-json\/wp\/v2\/posts\/48566\/revisions"}],"predecessor-version":[{"id":48569,"href":"https:\/\/edublog.educastur.es\/ixuxu\/wp-json\/wp\/v2\/posts\/48566\/revisions\/48569"}],"wp:attachment":[{"href":"https:\/\/edublog.educastur.es\/ixuxu\/wp-json\/wp\/v2\/media?parent=48566"}],"wp:term":[{"taxonomy":"category","embeddable":true,"href":"https:\/\/edublog.educastur.es\/ixuxu\/wp-json\/wp\/v2\/categories?post=48566"},{"taxonomy":"post_tag","embeddable":true,"href":"https:\/\/edublog.educastur.es\/ixuxu\/wp-json\/wp\/v2\/tags?post=48566"}],"curies":[{"name":"wp","href":"https:\/\/api.w.org\/{rel}","templated":true}]}}