{"id":48583,"date":"2025-05-17T08:32:46","date_gmt":"2025-05-17T06:32:46","guid":{"rendered":"https:\/\/edublog.educastur.es\/ixuxu\/?p=48583"},"modified":"2025-05-17T19:40:32","modified_gmt":"2025-05-17T17:40:32","slug":"estau-del-tiempu-sabadu-17-mayu","status":"publish","type":"post","link":"https:\/\/edublog.educastur.es\/ixuxu\/2025\/05\/estau-del-tiempu-sabadu-17-mayu\/","title":{"rendered":"Est\u00e1u del tiempu: s\u00e1badu 17 mayu"},"content":{"rendered":"<div class=\"html-div xdj266r x11i5rnm xat24cr x1mh8g0r xexx8yu x4uap5 x18d9i69 xkhd6sd\">\n<div class=\"html-div xdj266r x11i5rnm x1mh8g0r x18d9i69 x1cy8zhl x78zum5 x1q0g3np xod5an3 xz9dl7a x1ye3gou xn6708d\">\n<div class=\"html-div xdj266r x11i5rnm xat24cr x1mh8g0r xexx8yu x4uap5 x18d9i69 xkhd6sd x1iyjqo2 xeuugli\">\n<div class=\"x78zum5 xdt5ytf xz62fqu x16ldp7u\">\n<div class=\"xu06os2 x1ok221b\">\n<div class=\"html-div xdj266r x11i5rnm xat24cr x1mh8g0r xexx8yu x4uap5 x18d9i69 xkhd6sd\" data-ad-rendering-role=\"profile_name\">\n<ul>\n<li id=\"\u00abrj2\u00bb\" class=\"html-h2 x11i5rnm xat24cr x1mh8g0r xexx8yu x4uap5 x18d9i69 xkhd6sd x1vvkbs x1heor9g x1qlqyl8 x1pd3egz x1a2a7pz x1gslohp x1yc453h\"><span class=\"xt0psk2\"><a class=\"x1i10hfl xjbqb8w x1ejq31n xd10rxx x1sy0etr x17r0tee x972fbf xcfux6l x1qhh985 xm0m39n x9f619 x1ypdohk xt0psk2 xe8uvvx xdj266r x11i5rnm xat24cr x1mh8g0r xexx8yu x4uap5 x18d9i69 xkhd6sd x16tdsg8 x1hl2dhg xggy1nq x1a2a7pz xkrqix3 x1sur9pj xzsf02u x1s688f\" role=\"link\" href=\"https:\/\/www.facebook.com\/eltiempuenasturies?__cft__[0]=AZVXTCwF48PTZ_GsPwZV2qqIH5QpU3qDvg5eMjPpHf_1oSAunOkYBYQJ-fNQSz-SSxScsP_Lo3Rj2LTFHJ2yPMZtZZ0-XRTEUMtMKLzHpkQQuW-_aVNHdwP29UPkUWqA2QkLIZvD16OxzeH6S2ubkJQrZWpgJUo0j-6JDMA927w88LQzQ9In3NO7tKgTEuncf4B5bo8m_5Ma0iBw5yz6GqSi&amp;__tn__=-UC%2CP-R\"><strong class=\"html-strong xdj266r x11i5rnm xat24cr x1mh8g0r xexx8yu x4uap5 x18d9i69 xkhd6sd x1hl2dhg x16tdsg8 x1vvkbs x1s688f\"><span class=\"html-span xdj266r x11i5rnm xat24cr x1mh8g0r xexx8yu x4uap5 x18d9i69 xkhd6sd x1hl2dhg x16tdsg8 x1vvkbs\">El Tiempu n&#8217;Asturies.<\/span><\/strong><\/a><\/span><\/li>\n<\/ul>\n<\/div>\n<\/div>\n<div class=\"xu06os2 x1ok221b\"><\/div>\n<\/div>\n<\/div>\n<\/div>\n<\/div>\n<div class=\"html-div xdj266r x11i5rnm xat24cr x1mh8g0r xexx8yu x4uap5 x18d9i69 xkhd6sd\">\n<div class=\"html-div xdj266r x11i5rnm xat24cr x1mh8g0r xexx8yu x4uap5 x18d9i69 xkhd6sd\" dir=\"auto\">\n<div class=\"html-div xdj266r x11i5rnm xat24cr x1mh8g0r xexx8yu x4uap5 x18d9i69 xkhd6sd\" data-ad-rendering-role=\"story_message\">\n<div id=\"\u00abrj4\u00bb\" class=\"x1l90r2v x1iorvi4 x1ye3gou xn6708d\" data-ad-comet-preview=\"message\" data-ad-preview=\"message\">\n<div class=\"x78zum5 xdt5ytf xz62fqu x16ldp7u\">\n<div class=\"xu06os2 x1ok221b\">\n<div class=\"x11i5rnm xat24cr x1mh8g0r x1vvkbs xtlvy1s x126k92a\">\n<div dir=\"auto\"><\/div>\n<\/div>\n<div class=\"x11i5rnm xat24cr x1mh8g0r x1vvkbs xtlvy1s x126k92a\">\n<ul>\n<li dir=\"auto\"><span style=\"color: #008080\"><strong>Alborecemos<\/strong><\/span> ente&#8217;l borr\u00edn y la nublina na fastera central asturiana, tando escampl\u00e1u nel restu con unes temperatures que tan alrodiu de los 13\u00baC, rexistr\u00e1ndose nel puirtu Payares 9,7\u00baC.<\/li>\n<\/ul>\n<\/div>\n<div class=\"x11i5rnm xat24cr x1mh8g0r x1vvkbs xtlvy1s x126k92a\">\n<ul>\n<li dir=\"auto\"><strong><span style=\"color: #008080\">G\u00fcei<\/span> <\/strong>mentantu esfruten del sol na mayor parte d&#8217;Asturies na fastera central dir\u00e1 dixebr\u00e1ndose&#8217;l borr\u00edn del alborecer hasta escamplar all\u00e1 al mediud\u00eda. Per otru ll\u00e1u aumentar\u00e1 la nubosid\u00e1 alta d&#8217;oeste a este anque solo conseguir\u00e1 empuercar dalgo&#8217;l cielu. Les temperatures n&#8217;ascensu y l&#8217;aire sele de componente norte-nord\u00e9s.<\/li>\n<\/ul>\n<p><!--more--><\/p>\n<\/div>\n<div class=\"x11i5rnm xat24cr x1mh8g0r x1vvkbs xtlvy1s x126k92a\">\n<ul>\n<li dir=\"auto\"><span style=\"color: #008080\"><strong>Ma\u00f1ana domingu<\/strong> va tar poco nuboso en xeneral pela ma\u00f1ana con un ascensu bultable de les temperatures, y\u00e1 pela tarde va dir medrando la nubosid\u00e1 de desendolque que mos dexar\u00e1 xarabatos de calter tormentosu na fastera ocidental d&#8217;Asturies, siendo menos probables cuantu m\u00e1s al oriente mos atopemos, asina y too llegar\u00e1n a toa Asturies pero y\u00e1 col camudu&#8217;l d\u00eda y durante&#8217;l riscar del llunes. L&#8217;aire sedr\u00e1 sele ya varibale en xeneral.<\/span><\/li>\n<\/ul>\n<\/div>\n<div class=\"x11i5rnm xat24cr x1mh8g0r x1vvkbs xtlvy1s x126k92a\">\n<ul>\n<li dir=\"auto\"><span style=\"color: #008080\"><strong>El llunes<\/strong> paez qu&#8217;un embolsamientu d&#8217;aire fr\u00edu n&#8217;altor va pasar perriba d&#8217;Asturies apurri\u00e9ndonos nubosid\u00e1 abondosa acompangada de xarabatos tormentosos xeneralizaos que podr\u00e1n tener calter moder\u00e1u con un descensu nidiu de les temperatures ya col aire que rolar\u00e1 a componente norte.<\/span><\/li>\n<\/ul>\n<\/div>\n<div class=\"x11i5rnm xat24cr x1mh8g0r x1vvkbs xtlvy1s x126k92a\">\n<ul>\n<li dir=\"auto\"><span style=\"color: #008080\"><strong>Pa m\u00e1s alantre<\/strong> <\/span>hai muncha incertidumbre, el modelu europ\u00e9u mos empobina tiempu casi ivernal, mentantu l&#8217;americanu dai m\u00e1s protagonismu al anticicl\u00f3n pa dir abraz\u00e1ndonos a lu llargu la selmana pero esto y\u00e1 lu diremos viendo.<\/li>\n<\/ul>\n<\/div>\n<\/div>\n<\/div>\n<\/div>\n<\/div>\n<\/div>\n<\/div>\n<p>&nbsp;<\/p>\n","protected":false},"excerpt":{"rendered":"<p>El Tiempu n&#8217;Asturies. Alborecemos ente&#8217;l borr\u00edn y la nublina na fastera central asturiana, tando escampl\u00e1u nel restu con unes temperatures que tan alrodiu de los 13\u00baC, rexistr\u00e1ndose nel puirtu Payares 9,7\u00baC. G\u00fcei mentantu esfruten del sol na mayor parte d&#8217;Asturies na fastera central dir\u00e1 dixebr\u00e1ndose&#8217;l borr\u00edn del alborecer hasta escamplar all\u00e1 al mediud\u00eda. Per otru [&hellip;]<\/p>\n","protected":false},"author":117,"featured_media":0,"comment_status":"open","ping_status":"open","sticky":false,"template":"","format":"standard","meta":{"footnotes":""},"categories":[5],"tags":[],"class_list":["post-48583","post","type-post","status-publish","format-standard","hentry","category-tiempu"],"_links":{"self":[{"href":"https:\/\/edublog.educastur.es\/ixuxu\/wp-json\/wp\/v2\/posts\/48583","targetHints":{"allow":["GET"]}}],"collection":[{"href":"https:\/\/edublog.educastur.es\/ixuxu\/wp-json\/wp\/v2\/posts"}],"about":[{"href":"https:\/\/edublog.educastur.es\/ixuxu\/wp-json\/wp\/v2\/types\/post"}],"author":[{"embeddable":true,"href":"https:\/\/edublog.educastur.es\/ixuxu\/wp-json\/wp\/v2\/users\/117"}],"replies":[{"embeddable":true,"href":"https:\/\/edublog.educastur.es\/ixuxu\/wp-json\/wp\/v2\/comments?post=48583"}],"version-history":[{"count":1,"href":"https:\/\/edublog.educastur.es\/ixuxu\/wp-json\/wp\/v2\/posts\/48583\/revisions"}],"predecessor-version":[{"id":48584,"href":"https:\/\/edublog.educastur.es\/ixuxu\/wp-json\/wp\/v2\/posts\/48583\/revisions\/48584"}],"wp:attachment":[{"href":"https:\/\/edublog.educastur.es\/ixuxu\/wp-json\/wp\/v2\/media?parent=48583"}],"wp:term":[{"taxonomy":"category","embeddable":true,"href":"https:\/\/edublog.educastur.es\/ixuxu\/wp-json\/wp\/v2\/categories?post=48583"},{"taxonomy":"post_tag","embeddable":true,"href":"https:\/\/edublog.educastur.es\/ixuxu\/wp-json\/wp\/v2\/tags?post=48583"}],"curies":[{"name":"wp","href":"https:\/\/api.w.org\/{rel}","templated":true}]}}