{"id":48585,"date":"2025-05-17T08:35:36","date_gmt":"2025-05-17T06:35:36","guid":{"rendered":"https:\/\/edublog.educastur.es\/ixuxu\/?p=48585"},"modified":"2025-05-17T19:47:27","modified_gmt":"2025-05-17T17:47:27","slug":"el-tiempu-el-comercio-48","status":"publish","type":"post","link":"https:\/\/edublog.educastur.es\/ixuxu\/2025\/05\/el-tiempu-el-comercio-48\/","title":{"rendered":"El tiempu (El Comercio)"},"content":{"rendered":"<p style=\"text-align: center\"><a href=\"https:\/\/s2.ppllstatics.com\/elcomercio\/www\/multimedia\/2025\/05\/16\/prevision-tiempo-asturias-kdW-U2301404163085IHH-1800x840@El%20Comercio.jpg\"><img loading=\"lazy\" decoding=\"async\" class=\"aligncenter size-large\" src=\"https:\/\/s2.ppllstatics.com\/elcomercio\/www\/multimedia\/2025\/05\/16\/prevision-tiempo-asturias-kdW-U2301404163085IHH-1800x840@El%20Comercio.jpg\" width=\"1800\" height=\"834\" \/><\/a><\/p>\n<p>&nbsp;<\/p>\n<p style=\"text-align: center\"><strong>Esperamos una xornada estable en tol Princip\u00e1u d&#8217;Asturies.<\/strong><\/p>\n<p><!--more--><\/p>\n<ul>\n<li><strong> Vamos Amanecer<\/strong> con delles borrines a primeres hores de la ma\u00f1ana en zones del interior (principalmente nel sector central) pero que r\u00e1pido s&#8217;estenar\u00e1n. Nel restu de la rex\u00f3n y\u00e1 va amanecer soleyeru.<\/li>\n<li><strong>A partir del mediud\u00eda<\/strong>, a lo sumo, vamos reparar la presencia de dellos intervalos de nubes altes insignificantes que van dexar el cielu atapec\u00edu pero nun va haber posibilid\u00e1 dalguna d&#8217;ag\u00fces.<\/li>\n<li><strong>Los vientos<\/strong> van ser fluexos y variables nel interior, y de componente esti moderaos na mari\u00f1a.<\/li>\n<li><strong>Les temperatures m\u00e1ximes<\/strong> van xubir de forma xeneralizada unos 2 o 3 \u00baC a lo sumo al respective de les m\u00e1ximes anotaes el vienres, siendo la mari\u00f1a onde menos van xubir.<\/li>\n<li><strong>Les m\u00ednimes<\/strong>, pela so parte, van xubir nel occidente, van baxar un pocu nel interior oriental y van caltenese ensin cambeos nel restu de la rex\u00f3n.<\/li>\n<li><strong>El domingu<\/strong> va ser un d\u00eda soleyeru dende primer hora de la ma\u00f1ana y les temperatures van siguir xubiendo pudiendo superase los 25 \u00baC n&#8217;Asturies. Ello ye que prevese que xuban hasta 3 o 4 \u00baC ent\u00e1 ye m\u00e1s de los rexistros que s&#8217;anoten g\u00fcei. Eso s\u00ed, de cara a la recta final del d\u00eda nun se refuguen bastios que, a priori, van ser m\u00e1s probables y frecuentes nel cordal y nel occidente.<\/li>\n<\/ul>\n","protected":false},"excerpt":{"rendered":"<p>&nbsp; Esperamos una xornada estable en tol Princip\u00e1u d&#8217;Asturies.<\/p>\n","protected":false},"author":117,"featured_media":0,"comment_status":"open","ping_status":"open","sticky":false,"template":"","format":"standard","meta":{"footnotes":""},"categories":[5],"tags":[],"class_list":["post-48585","post","type-post","status-publish","format-standard","hentry","category-tiempu"],"_links":{"self":[{"href":"https:\/\/edublog.educastur.es\/ixuxu\/wp-json\/wp\/v2\/posts\/48585","targetHints":{"allow":["GET"]}}],"collection":[{"href":"https:\/\/edublog.educastur.es\/ixuxu\/wp-json\/wp\/v2\/posts"}],"about":[{"href":"https:\/\/edublog.educastur.es\/ixuxu\/wp-json\/wp\/v2\/types\/post"}],"author":[{"embeddable":true,"href":"https:\/\/edublog.educastur.es\/ixuxu\/wp-json\/wp\/v2\/users\/117"}],"replies":[{"embeddable":true,"href":"https:\/\/edublog.educastur.es\/ixuxu\/wp-json\/wp\/v2\/comments?post=48585"}],"version-history":[{"count":3,"href":"https:\/\/edublog.educastur.es\/ixuxu\/wp-json\/wp\/v2\/posts\/48585\/revisions"}],"predecessor-version":[{"id":48592,"href":"https:\/\/edublog.educastur.es\/ixuxu\/wp-json\/wp\/v2\/posts\/48585\/revisions\/48592"}],"wp:attachment":[{"href":"https:\/\/edublog.educastur.es\/ixuxu\/wp-json\/wp\/v2\/media?parent=48585"}],"wp:term":[{"taxonomy":"category","embeddable":true,"href":"https:\/\/edublog.educastur.es\/ixuxu\/wp-json\/wp\/v2\/categories?post=48585"},{"taxonomy":"post_tag","embeddable":true,"href":"https:\/\/edublog.educastur.es\/ixuxu\/wp-json\/wp\/v2\/tags?post=48585"}],"curies":[{"name":"wp","href":"https:\/\/api.w.org\/{rel}","templated":true}]}}