{"id":48640,"date":"2025-05-16T15:00:58","date_gmt":"2025-05-16T13:00:58","guid":{"rendered":"https:\/\/edublog.educastur.es\/ixuxu\/?p=48640"},"modified":"2025-05-17T21:59:50","modified_gmt":"2025-05-17T19:59:50","slug":"esposicion-itinerante-ciberland-na-plaza-del-conceyin-uvieu","status":"publish","type":"post","link":"https:\/\/edublog.educastur.es\/ixuxu\/2025\/05\/esposicion-itinerante-ciberland-na-plaza-del-conceyin-uvieu\/","title":{"rendered":"Esposici\u00f3n itinerante Ciberland na Plaza del Concey\u00edn (Uvi\u00e9u)"},"content":{"rendered":"<div class=\"container\"><\/div>\n<div class=\"container\">\n<div id=\"main-content\" class=\"inner-80-20-fixed\">\n<div class=\"portlet-layout row-fluid\">\n<div class=\"portlet-column portlet-column-only span12\">\n<div class=\"portlet-layout row-fluid\">\n<div id=\"column-1\" class=\"portlet-column portlet-column-first span9\">\n<div id=\"layout-column_column-1\" class=\"portlet-dropzone portlet-column-content portlet-column-content-first\">\n<div id=\"p_p_id_calendarsuite_WAR_calendarportlet_INSTANCE_laljwGltSNTX_\" class=\"portlet-boundary portlet-boundary_calendarsuite_WAR_calendarportlet_ portlet-static portlet-static-end portlet-borderless calendar-portlet \">\n<div class=\"portlet-borderless-container\">\n<div class=\"portlet-body \">\n<div id=\"_calendarsuite_WAR_calendarportlet_INSTANCE_laljwGltSNTX_detail-view\" class=\"detail-view\">\n<div class=\"events-detail row-fluid template\">\n<div id=\"event2666207\" class=\"detail \">\n<div class=\"media\">\n<div class=\"media-body\">\n<div class=\"text-wrapper\">\n<div class=\"text\">\n<ul>\n<li><a href=\"https:\/\/www.oviedo.es\/agenda\/-\/calendars\/event\/2666207\/08ruU0pEFRGN?p_p_auth=NBKc0oBg#event2666207\"><strong>Conceyu d&#8217;Uvi\u00e9u<\/strong><\/a> \/\u00a0<a class=\"document document-pdf\" href=\"https:\/\/www.oviedo.es\/documents\/25041\/2485427\/guia_seguridad__final_online.pdf\/1a144a13-e8c7-4181-a8f3-f33dccf99cfa?version=1.0\"><span class=\"title\">guia_seguridad__final_online.pdf<\/span><span class=\"meta\">(<abbr class=\"ext\" title=\"pdf\">pdf<\/abbr>\u00a03037<abbr class=\"tam\" title=\"KiloBytes\">KB<\/abbr>)<\/span><\/a>\u00a0\/<\/li>\n<\/ul>\n<\/div>\n<\/div>\n<\/div>\n<\/div>\n<div class=\"documents-wrapper\">\u00a0La Fundaci\u00f3n MAPFRE y la Polic\u00eda Nacional, en collaboraci\u00f3n col Conceyu d&#8217;Uvi\u00e9u, inauguren la esposici\u00f3n itinerante Ciberland, <span style=\"color: #008080\"><strong>destinada a sensibilizar a la poblaci\u00f3n, sobremanera ne\u00f1os y nueves, sobro los riesgos del mundu dixital y ense\u00f1a-yos a usar les nueves tecnolox\u00edes de forma segura y responsable.<\/strong><\/span><\/div>\n<div><\/div>\n<\/div>\n<div style=\"text-align: center\"><a href=\"https:\/\/www.oviedo.es\/documents\/25041\/2485427\/CIBERLAND.jpg\/ad9b17d9-c724-4abd-bdda-df36b793231f?version=1.0&amp;t=1747133528000&amp;imageThumbnail=3\"><img loading=\"lazy\" decoding=\"async\" class=\"aligncenter size-large\" src=\"https:\/\/www.oviedo.es\/documents\/25041\/2485427\/CIBERLAND.jpg\/ad9b17d9-c724-4abd-bdda-df36b793231f?version=1.0&amp;t=1747133528000&amp;imageThumbnail=3\" width=\"787\" height=\"590\" \/><\/a><\/div>\n<div id=\"event2666207\" class=\"detail \">\n<div class=\"hour\"><\/div>\n<div><!--more--><\/div>\n<div class=\"media\">\n<div class=\"media-body\">\n<div class=\"text-wrapper\">\n<div class=\"text\">\n<ul>\n<li><strong>La instalaci\u00f3n va tar allugada na plaza del Concey\u00edn, en La Corredoria y puede visitase a partir de les 09:00 h, con accesu gratuitu y va tar abierta al p\u00fablicu hasta&#8217;l pr\u00f3ximu s\u00e1badu 17.<\/strong><\/li>\n<li>La instalaci\u00f3n prop\u00f3n un percorr\u00edu d&#8217;aprosimao 20 minutos per distintos espacios, que afonden tami\u00e9n nel ociu dixital y los sos riesgos, ente ellos, los xuegos y apuestes online, los videoxuegos y los retos virales.<\/li>\n<li>Am\u00e1s, pres\u00e9ntense les consecuencies que puede tener un usu abusivo y adictivo de les TIC como, por casu, problemes f\u00edsicos, psicol\u00f3xicos o nomofobia.<\/li>\n<li>\u00a0L&#8217;horariu va ser de mi\u00e9rcoles a vienres: 09:00 a 14:00 h y 15:00 a 19:00 h, y el s\u00e1badu: 10:00 a 14:00 h y de 15:00 a 20:00 h.<\/li>\n<\/ul>\n<div class=\"hour\"><\/div>\n<\/div>\n<\/div>\n<\/div>\n<\/div>\n<\/div>\n<\/div>\n<\/div>\n<\/div>\n<\/div>\n<\/div>\n<\/div>\n<\/div>\n<\/div>\n<\/div>\n<\/div>\n<\/div>\n<\/div>\n<p>&nbsp;<\/p>\n","protected":false},"excerpt":{"rendered":"<p>Conceyu d&#8217;Uvi\u00e9u \/\u00a0guia_seguridad__final_online.pdf(pdf\u00a03037KB)\u00a0\/ \u00a0La Fundaci\u00f3n MAPFRE y la Polic\u00eda Nacional, en collaboraci\u00f3n col Conceyu d&#8217;Uvi\u00e9u, inauguren la esposici\u00f3n itinerante Ciberland, destinada a sensibilizar a la poblaci\u00f3n, sobremanera ne\u00f1os y nueves, sobro los riesgos del mundu dixital y ense\u00f1a-yos a usar les nueves tecnolox\u00edes de forma segura y responsable.<\/p>\n","protected":false},"author":117,"featured_media":0,"comment_status":"open","ping_status":"open","sticky":false,"template":"","format":"standard","meta":{"footnotes":""},"categories":[14],"tags":[],"class_list":["post-48640","post","type-post","status-publish","format-standard","hentry","category-esposiciones"],"_links":{"self":[{"href":"https:\/\/edublog.educastur.es\/ixuxu\/wp-json\/wp\/v2\/posts\/48640","targetHints":{"allow":["GET"]}}],"collection":[{"href":"https:\/\/edublog.educastur.es\/ixuxu\/wp-json\/wp\/v2\/posts"}],"about":[{"href":"https:\/\/edublog.educastur.es\/ixuxu\/wp-json\/wp\/v2\/types\/post"}],"author":[{"embeddable":true,"href":"https:\/\/edublog.educastur.es\/ixuxu\/wp-json\/wp\/v2\/users\/117"}],"replies":[{"embeddable":true,"href":"https:\/\/edublog.educastur.es\/ixuxu\/wp-json\/wp\/v2\/comments?post=48640"}],"version-history":[{"count":2,"href":"https:\/\/edublog.educastur.es\/ixuxu\/wp-json\/wp\/v2\/posts\/48640\/revisions"}],"predecessor-version":[{"id":48643,"href":"https:\/\/edublog.educastur.es\/ixuxu\/wp-json\/wp\/v2\/posts\/48640\/revisions\/48643"}],"wp:attachment":[{"href":"https:\/\/edublog.educastur.es\/ixuxu\/wp-json\/wp\/v2\/media?parent=48640"}],"wp:term":[{"taxonomy":"category","embeddable":true,"href":"https:\/\/edublog.educastur.es\/ixuxu\/wp-json\/wp\/v2\/categories?post=48640"},{"taxonomy":"post_tag","embeddable":true,"href":"https:\/\/edublog.educastur.es\/ixuxu\/wp-json\/wp\/v2\/tags?post=48640"}],"curies":[{"name":"wp","href":"https:\/\/api.w.org\/{rel}","templated":true}]}}