{"id":48653,"date":"2025-05-25T09:15:13","date_gmt":"2025-05-25T07:15:13","guid":{"rendered":"https:\/\/edublog.educastur.es\/ixuxu\/?p=48653"},"modified":"2025-05-25T10:46:43","modified_gmt":"2025-05-25T08:46:43","slug":"48653","status":"publish","type":"post","link":"https:\/\/edublog.educastur.es\/ixuxu\/2025\/05\/48653\/","title":{"rendered":"El movimientu 25 de mayu n&#8217;Asturies&#8230;"},"content":{"rendered":"<p style=\"text-align: center\">\n<!-- iframe plugin v.6.0 wordpress.org\/plugins\/iframe\/ -->\n<iframe loading=\"lazy\" src=\"https:\/\/www.facebook.com\/plugins\/post.php?href=https%3A%2F%2Fwww.facebook.com%2Finaciuiglesias%2Fposts%2Fpfbid02NQxHLWCNkcJtEbyXgnGEn8qCrZZBVirtzGoD7qb5ztPWDmuvKEq8K68zTy7AtFbzl&#038;show_text=false&#038;width=500\" width=\"500\" height=\"498\" style=\"border:none;overflow:hidden\" scrolling=\"no\" frameborder=\"0\" allowfullscreen=\"true\" allow=\"autoplay; clipboard-write; encrypted-media; picture-in-picture; web-share\" 0=\"\/iframe\" class=\"iframe-class\"><\/iframe>\n<\/p>\n<ul>\n<li><strong>El movimientu 25 de mayu\u00bb n&#8217;Asturies referierse a un movimientu c\u00edvicu que busca defender la identid\u00e1 asturiana y, m\u00e1s espec\u00edficamente, la fecha del 25 de mayu de 1808 como un finxu hist\u00f3ricu crucial<\/strong>.<\/li>\n<li>Esta fecha ye&#8217;l d\u00eda en que la Xunta Xeneral d&#8217;Asturies proclam\u00f3 la so soberan\u00eda y declar\u00f3 la guerra a Francia mientres la invasi\u00f3n napole\u00f3nica d&#8217;Espa\u00f1a.<\/li>\n<li>El movimientu <strong>busca reivindicar esta fecha como orixe de la identid\u00e1 asturiana<\/strong> y, en dellos casos, como posible D\u00eda d&#8217;Asturies.<\/li>\n<\/ul>\n","protected":false},"excerpt":{"rendered":"<p>El movimientu 25 de mayu\u00bb n&#8217;Asturies referierse a un movimientu c\u00edvicu que busca defender la identid\u00e1 asturiana y, m\u00e1s espec\u00edficamente, la fecha del 25 de mayu de 1808 como un finxu hist\u00f3ricu crucial. Esta fecha ye&#8217;l d\u00eda en que la Xunta Xeneral d&#8217;Asturies proclam\u00f3 la so soberan\u00eda y declar\u00f3 la guerra a Francia mientres la [&hellip;]<\/p>\n","protected":false},"author":117,"featured_media":0,"comment_status":"open","ping_status":"open","sticky":false,"template":"","format":"standard","meta":{"footnotes":""},"categories":[452,1],"tags":[],"class_list":["post-48653","post","type-post","status-publish","format-standard","hentry","category-bandera","category-sin-categoria"],"_links":{"self":[{"href":"https:\/\/edublog.educastur.es\/ixuxu\/wp-json\/wp\/v2\/posts\/48653","targetHints":{"allow":["GET"]}}],"collection":[{"href":"https:\/\/edublog.educastur.es\/ixuxu\/wp-json\/wp\/v2\/posts"}],"about":[{"href":"https:\/\/edublog.educastur.es\/ixuxu\/wp-json\/wp\/v2\/types\/post"}],"author":[{"embeddable":true,"href":"https:\/\/edublog.educastur.es\/ixuxu\/wp-json\/wp\/v2\/users\/117"}],"replies":[{"embeddable":true,"href":"https:\/\/edublog.educastur.es\/ixuxu\/wp-json\/wp\/v2\/comments?post=48653"}],"version-history":[{"count":4,"href":"https:\/\/edublog.educastur.es\/ixuxu\/wp-json\/wp\/v2\/posts\/48653\/revisions"}],"predecessor-version":[{"id":48657,"href":"https:\/\/edublog.educastur.es\/ixuxu\/wp-json\/wp\/v2\/posts\/48653\/revisions\/48657"}],"wp:attachment":[{"href":"https:\/\/edublog.educastur.es\/ixuxu\/wp-json\/wp\/v2\/media?parent=48653"}],"wp:term":[{"taxonomy":"category","embeddable":true,"href":"https:\/\/edublog.educastur.es\/ixuxu\/wp-json\/wp\/v2\/categories?post=48653"},{"taxonomy":"post_tag","embeddable":true,"href":"https:\/\/edublog.educastur.es\/ixuxu\/wp-json\/wp\/v2\/tags?post=48653"}],"curies":[{"name":"wp","href":"https:\/\/api.w.org\/{rel}","templated":true}]}}