{"id":48697,"date":"2025-05-18T08:30:42","date_gmt":"2025-05-18T06:30:42","guid":{"rendered":"https:\/\/edublog.educastur.es\/ixuxu\/?p=48697"},"modified":"2025-05-18T12:55:25","modified_gmt":"2025-05-18T10:55:25","slug":"el-tiempu-el-comercio-49","status":"publish","type":"post","link":"https:\/\/edublog.educastur.es\/ixuxu\/2025\/05\/el-tiempu-el-comercio-49\/","title":{"rendered":"El tiempu (El Comercio)"},"content":{"rendered":"<p style=\"text-align: center\"><a href=\"https:\/\/s2.ppllstatics.com\/elcomercio\/www\/multimedia\/2025\/05\/17\/tiempo-asturias-domingo-k9VE-U2301404163085IHH-1200x840@El%20Comercio.jpg\"><img loading=\"lazy\" decoding=\"async\" class=\"aligncenter size-large\" src=\"https:\/\/s2.ppllstatics.com\/elcomercio\/www\/multimedia\/2025\/05\/17\/tiempo-asturias-domingo-k9VE-U2301404163085IHH-1200x840@El%20Comercio.jpg\" width=\"1198\" height=\"840\" \/><\/a><\/p>\n<p>Vamos estremar la xornada en dos partes.<\/p>\n<ul>\n<li><span style=\"color: #008080\"><strong>La ma\u00f1ana<\/strong><\/span> va ser estable con cielos pocu nublos o estenos, anque nun se refuguen delles borrines a primeres hores de la ma\u00f1ana nes zones m\u00e1s propenses.<\/li>\n<li>Pero, <span style=\"color: #008080\"><strong>a partir del mediud\u00eda<\/strong><\/span>, la nubosid\u00e1 d&#8217;evoluci\u00f3n va dir a menos a m\u00e1s hasta estendese por tola Comunid\u00e1 Aut\u00f3noma. Estes nubes van dexar bastios que podr\u00eden ser d&#8217;orixe tormentosu y acompa\u00f1\u00e1u de xarazo de cara a la tarde. El sector m\u00e1s afect\u00e1u va ser l&#8217;occidental, anque tami\u00e9n podr\u00eden llegar a la zona central.<\/li>\n<\/ul>\n<p><!--more--><\/p>\n<ul>\n<li>Ello ye que <span style=\"color: #008080\"><strong>a partir de les 15:00 hores<\/strong><\/span>, l&#8217;Axencia Estatal de Meteorolox\u00eda va activar l&#8217;avisu mariellu tanto na mari\u00f1a occidental, como nel suroccidental y na zona central de Princip\u00e1u, por posibles bastios localmente fuertes que podr\u00eden rexistrar hasta 15 llitros per metro cuadr\u00e1u nuna hora, pudiendo venir, como dic\u00edamos, acompa\u00f1aos de nube y de xarazo.<\/li>\n<li>Tocantes a <span style=\"color: #008080\"><strong>les temperatures<\/strong><\/span>, prevese un claru ascensu t\u00e9rmicu d&#8217;hasta 3 o 4 \u00baC m\u00e1s que les m\u00e1ximes anotaes del s\u00e1badu. Les m\u00ednimes apenes van variar.<\/li>\n<li><span style=\"color: #008080\"><strong>Los vientos<\/strong><\/span> van predominar de sur nel cordal y de nordeste na mari\u00f1a.<\/li>\n<li><strong>El llunes<\/strong> vamos empezar la selmana tami\u00e9n con bastios y un descensu de les temperatures notable.<\/li>\n<li><strong>El martes<\/strong> prevese bon tiempu.<\/li>\n<\/ul>\n","protected":false},"excerpt":{"rendered":"<p>Vamos estremar la xornada en dos partes. La ma\u00f1ana va ser estable con cielos pocu nublos o estenos, anque nun se refuguen delles borrines a primeres hores de la ma\u00f1ana nes zones m\u00e1s propenses. Pero, a partir del mediud\u00eda, la nubosid\u00e1 d&#8217;evoluci\u00f3n va dir a menos a m\u00e1s hasta estendese por tola Comunid\u00e1 Aut\u00f3noma. Estes [&hellip;]<\/p>\n","protected":false},"author":117,"featured_media":0,"comment_status":"open","ping_status":"open","sticky":false,"template":"","format":"standard","meta":{"footnotes":""},"categories":[5],"tags":[],"class_list":["post-48697","post","type-post","status-publish","format-standard","hentry","category-tiempu"],"_links":{"self":[{"href":"https:\/\/edublog.educastur.es\/ixuxu\/wp-json\/wp\/v2\/posts\/48697","targetHints":{"allow":["GET"]}}],"collection":[{"href":"https:\/\/edublog.educastur.es\/ixuxu\/wp-json\/wp\/v2\/posts"}],"about":[{"href":"https:\/\/edublog.educastur.es\/ixuxu\/wp-json\/wp\/v2\/types\/post"}],"author":[{"embeddable":true,"href":"https:\/\/edublog.educastur.es\/ixuxu\/wp-json\/wp\/v2\/users\/117"}],"replies":[{"embeddable":true,"href":"https:\/\/edublog.educastur.es\/ixuxu\/wp-json\/wp\/v2\/comments?post=48697"}],"version-history":[{"count":2,"href":"https:\/\/edublog.educastur.es\/ixuxu\/wp-json\/wp\/v2\/posts\/48697\/revisions"}],"predecessor-version":[{"id":48815,"href":"https:\/\/edublog.educastur.es\/ixuxu\/wp-json\/wp\/v2\/posts\/48697\/revisions\/48815"}],"wp:attachment":[{"href":"https:\/\/edublog.educastur.es\/ixuxu\/wp-json\/wp\/v2\/media?parent=48697"}],"wp:term":[{"taxonomy":"category","embeddable":true,"href":"https:\/\/edublog.educastur.es\/ixuxu\/wp-json\/wp\/v2\/categories?post=48697"},{"taxonomy":"post_tag","embeddable":true,"href":"https:\/\/edublog.educastur.es\/ixuxu\/wp-json\/wp\/v2\/tags?post=48697"}],"curies":[{"name":"wp","href":"https:\/\/api.w.org\/{rel}","templated":true}]}}