{"id":48710,"date":"2025-05-18T10:19:59","date_gmt":"2025-05-18T08:19:59","guid":{"rendered":"https:\/\/edublog.educastur.es\/ixuxu\/?p=48710"},"modified":"2025-05-18T10:19:59","modified_gmt":"2025-05-18T08:19:59","slug":"el-pensamientu-criticu-una-de-les-competencies-fundamentales-pal-sieglu-xxi","status":"publish","type":"post","link":"https:\/\/edublog.educastur.es\/ixuxu\/2025\/05\/el-pensamientu-criticu-una-de-les-competencies-fundamentales-pal-sieglu-xxi\/","title":{"rendered":"El pensamientu cr\u00edticu, una de les competencies fundamentales pal sieglu XXI"},"content":{"rendered":"<div class=\"html-div xdj266r x11i5rnm xat24cr x1mh8g0r xexx8yu x1a8lsjc x1swvt13 x1pi30zi\">\n<div class=\"html-div xdj266r x11i5rnm xat24cr x1mh8g0r xexx8yu x4uap5 x18d9i69 xkhd6sd x1jx94hy x78zum5 x1q0g3np\">\n<div class=\"x78zum5 xdt5ytf xz62fqu x16ldp7u\">\n<div class=\"xu06os2 x1ok221b\">\n<div class=\"html-div xdj266r x11i5rnm xat24cr x1mh8g0r xexx8yu x4uap5 x18d9i69 xkhd6sd\" data-ad-rendering-role=\"profile_name\"><\/div>\n<\/div>\n<div class=\"xu06os2 x1ok221b\">\n<div class=\"html-div xdj266r x11i5rnm xat24cr x1mh8g0r xexx8yu x4uap5 x18d9i69 xkhd6sd x1q0g3np\" style=\"text-align: center\">\n<!-- iframe plugin v.6.0 wordpress.org\/plugins\/iframe\/ -->\n<iframe loading=\"lazy\" src=\"https:\/\/www.facebook.com\/plugins\/post.php?href=https%3A%2F%2Fwww.facebook.com%2FCielitoArte%2Fposts%2Fpfbid0Vvp8T3XGzChMFL5DiAH3FXLsKfRyGvg4WiAwKhdkZvJrbFtXzjrJzTBBf5nkbWfPl&#038;show_text=false&#038;width=500\" width=\"500\" height=\"333\" style=\"border:none;overflow:hidden\" scrolling=\"no\" frameborder=\"0\" allowfullscreen=\"true\" allow=\"autoplay; clipboard-write; encrypted-media; picture-in-picture; web-share\" 0=\"\/iframe\" class=\"iframe-class\"><\/iframe>\n<\/div>\n<div><\/div>\n<\/div>\n<\/div>\n<\/div>\n<\/div>\n<div class=\"html-div xdj266r x11i5rnm xat24cr x1mh8g0r xexx8yu x4uap5 x18d9i69 xkhd6sd\" dir=\"auto\">\n<div class=\"html-div xdj266r x11i5rnm xat24cr x1mh8g0r xexx8yu x4uap5 x18d9i69 xkhd6sd\" dir=\"auto\">\n<div class=\"html-div xdj266r x11i5rnm xat24cr x1mh8g0r xexx8yu x4uap5 x18d9i69 xkhd6sd\" data-ad-rendering-role=\"story_message\">\n<div class=\"x1l90r2v x1iorvi4 x1ye3gou xn6708d\" data-ad-comet-preview=\"message\" data-ad-preview=\"message\">\n<div class=\"x78zum5 xdt5ytf xz62fqu x16ldp7u\">\n<div class=\"xu06os2 x1ok221b\">\n<div class=\"xdj266r x11i5rnm xat24cr x1mh8g0r x1vvkbs x126k92a\"><\/div>\n<div class=\"x11i5rnm xat24cr x1mh8g0r x1vvkbs xtlvy1s x126k92a\">\n<div dir=\"auto\"><strong> El pensamientu cr\u00edticu na infancia<\/strong> nun s&#8217;ense\u00f1a como una f\u00f3rmula, cultivar dende la esperiencia, l&#8217;inter\u00e9s y el di\u00e1logu . Cuando un ne\u00f1u fai entrugues, compara, imaxina soluciones o s&#8217;espresa al travi\u00e9s del arte, ta desenvolviendo habilidaes cognitives complexes que van ser clave para tola vida.<\/div>\n<div dir=\"auto\"><!--more--><\/div>\n<div dir=\"auto\">Seg\u00fan la UNESCO (2015),<strong> el pensamientu cr\u00edticu ye una de les competencies fundamentales para la educaci\u00f3n del sieglu XXI<\/strong>, y tien de promovese dende los primeros a\u00f1os al travi\u00e9s de redolaes participatives y creativos. Xugar, dialogar, reparar, crear: estes acciones sencielles abren espaciu a una infancia que non memoriza, sin\u00f3n qu&#8217;entiende, analiza y constr\u00fai el so propiu puntu de vista . Acompa\u00f1ar ensin apagar la so voz, proponer ensin imponer y escuchar ensin priesa ye formar mentes llibres, sensibles y capaces de pensar el mundu con fondura.<\/div>\n<div dir=\"auto\"><\/div>\n<\/div>\n<div class=\"x11i5rnm xat24cr x1mh8g0r x1vvkbs xtlvy1s x126k92a\">\n<div dir=\"auto\"><span class=\"html-span xdj266r x11i5rnm xat24cr x1mh8g0r xexx8yu x4uap5 x18d9i69 xkhd6sd x1hl2dhg x16tdsg8 x1vvkbs\"><a class=\"x1i10hfl xjbqb8w x1ejq31n xd10rxx x1sy0etr x17r0tee x972fbf xcfux6l x1qhh985 xm0m39n x9f619 x1ypdohk xt0psk2 xe8uvvx xdj266r x11i5rnm xat24cr x1mh8g0r xexx8yu x4uap5 x18d9i69 xkhd6sd x16tdsg8 x1hl2dhg xggy1nq x1a2a7pz xkrqix3 x1sur9pj x1fey0fg x1s688f\" role=\"link\" href=\"https:\/\/www.facebook.com\/hashtag\/dalcroze?__eep__=6&amp;__cft__[0]=AZU2eaPWEhnBBetFSze56r3-u5LuOrAtSIG4nxEp7Dlx1DgY1JZ8qUa8qAWB6onEQl3MfHGgmw1wPgXVfdn0afKQcwLggDf0hshecc2s2tTLcY6Jrvp_NbxM2CuZBMNtw7vrrZUPcgblDis6MuOct2IOO31yybgZokmezBCrgPItSE0i8kpKqLSXkBMkTaSoMY7mZUCr8nacCef6mb9c1oUNPCO89AwPw2R2QeoRWG5yTQ&amp;__tn__=*NK-y-R\">#Dalcroze<\/a><\/span> <span class=\"html-span xdj266r x11i5rnm xat24cr x1mh8g0r xexx8yu x4uap5 x18d9i69 xkhd6sd x1hl2dhg x16tdsg8 x1vvkbs\"><a class=\"x1i10hfl xjbqb8w x1ejq31n xd10rxx x1sy0etr x17r0tee x972fbf xcfux6l x1qhh985 xm0m39n x9f619 x1ypdohk xt0psk2 xe8uvvx xdj266r x11i5rnm xat24cr x1mh8g0r xexx8yu x4uap5 x18d9i69 xkhd6sd x16tdsg8 x1hl2dhg xggy1nq x1a2a7pz xkrqix3 x1sur9pj x1fey0fg x1s688f\" role=\"link\" href=\"https:\/\/www.facebook.com\/hashtag\/infanciasfelices?__eep__=6&amp;__cft__[0]=AZU2eaPWEhnBBetFSze56r3-u5LuOrAtSIG4nxEp7Dlx1DgY1JZ8qUa8qAWB6onEQl3MfHGgmw1wPgXVfdn0afKQcwLggDf0hshecc2s2tTLcY6Jrvp_NbxM2CuZBMNtw7vrrZUPcgblDis6MuOct2IOO31yybgZokmezBCrgPItSE0i8kpKqLSXkBMkTaSoMY7mZUCr8nacCef6mb9c1oUNPCO89AwPw2R2QeoRWG5yTQ&amp;__tn__=*NK-y-R\">#infanciasfelices<\/a><\/span> <span class=\"html-span xdj266r x11i5rnm xat24cr x1mh8g0r xexx8yu x4uap5 x18d9i69 xkhd6sd x1hl2dhg x16tdsg8 x1vvkbs\"><a class=\"x1i10hfl xjbqb8w x1ejq31n xd10rxx x1sy0etr x17r0tee x972fbf xcfux6l x1qhh985 xm0m39n x9f619 x1ypdohk xt0psk2 xe8uvvx xdj266r x11i5rnm xat24cr x1mh8g0r xexx8yu x4uap5 x18d9i69 xkhd6sd x16tdsg8 x1hl2dhg xggy1nq x1a2a7pz xkrqix3 x1sur9pj x1fey0fg x1s688f\" role=\"link\" href=\"https:\/\/www.facebook.com\/hashtag\/pensamientocritico?__eep__=6&amp;__cft__[0]=AZU2eaPWEhnBBetFSze56r3-u5LuOrAtSIG4nxEp7Dlx1DgY1JZ8qUa8qAWB6onEQl3MfHGgmw1wPgXVfdn0afKQcwLggDf0hshecc2s2tTLcY6Jrvp_NbxM2CuZBMNtw7vrrZUPcgblDis6MuOct2IOO31yybgZokmezBCrgPItSE0i8kpKqLSXkBMkTaSoMY7mZUCr8nacCef6mb9c1oUNPCO89AwPw2R2QeoRWG5yTQ&amp;__tn__=*NK-y-R\">#pensamientocritico<\/a><\/span><\/div>\n<\/div>\n<\/div>\n<\/div>\n<\/div>\n<\/div>\n<\/div>\n<\/div>\n<p>&nbsp;<\/p>\n","protected":false},"excerpt":{"rendered":"<p>El pensamientu cr\u00edticu na infancia nun s&#8217;ense\u00f1a como una f\u00f3rmula, cultivar dende la esperiencia, l&#8217;inter\u00e9s y el di\u00e1logu . Cuando un ne\u00f1u fai entrugues, compara, imaxina soluciones o s&#8217;espresa al travi\u00e9s del arte, ta desenvolviendo habilidaes cognitives complexes que van ser clave para tola vida.<\/p>\n","protected":false},"author":117,"featured_media":0,"comment_status":"open","ping_status":"open","sticky":false,"template":"","format":"standard","meta":{"footnotes":""},"categories":[439],"tags":[],"class_list":["post-48710","post","type-post","status-publish","format-standard","hentry","category-competencies"],"_links":{"self":[{"href":"https:\/\/edublog.educastur.es\/ixuxu\/wp-json\/wp\/v2\/posts\/48710","targetHints":{"allow":["GET"]}}],"collection":[{"href":"https:\/\/edublog.educastur.es\/ixuxu\/wp-json\/wp\/v2\/posts"}],"about":[{"href":"https:\/\/edublog.educastur.es\/ixuxu\/wp-json\/wp\/v2\/types\/post"}],"author":[{"embeddable":true,"href":"https:\/\/edublog.educastur.es\/ixuxu\/wp-json\/wp\/v2\/users\/117"}],"replies":[{"embeddable":true,"href":"https:\/\/edublog.educastur.es\/ixuxu\/wp-json\/wp\/v2\/comments?post=48710"}],"version-history":[{"count":1,"href":"https:\/\/edublog.educastur.es\/ixuxu\/wp-json\/wp\/v2\/posts\/48710\/revisions"}],"predecessor-version":[{"id":48711,"href":"https:\/\/edublog.educastur.es\/ixuxu\/wp-json\/wp\/v2\/posts\/48710\/revisions\/48711"}],"wp:attachment":[{"href":"https:\/\/edublog.educastur.es\/ixuxu\/wp-json\/wp\/v2\/media?parent=48710"}],"wp:term":[{"taxonomy":"category","embeddable":true,"href":"https:\/\/edublog.educastur.es\/ixuxu\/wp-json\/wp\/v2\/categories?post=48710"},{"taxonomy":"post_tag","embeddable":true,"href":"https:\/\/edublog.educastur.es\/ixuxu\/wp-json\/wp\/v2\/tags?post=48710"}],"curies":[{"name":"wp","href":"https:\/\/api.w.org\/{rel}","templated":true}]}}