{"id":48719,"date":"2025-05-17T08:59:53","date_gmt":"2025-05-17T06:59:53","guid":{"rendered":"https:\/\/edublog.educastur.es\/ixuxu\/?p=48719"},"modified":"2025-05-18T10:36:27","modified_gmt":"2025-05-18T08:36:27","slug":"dia-internacional-de-les-telecomunicaciones-y-la-socieda-de-la-informacion","status":"publish","type":"post","link":"https:\/\/edublog.educastur.es\/ixuxu\/2025\/05\/dia-internacional-de-les-telecomunicaciones-y-la-socieda-de-la-informacion\/","title":{"rendered":"D\u00eda Mundial d&#8217;Internet"},"content":{"rendered":"<div class=\"html-div xdj266r x11i5rnm xat24cr x1mh8g0r xsag5q8 xz9dl7a x1pi30zi x1swvt13 x1jx94hy\">\n<div class=\"html-div xdj266r x11i5rnm xat24cr x1mh8g0r xexx8yu x4uap5 x18d9i69 xkhd6sd x78zum5 x1q0g3np x1ba4aug\">\n<div class=\"html-div xdj266r x11i5rnm xat24cr x1mh8g0r xexx8yu x4uap5 x18d9i69 xkhd6sd x1iyjqo2 xeuugli\">\n<div class=\"x78zum5 xdt5ytf xz62fqu x16ldp7u\">\n<div class=\"xu06os2 x1ok221b\">\n<p style=\"text-align: center\"><span style=\"color: #800080;font-size: 24px\"><em><strong>\u201cPor una nuevu xeneraci\u00f3n d&#8217;Internet<br \/>\ncomprometida coles persones\u00bb<\/strong><\/em><\/span><\/p>\n<p style=\"text-align: center\"><a href=\"https:\/\/elradioescucha.net\/wp-content\/uploads\/2025\/05\/4300_wtisd-web-graphics-01.jpg?w=1024\"><img loading=\"lazy\" decoding=\"async\" class=\"aligncenter size-large\" src=\"https:\/\/elradioescucha.net\/wp-content\/uploads\/2025\/05\/4300_wtisd-web-graphics-01.jpg?w=1024\" width=\"1024\" height=\"576\" \/><\/a><\/p>\n<ul>\n<li>Cada a\u00f1u, el 17 de mayu celebra&#8217;l <strong><span style=\"color: #008080\">D\u00eda Mundial de les Telecomunicaciones y la Socied\u00e1 de la Informaci\u00f3n (DMTSI)<\/span><\/strong> o, como tami\u00e9n se denomina, el d\u00eda <span style=\"color: #008080\"><strong>Mundial d&#8217;Internet<\/strong><\/span>.<\/li>\n<li>Angua\u00f1o, la Uni\u00f3n Internacional de Telecomunicaciones (UIT) sol lema <strong><em><span style=\"text-decoration: underline\"><span style=\"color: #800080;text-decoration: underline\">\u201cIguald\u00e1 de x\u00e9neru nel tresformamientu dixital\u201d<\/span><\/span><\/em><\/strong>, pon de relieve la necesid\u00e1 de que les muyeres y les ne\u00f1es de too el mundu puedan beneficiase del tresformamientu dixital y contribuyir a ella.<\/li>\n<li><span style=\"color: #008080\">N&#8217;ochobre de 2005, Espa\u00f1a convirtiose nel primer pa\u00eds del mundu en celebrar el D\u00eda d&#8217;Internet, por iniciativa de l&#8217;Asociaci\u00f3n d&#8217;Usuarios d&#8217;Internet.<\/span><\/li>\n<\/ul>\n<p><!--more--><\/p>\n<p>El d\u00eda Mundial d&#8217;Internet marca la fundaci\u00f3n de la Uni\u00f3n Internacional de Telecomunicaciones (UIT), l&#8217;organismu de les Naciones Xun\u00edes para les tecnolox\u00edes dixitales. En 2025,<span style=\"color: #008080\"><strong> la UIT conmemora la so 160\u00ba aniversariu<\/strong><\/span>, destacando&#8217;l so papel na meyora de la conectividad mundial y el fomentu de la cooperaci\u00f3n internacional.<\/p>\n<p>N&#8217;Espa\u00f1a, les acciones del diadeinternet na so edici\u00f3n de 2025 se focalizan nun oxetivu, que se resume nel lema <span style=\"color: #800080\"><em><strong>\u201cPor una nuevu xeneraci\u00f3n d&#8217;Internet comprometida coles persones\u00bb<\/strong><\/em><\/span>. Con esta fonderada, ellabor\u00f3se un completu programa d&#8217;actividaes, seg\u00fan un manifiestu que va buscar establecer principios fundamentales para emponer el desenvolvimientu y la implementaci\u00f3n d&#8217;una nueva xeneraci\u00f3n d&#8217;Internet de manera \u00e9tica y respetuosa coles persones.<\/p>\n<p style=\"text-align: center\">\n<!-- iframe plugin v.6.0 wordpress.org\/plugins\/iframe\/ -->\n<iframe loading=\"lazy\" src=\"https:\/\/www.facebook.com\/plugins\/post.php?href=https%3A%2F%2Fwww.facebook.com%2Fasociaciondidactica%2Fposts%2Fpfbid02X8hvYJ1msWmSMKRi8aUA4FAWXEfNGv2Gu5RDx7P2AL8Ja1HFx8ysRCoXxcdaURBnl&#038;show_text=false&#038;width=500\" width=\"500\" height=\"498\" style=\"border:none;overflow:hidden\" scrolling=\"no\" frameborder=\"0\" allowfullscreen=\"true\" allow=\"autoplay; clipboard-write; encrypted-media; picture-in-picture; web-share\" 0=\"\/iframe\" class=\"iframe-class\"><\/iframe>\n<\/p>\n<\/div>\n<div class=\"xu06os2 x1ok221b\">G\u00fcei celebramos la importancia de la tecnolox\u00eda na nuesa vida diaria y la so capacid\u00e1 para conectar a persones de too el mundu.<\/div>\n<div>\n<p><strong>Curtia hestoria de la celebraci\u00f3n internacional d&#8217;Internet. <\/strong><span style=\"color: #008080\">N&#8217;ochobre de 2005, Espa\u00f1a convertiose nel primer pa\u00eds del mundu en celebrar el D\u00eda d&#8217;Internet, por iniciativa de l&#8217;Asociaci\u00f3n d&#8217;Usuarios d&#8217;Internet.<\/span> Na so primer edici\u00f3n, entam\u00e1ronse 534 eventos por toa Espa\u00f1a; y m\u00e1s de 200 entidaes p\u00fabliques y privaes suscribieron la Declaraci\u00f3n de Principios para construyir la Socied\u00e1 de la Informaci\u00f3n.<\/p>\n<p>Pela so parte, l&#8217;Asamblea Xeneral de Naciones Xun\u00edes adopt\u00f3 en marzu de 2006 unu Resolvimientu (A\/RES\/60\/252), que proclama&#8217;l 17 de mayu como D\u00eda Mundial de la Socied\u00e1 de la Informaci\u00f3n.<\/p>\n<\/div>\n<div>\n<p class=\"text-align-justify\">Igualmente, dende&#8217;l\u00a0 <a href=\"https:\/\/www.incibe.es\/eventos\/dia-de-internet\">Instituto Nacional de Ciberseguridad (INCIBE)<\/a> \u00fanense a la conmemoraci\u00f3n d&#8217;esti d\u00eda a trav\u00e9s de dos iniciatives:<\/p>\n<ul>\n<li>\n<p class=\"text-align-justify\">Pa centros educativos: taller online <strong>\u201cPiensa, conecta y elige tu camino en Internet<\/strong>\u201d, en directo, el d\u00eda 20 de mayo de 2025 a las 10:00.<\/p>\n<\/li>\n<li>\n<p class=\"text-align-justify\">Pa families: <strong>Dec\u00e1logo para el uso seguro y responsable de la tecnolog\u00eda en el hogar.<\/strong><\/p>\n<\/li>\n<\/ul>\n<p style=\"text-align: center\"><a href=\"https:\/\/www.un.org\/sites\/un2.un.org\/files\/2020\/04\/itu-1969.jpg\"><img loading=\"lazy\" decoding=\"async\" class=\"aligncenter size-large\" src=\"https:\/\/www.un.org\/sites\/un2.un.org\/files\/2020\/04\/itu-1969.jpg\" width=\"493\" height=\"700\" \/><\/a><\/p>\n<p class=\"text-align-justify\">\n<\/div>\n<\/div>\n<\/div>\n<\/div>\n<\/div>\n<div class=\"html-div xdj266r x11i5rnm xat24cr x1mh8g0r xexx8yu x4uap5 x18d9i69 xkhd6sd\">\n<div class=\"html-div xdj266r x11i5rnm xat24cr x1mh8g0r xexx8yu x4uap5 x18d9i69 xkhd6sd\" dir=\"auto\">\n<div class=\"html-div xdj266r x11i5rnm xat24cr x1mh8g0r xexx8yu x4uap5 x18d9i69 xkhd6sd\" dir=\"auto\">\n<div class=\"html-div xdj266r x11i5rnm xat24cr x1mh8g0r xexx8yu x4uap5 x18d9i69 xkhd6sd\" data-ad-rendering-role=\"story_message\">\n<div class=\"x1l90r2v x1iorvi4 x1ye3gou xn6708d\" data-ad-comet-preview=\"message\" data-ad-preview=\"message\">\n<div class=\"x78zum5 xdt5ytf xz62fqu x16ldp7u\">\n<div class=\"xu06os2 x1ok221b\">\n<div class=\"xdj266r x11i5rnm xat24cr x1mh8g0r x1vvkbs x126k92a\">\n<div dir=\"auto\"><\/div>\n<\/div>\n<\/div>\n<\/div>\n<\/div>\n<\/div>\n<\/div>\n<\/div>\n<\/div>\n","protected":false},"excerpt":{"rendered":"<p>\u201cPor una nuevu xeneraci\u00f3n d&#8217;Internet comprometida coles persones\u00bb Cada a\u00f1u, el 17 de mayu celebra&#8217;l D\u00eda Mundial de les Telecomunicaciones y la Socied\u00e1 de la Informaci\u00f3n (DMTSI) o, como tami\u00e9n se denomina, el d\u00eda Mundial d&#8217;Internet. Angua\u00f1o, la Uni\u00f3n Internacional de Telecomunicaciones (UIT) sol lema \u201cIguald\u00e1 de x\u00e9neru nel tresformamientu dixital\u201d, pon de relieve la [&hellip;]<\/p>\n","protected":false},"author":117,"featured_media":0,"comment_status":"open","ping_status":"open","sticky":false,"template":"","format":"standard","meta":{"footnotes":""},"categories":[6,352],"tags":[],"class_list":["post-48719","post","type-post","status-publish","format-standard","hentry","category-dia-de","category-informatica"],"_links":{"self":[{"href":"https:\/\/edublog.educastur.es\/ixuxu\/wp-json\/wp\/v2\/posts\/48719","targetHints":{"allow":["GET"]}}],"collection":[{"href":"https:\/\/edublog.educastur.es\/ixuxu\/wp-json\/wp\/v2\/posts"}],"about":[{"href":"https:\/\/edublog.educastur.es\/ixuxu\/wp-json\/wp\/v2\/types\/post"}],"author":[{"embeddable":true,"href":"https:\/\/edublog.educastur.es\/ixuxu\/wp-json\/wp\/v2\/users\/117"}],"replies":[{"embeddable":true,"href":"https:\/\/edublog.educastur.es\/ixuxu\/wp-json\/wp\/v2\/comments?post=48719"}],"version-history":[{"count":8,"href":"https:\/\/edublog.educastur.es\/ixuxu\/wp-json\/wp\/v2\/posts\/48719\/revisions"}],"predecessor-version":[{"id":48727,"href":"https:\/\/edublog.educastur.es\/ixuxu\/wp-json\/wp\/v2\/posts\/48719\/revisions\/48727"}],"wp:attachment":[{"href":"https:\/\/edublog.educastur.es\/ixuxu\/wp-json\/wp\/v2\/media?parent=48719"}],"wp:term":[{"taxonomy":"category","embeddable":true,"href":"https:\/\/edublog.educastur.es\/ixuxu\/wp-json\/wp\/v2\/categories?post=48719"},{"taxonomy":"post_tag","embeddable":true,"href":"https:\/\/edublog.educastur.es\/ixuxu\/wp-json\/wp\/v2\/tags?post=48719"}],"curies":[{"name":"wp","href":"https:\/\/api.w.org\/{rel}","templated":true}]}}