{"id":48735,"date":"2025-05-18T10:45:39","date_gmt":"2025-05-18T08:45:39","guid":{"rendered":"https:\/\/edublog.educastur.es\/ixuxu\/?p=48735"},"modified":"2025-05-25T10:57:51","modified_gmt":"2025-05-25T08:57:51","slug":"el-nuevu-palaciu-de-los-deportes-duvieu","status":"publish","type":"post","link":"https:\/\/edublog.educastur.es\/ixuxu\/2025\/05\/el-nuevu-palaciu-de-los-deportes-duvieu\/","title":{"rendered":"El nuevu Palaciu de los Deportes d&#8217;Uvi\u00e9u, remocic\u00e1u dempu\u00e9s de 50 a\u00f1os de la so inauguraci\u00f3n"},"content":{"rendered":"<ul>\n<li><a href=\"https:\/\/www.lne.es\/oviedo\/2025\/05\/18\/nuevo-palacio-deportes-oviedo-punto-117516488.html?utm_medium=Social&amp;utm_campaign=Echobox&amp;utm_source=Facebook&amp;fbclid=IwY2xjawKWfTFleHRuA2FlbQIxMABicmlkETFhVHNsaFRBS3FUWVpkQm96AR60bHntqjLH4uRvohkbOGN4bF4SzPisOgKeVef_D1zmds5BNkIUyQv6AammaQ_aem_0yVjw-zq4TpoXxNO6p9BdA#Echobox=1747549843\">LNE<\/a> \/ <a href=\"https:\/\/www.elcomercio.es\/oviedo\/renovacion-palacio-deportes-entorno-recta-final-20250505081536-nt.html\">El Comercio<\/a> \/<\/li>\n<\/ul>\n<p style=\"text-align: center\"><a href=\"https:\/\/www.grupo-sanjose.com\/data\/foto\/gran_1686044264_1818633134.jpg\"><img loading=\"lazy\" decoding=\"async\" class=\"aligncenter size-large\" src=\"https:\/\/www.grupo-sanjose.com\/data\/foto\/gran_1686044264_1818633134.jpg\" width=\"1160\" height=\"777\" \/><\/a><\/p>\n<p>El nuevu <a href=\"https:\/\/es.wikipedia.org\/wiki\/Palacio_de_los_Deportes_de_Oviedo\">Palaciu de los Deportes d&#8217;Uvi\u00e9u<\/a>, a vista de dron: 5.400 butaques, wifi y unu llume de \u00abnivel FIBA\u00bb. La megafon\u00eda de la cortil pasa&#8217;l so \u00faltimu exame con resultancies \u00abm\u00e1s que satisfactorios\u00bb gracies a los 10.000 metros de tela que revisten la cubierta. L&#8217;equipamientu presume de fachaes vives\u00bb de casta\u00f1al aut\u00f3ctona. Foi inaugur\u00e1u en 1975, va 50 a\u00f1os.<\/p>\n<p><!--more--><\/p>\n<p>Con cerca de 5.400 butaques (750 esplegaes con graes retr\u00e1ctiles), una rede wifi con accesu dende cualquier puntu del pabell\u00f3n, un sistema de llume vanguardista esix\u00edu pola <span style=\"color: #008080\"><strong>Federaci\u00f3n Internacionla de Baloncestu (FIBA)<\/strong><\/span> y un sistema de megafon\u00eda d&#8217;\u00faltima xeneraci\u00f3n para prestu de los \u00abspeakers\u00bb y con capacid\u00e1 para acompa\u00f1a actuaciones musicales y espect\u00e1culos.<\/p>\n<p style=\"text-align: center\"><a href=\"https:\/\/estaticos-cdn.prensaiberica.es\/clip\/5a1ab3e5-d4f5-4e40-a13b-5fc8534664d6_16-9-discover-aspect-ratio_default_0.jpg\"><img loading=\"lazy\" decoding=\"async\" class=\"aligncenter size-large\" src=\"https:\/\/estaticos-cdn.prensaiberica.es\/clip\/5a1ab3e5-d4f5-4e40-a13b-5fc8534664d6_16-9-discover-aspect-ratio_default_0.jpg\" width=\"1200\" height=\"675\" \/><\/a><\/p>\n<p>Asina ta previstu que reabra en tr\u00e9s selmanes el Palaciu de los Deportes d&#8217;Uvi\u00e9u, dempu\u00e9s de m\u00e1s de dos a\u00f1os de trabayos de la <a href=\"https:\/\/www.grupo-sanjose.com\/p_PALACIO-DE-DEPORTES-DE-OVIEDO-ASTURIAS_484\"><strong>constructora San Jos\u00e9<\/strong><\/a>, que los sos operarios trabayen a contra rel\u00f3 por que la instalaci\u00f3n presente les sos meyores gales de cara a la visita que va realizar el xur\u00e1u encarg\u00e1u d&#8217;escoyer la Ciud\u00e1 Europea del Deporte 2026.<\/p>\n<p style=\"text-align: center\"><a href=\"https:\/\/www.grupo-sanjose.com\/data\/foto\/gran_1686044632_936334868.jpg\"><img loading=\"lazy\" decoding=\"async\" class=\"aligncenter size-large\" src=\"https:\/\/www.grupo-sanjose.com\/data\/foto\/gran_1686044632_936334868.jpg\" width=\"1160\" height=\"777\" \/><\/a><\/p>\n<p style=\"text-align: center\"><a href=\"https:\/\/s3.ppllstatics.com\/elcomercio\/www\/multimedia\/2025\/05\/24\/palacio-oviedo-1-R2Fi1Qc0hOiCpndnNlD5pQO-1200x840@El%20Comercio.jpg\"><img loading=\"lazy\" decoding=\"async\" class=\"aligncenter size-large\" src=\"https:\/\/s3.ppllstatics.com\/elcomercio\/www\/multimedia\/2025\/05\/24\/palacio-oviedo-1-R2Fi1Qc0hOiCpndnNlD5pQO-1200x840@El%20Comercio.jpg\" width=\"1200\" height=\"840\" \/><\/a><\/p>\n<p>Asina taba enantes de les obres<\/p>\n<p style=\"text-align: center\"><a href=\"https:\/\/img.lavdg.com\/sc\/tACru_qWEuDKKgEVDUsSbczVtkE=\/1280x\/2021\/06\/01\/00121622538417580415626\/Foto\/PalaciodeDeportesOviedo.jpg\"><img loading=\"lazy\" decoding=\"async\" class=\"aligncenter size-large\" src=\"https:\/\/img.lavdg.com\/sc\/tACru_qWEuDKKgEVDUsSbczVtkE=\/1280x\/2021\/06\/01\/00121622538417580415626\/Foto\/PalaciodeDeportesOviedo.jpg\" width=\"1280\" height=\"720\" \/><\/a><\/p>\n","protected":false},"excerpt":{"rendered":"<p>LNE \/ El Comercio \/ El nuevu Palaciu de los Deportes d&#8217;Uvi\u00e9u, a vista de dron: 5.400 butaques, wifi y unu llume de \u00abnivel FIBA\u00bb. La megafon\u00eda de la cortil pasa&#8217;l so \u00faltimu exame con resultancies \u00abm\u00e1s que satisfactorios\u00bb gracies a los 10.000 metros de tela que revisten la cubierta. L&#8217;equipamientu presume de fachaes vives\u00bb [&hellip;]<\/p>\n","protected":false},"author":117,"featured_media":0,"comment_status":"open","ping_status":"open","sticky":false,"template":"","format":"standard","meta":{"footnotes":""},"categories":[133,33],"tags":[],"class_list":["post-48735","post","type-post","status-publish","format-standard","hentry","category-deportes","category-uvieu"],"_links":{"self":[{"href":"https:\/\/edublog.educastur.es\/ixuxu\/wp-json\/wp\/v2\/posts\/48735","targetHints":{"allow":["GET"]}}],"collection":[{"href":"https:\/\/edublog.educastur.es\/ixuxu\/wp-json\/wp\/v2\/posts"}],"about":[{"href":"https:\/\/edublog.educastur.es\/ixuxu\/wp-json\/wp\/v2\/types\/post"}],"author":[{"embeddable":true,"href":"https:\/\/edublog.educastur.es\/ixuxu\/wp-json\/wp\/v2\/users\/117"}],"replies":[{"embeddable":true,"href":"https:\/\/edublog.educastur.es\/ixuxu\/wp-json\/wp\/v2\/comments?post=48735"}],"version-history":[{"count":13,"href":"https:\/\/edublog.educastur.es\/ixuxu\/wp-json\/wp\/v2\/posts\/48735\/revisions"}],"predecessor-version":[{"id":49426,"href":"https:\/\/edublog.educastur.es\/ixuxu\/wp-json\/wp\/v2\/posts\/48735\/revisions\/49426"}],"wp:attachment":[{"href":"https:\/\/edublog.educastur.es\/ixuxu\/wp-json\/wp\/v2\/media?parent=48735"}],"wp:term":[{"taxonomy":"category","embeddable":true,"href":"https:\/\/edublog.educastur.es\/ixuxu\/wp-json\/wp\/v2\/categories?post=48735"},{"taxonomy":"post_tag","embeddable":true,"href":"https:\/\/edublog.educastur.es\/ixuxu\/wp-json\/wp\/v2\/tags?post=48735"}],"curies":[{"name":"wp","href":"https:\/\/api.w.org\/{rel}","templated":true}]}}