{"id":48747,"date":"2025-05-18T17:00:35","date_gmt":"2025-05-18T15:00:35","guid":{"rendered":"https:\/\/edublog.educastur.es\/ixuxu\/?p=48747"},"modified":"2025-05-18T10:54:55","modified_gmt":"2025-05-18T08:54:55","slug":"cantar-na-infancia-una-esperiencia-integral-quaguiya-multiples-arees-del-celebru","status":"publish","type":"post","link":"https:\/\/edublog.educastur.es\/ixuxu\/2025\/05\/cantar-na-infancia-una-esperiencia-integral-quaguiya-multiples-arees-del-celebru\/","title":{"rendered":"Cantar na infancia, una esperiencia integral qu&#8217;aguiya m\u00faltiples \u00e1rees del celebru."},"content":{"rendered":"<div class=\"xdj266r x11i5rnm xat24cr x1mh8g0r x1vvkbs x126k92a\" style=\"text-align: center\"><span style=\"color: #008080\"><em>Cantar ye: <strong>arte, memoria, llinguaxe, emoci\u00f3n y v\u00ednculo.<\/strong><\/em><\/span><\/div>\n<div><\/div>\n<div style=\"text-align: center\">\n<!-- iframe plugin v.6.0 wordpress.org\/plugins\/iframe\/ -->\n<iframe loading=\"lazy\" src=\"https:\/\/www.facebook.com\/plugins\/post.php?href=https%3A%2F%2Fwww.facebook.com%2FCielitoArte%2Fposts%2Fpfbid024VGrULm2WmTkqPF85BC5jrCZFMKgMHZ2UwJBeXg1Ri4rpdzh2rNGZbEKHRWZ4mFZl&#038;show_text=false&#038;width=500\" width=\"500\" height=\"498\" style=\"border:none;overflow:hidden\" scrolling=\"no\" frameborder=\"0\" allowfullscreen=\"true\" allow=\"autoplay; clipboard-write; encrypted-media; picture-in-picture; web-share\" 0=\"\/iframe\" class=\"iframe-class\"><\/iframe>\n<\/div>\n<div><\/div>\n<div class=\"x11i5rnm xat24cr x1mh8g0r x1vvkbs xtlvy1s x126k92a\">\n<div dir=\"auto\">Cantar na infancia nun ye solo una espresi\u00f3n art\u00edstica , <strong><span style=\"color: #008080\">ye una esperiencia integral qu&#8217;aguiya m\u00faltiples \u00e1rees del celebru<\/span><\/strong>. El cantar activa la corteza auditiva, fortalez la memoria verbal, ameyora la respiraci\u00f3n y regula les emociones . Am\u00e1s,<strong> cuando se canta en grupu<\/strong>, desenvu\u00e9lvense habilidaes sociales como la empat\u00eda, la escucha activa y la cooperaci\u00f3n . Ye una ferramienta poderoso para fortalecer el llinguaxe, l&#8217;autoestima y el sent\u00edu de pertenencia dende los primeros a\u00f1os.<\/div>\n<div dir=\"auto\"><\/div>\n<\/div>\n<div class=\"x11i5rnm xat24cr x1mh8g0r x1vvkbs xtlvy1s x126k92a\">\n<div dir=\"auto\"><span class=\"html-span xdj266r x11i5rnm xat24cr x1mh8g0r xexx8yu x4uap5 x18d9i69 xkhd6sd x1hl2dhg x16tdsg8 x1vvkbs\"><a class=\"x1i10hfl xjbqb8w x1ejq31n xd10rxx x1sy0etr x17r0tee x972fbf xcfux6l x1qhh985 xm0m39n x9f619 x1ypdohk xt0psk2 xe8uvvx xdj266r x11i5rnm xat24cr x1mh8g0r xexx8yu x4uap5 x18d9i69 xkhd6sd x16tdsg8 x1hl2dhg xggy1nq x1a2a7pz xkrqix3 x1sur9pj x1fey0fg x1s688f\" role=\"link\" href=\"https:\/\/www.facebook.com\/hashtag\/cantar?__eep__=6&amp;__cft__[0]=AZVG5JM4xXf9aDbKfPqwLqMOxG50EP-16BAzLVSXlsKafkrhZZPlvyXYkagfoY-TyGzgMQR6HZ6KCjmms3FjCQ8zQe-gQxVECmD6Sv6measiCeAiPV7xoIF7hDtoxCd0lipZlzgjS_iVGXo3eQfUOEWxzOcY8b-YQUw0X66uTK3QGamRq6fRLHwyC6xsR4NVyEBtW5Eko2x5K1digVjMp2ScHqF3MQx2lB5w7-lj3naMGg&amp;__tn__=*NK-y-R\">#cantar<\/a><\/span> <span class=\"html-span xdj266r x11i5rnm xat24cr x1mh8g0r xexx8yu x4uap5 x18d9i69 xkhd6sd x1hl2dhg x16tdsg8 x1vvkbs\"><a class=\"x1i10hfl xjbqb8w x1ejq31n xd10rxx x1sy0etr x17r0tee x972fbf xcfux6l x1qhh985 xm0m39n x9f619 x1ypdohk xt0psk2 xe8uvvx xdj266r x11i5rnm xat24cr x1mh8g0r xexx8yu x4uap5 x18d9i69 xkhd6sd x16tdsg8 x1hl2dhg xggy1nq x1a2a7pz xkrqix3 x1sur9pj x1fey0fg x1s688f\" role=\"link\" href=\"https:\/\/www.facebook.com\/hashtag\/coros?__eep__=6&amp;__cft__[0]=AZVG5JM4xXf9aDbKfPqwLqMOxG50EP-16BAzLVSXlsKafkrhZZPlvyXYkagfoY-TyGzgMQR6HZ6KCjmms3FjCQ8zQe-gQxVECmD6Sv6measiCeAiPV7xoIF7hDtoxCd0lipZlzgjS_iVGXo3eQfUOEWxzOcY8b-YQUw0X66uTK3QGamRq6fRLHwyC6xsR4NVyEBtW5Eko2x5K1digVjMp2ScHqF3MQx2lB5w7-lj3naMGg&amp;__tn__=*NK-y-R\">#coros<\/a><\/span> <span class=\"html-span xdj266r x11i5rnm xat24cr x1mh8g0r xexx8yu x4uap5 x18d9i69 xkhd6sd x1hl2dhg x16tdsg8 x1vvkbs\"><a class=\"x1i10hfl xjbqb8w x1ejq31n xd10rxx x1sy0etr x17r0tee x972fbf xcfux6l x1qhh985 xm0m39n x9f619 x1ypdohk xt0psk2 xe8uvvx xdj266r x11i5rnm xat24cr x1mh8g0r xexx8yu x4uap5 x18d9i69 xkhd6sd x16tdsg8 x1hl2dhg xggy1nq x1a2a7pz xkrqix3 x1sur9pj x1fey0fg x1s688f\" role=\"link\" href=\"https:\/\/www.facebook.com\/hashtag\/musica?__eep__=6&amp;__cft__[0]=AZVG5JM4xXf9aDbKfPqwLqMOxG50EP-16BAzLVSXlsKafkrhZZPlvyXYkagfoY-TyGzgMQR6HZ6KCjmms3FjCQ8zQe-gQxVECmD6Sv6measiCeAiPV7xoIF7hDtoxCd0lipZlzgjS_iVGXo3eQfUOEWxzOcY8b-YQUw0X66uTK3QGamRq6fRLHwyC6xsR4NVyEBtW5Eko2x5K1digVjMp2ScHqF3MQx2lB5w7-lj3naMGg&amp;__tn__=*NK-y-R\">#musica<\/a><\/span> <span class=\"html-span xdj266r x11i5rnm xat24cr x1mh8g0r xexx8yu x4uap5 x18d9i69 xkhd6sd x1hl2dhg x16tdsg8 x1vvkbs\"><a class=\"x1i10hfl xjbqb8w x1ejq31n xd10rxx x1sy0etr x17r0tee x972fbf xcfux6l x1qhh985 xm0m39n x9f619 x1ypdohk xt0psk2 xe8uvvx xdj266r x11i5rnm xat24cr x1mh8g0r xexx8yu x4uap5 x18d9i69 xkhd6sd x16tdsg8 x1hl2dhg xggy1nq x1a2a7pz xkrqix3 x1sur9pj x1fey0fg x1s688f\" role=\"link\" href=\"https:\/\/www.facebook.com\/hashtag\/dalcroze?__eep__=6&amp;__cft__[0]=AZVG5JM4xXf9aDbKfPqwLqMOxG50EP-16BAzLVSXlsKafkrhZZPlvyXYkagfoY-TyGzgMQR6HZ6KCjmms3FjCQ8zQe-gQxVECmD6Sv6measiCeAiPV7xoIF7hDtoxCd0lipZlzgjS_iVGXo3eQfUOEWxzOcY8b-YQUw0X66uTK3QGamRq6fRLHwyC6xsR4NVyEBtW5Eko2x5K1digVjMp2ScHqF3MQx2lB5w7-lj3naMGg&amp;__tn__=*NK-y-R\">#Dalcroze<\/a><\/span> <span class=\"html-span xdj266r x11i5rnm xat24cr x1mh8g0r xexx8yu x4uap5 x18d9i69 xkhd6sd x1hl2dhg x16tdsg8 x1vvkbs\"><a class=\"x1i10hfl xjbqb8w x1ejq31n xd10rxx x1sy0etr x17r0tee x972fbf xcfux6l x1qhh985 xm0m39n x9f619 x1ypdohk xt0psk2 xe8uvvx xdj266r x11i5rnm xat24cr x1mh8g0r xexx8yu x4uap5 x18d9i69 xkhd6sd x16tdsg8 x1hl2dhg xggy1nq x1a2a7pz xkrqix3 x1sur9pj x1fey0fg x1s688f\" role=\"link\" href=\"https:\/\/www.facebook.com\/hashtag\/infanciasfelices?__eep__=6&amp;__cft__[0]=AZVG5JM4xXf9aDbKfPqwLqMOxG50EP-16BAzLVSXlsKafkrhZZPlvyXYkagfoY-TyGzgMQR6HZ6KCjmms3FjCQ8zQe-gQxVECmD6Sv6measiCeAiPV7xoIF7hDtoxCd0lipZlzgjS_iVGXo3eQfUOEWxzOcY8b-YQUw0X66uTK3QGamRq6fRLHwyC6xsR4NVyEBtW5Eko2x5K1digVjMp2ScHqF3MQx2lB5w7-lj3naMGg&amp;__tn__=*NK-y-R\">#infanciasfelices<\/a><\/span><\/div>\n<\/div>\n","protected":false},"excerpt":{"rendered":"<p>Cantar ye: arte, memoria, llinguaxe, emoci\u00f3n y v\u00ednculo. Cantar na infancia nun ye solo una espresi\u00f3n art\u00edstica , ye una esperiencia integral qu&#8217;aguiya m\u00faltiples \u00e1rees del celebru. El cantar activa la corteza auditiva, fortalez la memoria verbal, ameyora la respiraci\u00f3n y regula les emociones . Am\u00e1s, cuando se canta en grupu, desenvu\u00e9lvense habilidaes sociales como [&hellip;]<\/p>\n","protected":false},"author":117,"featured_media":0,"comment_status":"open","ping_status":"open","sticky":false,"template":"","format":"standard","meta":{"footnotes":""},"categories":[1],"tags":[],"class_list":["post-48747","post","type-post","status-publish","format-standard","hentry","category-sin-categoria"],"_links":{"self":[{"href":"https:\/\/edublog.educastur.es\/ixuxu\/wp-json\/wp\/v2\/posts\/48747","targetHints":{"allow":["GET"]}}],"collection":[{"href":"https:\/\/edublog.educastur.es\/ixuxu\/wp-json\/wp\/v2\/posts"}],"about":[{"href":"https:\/\/edublog.educastur.es\/ixuxu\/wp-json\/wp\/v2\/types\/post"}],"author":[{"embeddable":true,"href":"https:\/\/edublog.educastur.es\/ixuxu\/wp-json\/wp\/v2\/users\/117"}],"replies":[{"embeddable":true,"href":"https:\/\/edublog.educastur.es\/ixuxu\/wp-json\/wp\/v2\/comments?post=48747"}],"version-history":[{"count":3,"href":"https:\/\/edublog.educastur.es\/ixuxu\/wp-json\/wp\/v2\/posts\/48747\/revisions"}],"predecessor-version":[{"id":48750,"href":"https:\/\/edublog.educastur.es\/ixuxu\/wp-json\/wp\/v2\/posts\/48747\/revisions\/48750"}],"wp:attachment":[{"href":"https:\/\/edublog.educastur.es\/ixuxu\/wp-json\/wp\/v2\/media?parent=48747"}],"wp:term":[{"taxonomy":"category","embeddable":true,"href":"https:\/\/edublog.educastur.es\/ixuxu\/wp-json\/wp\/v2\/categories?post=48747"},{"taxonomy":"post_tag","embeddable":true,"href":"https:\/\/edublog.educastur.es\/ixuxu\/wp-json\/wp\/v2\/tags?post=48747"}],"curies":[{"name":"wp","href":"https:\/\/api.w.org\/{rel}","templated":true}]}}