{"id":48751,"date":"2025-05-18T11:58:00","date_gmt":"2025-05-18T09:58:00","guid":{"rendered":"https:\/\/edublog.educastur.es\/ixuxu\/?p=48751"},"modified":"2025-05-18T21:25:38","modified_gmt":"2025-05-18T19:25:38","slug":"beneficios-de-tocar-un-preseu-o-instrumentu-musical","status":"publish","type":"post","link":"https:\/\/edublog.educastur.es\/ixuxu\/2025\/05\/beneficios-de-tocar-un-preseu-o-instrumentu-musical\/","title":{"rendered":"Beneficios de tocar un pres\u00e9u o instrumentu musical"},"content":{"rendered":"<div class=\"xdj266r x11i5rnm xat24cr x1mh8g0r x1vvkbs x126k92a\">\n<p style=\"text-align: center\">\n<!-- iframe plugin v.6.0 wordpress.org\/plugins\/iframe\/ -->\n<iframe loading=\"lazy\" src=\"https:\/\/www.facebook.com\/plugins\/post.php?href=https%3A%2F%2Fwww.facebook.com%2FCielitoArte%2Fposts%2Fpfbid0Bafny1kD7WEcg13eSWgej9pBtae9qA4fRe6yLS7aFQvA19cDdq9T4UU1RaPWTQJbl&#038;show_text=false&#038;width=500\" width=\"500\" height=\"498\" style=\"border:none;overflow:hidden\" scrolling=\"no\" frameborder=\"0\" allowfullscreen=\"true\" allow=\"autoplay; clipboard-write; encrypted-media; picture-in-picture; web-share\" 0=\"\/iframe\" class=\"iframe-class\"><\/iframe>\n<\/p>\n<ul>\n<li dir=\"auto\">\u2728Tocar un pres\u00e9u\/instrumentu o participar n&#8217;actividaes musicales <strong>activa intensamente la corteza prefrontal, \u00a1una parte del celebru clave para habilidaes como l&#8217;atenci\u00f3n, la planificaci\u00f3n y el control d&#8217;impulsos!<\/strong><\/li>\n<li dir=\"auto\">\ud83e\udde0\ud83c\udfb6 Cada vez qu&#8217;un ne\u00f1u toca, canta o sigue un ritmu, ta entrenando&#8217;l so celebru para tomar decisiones, entamase y remanar les sos emociones.<\/li>\n<\/ul>\n<p><!--more--><\/p>\n<ul>\n<li>Estudios de la Northwestern University y el trabayu de la Dra. Anita Collins confirmen que <strong><span style=\"color: #008080\">la m\u00fasica non solo potencia la memoria y la concentraci\u00f3n, sin\u00f3n tami\u00e9n habilidaes sociales como la escucha activa y la cooperaci\u00f3n<\/span><\/strong>, \u00a1especialmente n&#8217;actividaes grupales!<\/li>\n<li>\ud83e\uddd2\ud83c\udffb\ud83c\udfb9 La m\u00fasica non solo emociona, tami\u00e9n ayuda a construyir celebros m\u00e1s sollertes, flexibles y creativos \ud83d\udc9c<\/li>\n<\/ul>\n<\/div>\n<p>&nbsp;<\/p>\n","protected":false},"excerpt":{"rendered":"<p>\u2728Tocar un pres\u00e9u\/instrumentu o participar n&#8217;actividaes musicales activa intensamente la corteza prefrontal, \u00a1una parte del celebru clave para habilidaes como l&#8217;atenci\u00f3n, la planificaci\u00f3n y el control d&#8217;impulsos! \ud83e\udde0\ud83c\udfb6 Cada vez qu&#8217;un ne\u00f1u toca, canta o sigue un ritmu, ta entrenando&#8217;l so celebru para tomar decisiones, entamase y remanar les sos emociones.<\/p>\n","protected":false},"author":117,"featured_media":0,"comment_status":"open","ping_status":"open","sticky":false,"template":"","format":"standard","meta":{"footnotes":""},"categories":[35],"tags":[],"class_list":["post-48751","post","type-post","status-publish","format-standard","hentry","category-musica"],"_links":{"self":[{"href":"https:\/\/edublog.educastur.es\/ixuxu\/wp-json\/wp\/v2\/posts\/48751","targetHints":{"allow":["GET"]}}],"collection":[{"href":"https:\/\/edublog.educastur.es\/ixuxu\/wp-json\/wp\/v2\/posts"}],"about":[{"href":"https:\/\/edublog.educastur.es\/ixuxu\/wp-json\/wp\/v2\/types\/post"}],"author":[{"embeddable":true,"href":"https:\/\/edublog.educastur.es\/ixuxu\/wp-json\/wp\/v2\/users\/117"}],"replies":[{"embeddable":true,"href":"https:\/\/edublog.educastur.es\/ixuxu\/wp-json\/wp\/v2\/comments?post=48751"}],"version-history":[{"count":1,"href":"https:\/\/edublog.educastur.es\/ixuxu\/wp-json\/wp\/v2\/posts\/48751\/revisions"}],"predecessor-version":[{"id":48752,"href":"https:\/\/edublog.educastur.es\/ixuxu\/wp-json\/wp\/v2\/posts\/48751\/revisions\/48752"}],"wp:attachment":[{"href":"https:\/\/edublog.educastur.es\/ixuxu\/wp-json\/wp\/v2\/media?parent=48751"}],"wp:term":[{"taxonomy":"category","embeddable":true,"href":"https:\/\/edublog.educastur.es\/ixuxu\/wp-json\/wp\/v2\/categories?post=48751"},{"taxonomy":"post_tag","embeddable":true,"href":"https:\/\/edublog.educastur.es\/ixuxu\/wp-json\/wp\/v2\/tags?post=48751"}],"curies":[{"name":"wp","href":"https:\/\/api.w.org\/{rel}","templated":true}]}}