{"id":48756,"date":"2025-05-18T09:00:44","date_gmt":"2025-05-18T07:00:44","guid":{"rendered":"https:\/\/edublog.educastur.es\/ixuxu\/?p=48756"},"modified":"2025-05-18T11:12:24","modified_gmt":"2025-05-18T09:12:24","slug":"dia-internacional-de-los-museos-5","status":"publish","type":"post","link":"https:\/\/edublog.educastur.es\/ixuxu\/2025\/05\/dia-internacional-de-los-museos-5\/","title":{"rendered":"D\u00eda Internacional de los Museos"},"content":{"rendered":"<div class=\"html-div xdj266r x11i5rnm xat24cr x1mh8g0r xexx8yu x4uap5 x18d9i69 xkhd6sd\">\n<div class=\"html-div xdj266r x11i5rnm x1mh8g0r x18d9i69 x1cy8zhl x78zum5 x1q0g3np xod5an3 xz9dl7a x1ye3gou xn6708d\">\n<div class=\"html-div xdj266r x11i5rnm xat24cr x1mh8g0r xexx8yu x4uap5 x18d9i69 xkhd6sd x1iyjqo2 xeuugli\">\n<ul>\n<li><a href=\"https:\/\/www.elcomercio.es\/planes\/dia-museos-asturias-disfrute-20250513092432-nt.html\">El Comercio<\/a> \/<a href=\"https:\/\/www.museobbaa.com\/actividad\/dia-internacional-los-museos-2025\/\"> MBBAA<\/a> \/ <a href=\"https:\/\/www.educastur.es\/-\/18-05-dia-internacional-de-los-museos-2025?redirect=%2Finicio\"><strong>EDUCASTUR<\/strong> <\/a>\/<\/li>\n<\/ul>\n<p style=\"text-align: center\"><a href=\"https:\/\/www.museobbaa.com\/wp-content\/uploads\/2025\/05\/1000023677-470x352.png\"><img loading=\"lazy\" decoding=\"async\" class=\"aligncenter size-large\" src=\"https:\/\/www.museobbaa.com\/wp-content\/uploads\/2025\/05\/1000023677-470x352.png\" width=\"470\" height=\"352\" \/><\/a><\/p>\n<p>Una iniciativa del Conseyu Internacional de Museos (ICOM) que tien por oxetu averar al p\u00fablicu&#8217;l llabor d&#8217;estos espacios referentes de la cultura. Los d&#8217;Asturies sumir a la celebraci\u00f3n con una programaci\u00f3n especial dise\u00f1ada sol lema <strong><span style=\"text-decoration: underline\"><span style=\"color: #008080;text-decoration: underline\"><em>&#8216;El Futuru de los Museos en comunida ye sicas\u00ed constante&#8217;<\/em><\/span><\/span><\/strong> qu&#8217;incl\u00fai esposiciones, visites empuestes y otres actividaes de divulgaci\u00f3n.<\/p>\n<p>Esta ufierta cultural y d&#8217;ociu podr\u00e1 esfrutase mientres tou la fin de selmana, anque <strong>solo&#8217;l domingu la entrada va ser gratuita en munchos de los centros del Princip\u00e1u.<\/strong><\/p>\n<p><!--more--><\/p>\n<ul>\n<li><a href=\"https:\/\/www.icom-ce.org\/actividades\/dia-internacional-de-los-museos-2025-el-futuro-de-los-museos-en-comunidades-en-constante-cambio\/\" target=\"_blank\" rel=\"noopener\">Web ICOM. D\u00eda Internacional de los Museos 2025<\/a>\/ <a href=\"https:\/\/www.icom-ce.org\/wp-content\/uploads\/2025\/04\/DIM-Castellano-2025.pdf\" target=\"_blank\" rel=\"noopener\">El cartel del DIM 2025<\/a><\/li>\n<li><strong>ESPA\u00d1A: <\/strong><a href=\"https:\/\/www.cultura.gob.es\/actualidad\/2025\/05\/250512-dia-museos.html\" target=\"_blank\" rel=\"noopener\">Web Ministerio Cultura<\/a>\/\u00a0<a href=\"https:\/\/www.museodelprado.es\/recurso\/9fbe0294-0ed8-44e8-9836-f31a069b18ef\/a4d34c55-149c-4f27-aed9-698cbd34691e\" target=\"_blank\" rel=\"noopener\">Museo del Prado<\/a>\/\u00a0<a href=\"https:\/\/directoriomuseos.mcu.es\/dirmuseos\/mostrarBusquedaGeneral.do\" target=\"_blank\" rel=\"noopener\">Directoriu Museos y Colecciones d&#8217;Espa\u00f1a<\/a><\/li>\n<li><strong>ASTURIES. <\/strong><a href=\"https:\/\/www.turismoasturias.es\/agenda-de-asturias\/-\/calendarsuite\/event\/dia-internacional-de-los-museos-en-asturias\/6146144\/JXvXAPSD7JC0\" target=\"_blank\" rel=\"noopener\">Actividades programas en museos de Asturias<\/a> \/\u00a0<a href=\"https:\/\/www.museobbaa.com\/actividad\/dia-internacional-los-museos-2025\/\" target=\"_blank\" rel=\"noopener\">Mus\u00e9u Bellas Artes d&#8217;Asturies<\/a><\/li>\n<\/ul>\n<p>&nbsp;<\/p>\n<p style=\"text-align: center\"><a href=\"https:\/\/t0.gstatic.com\/licensed-image?q=tbn:ANd9GcRjx_rOyFHiPt2H-hthE3Rh5zqPdJBSy-EU9YObW-SBplaFw-fir8VAlozIurQRC8oyYj66eog664G0XSw3\"><img loading=\"lazy\" decoding=\"async\" class=\"aligncenter \" src=\"https:\/\/t0.gstatic.com\/licensed-image?q=tbn:ANd9GcRjx_rOyFHiPt2H-hthE3Rh5zqPdJBSy-EU9YObW-SBplaFw-fir8VAlozIurQRC8oyYj66eog664G0XSw3\" width=\"340\" height=\"340\" \/><\/a><\/p>\n<div class=\"x78zum5 xdt5ytf xz62fqu x16ldp7u\">\n<div class=\"xu06os2 x1ok221b\">\n<p>Ye un eventu coordin\u00e1u pol Conseyu Internacional de Museos que tien llugar cada a\u00f1u alredor del 18 de mayu. Esti eventu pon de relieve una tema distinta cada a\u00f1u y que ta nel centru de les esmoliciones de la comunid\u00e1 de los museos. <a href=\"https:\/\/es.wikipedia.org\/wiki\/D\u00eda_Internacional_de_los_Museos\">Wikipedia<\/a><\/p>\n<div class=\"html-div xdj266r x11i5rnm xat24cr x1mh8g0r xexx8yu x4uap5 x18d9i69 xkhd6sd\" data-ad-rendering-role=\"profile_name\">\n<ul>\n<li id=\"\u00abRlalatana6daammjabiqapapd5aq\u00bb\" class=\"html-h4 x11i5rnm xat24cr x1mh8g0r xexx8yu x4uap5 x18d9i69 xkhd6sd x1vvkbs x1heor9g x1qlqyl8 x1pd3egz x1a2a7pz x1gslohp x1yc453h\"><span class=\"xt0psk2\"><a class=\"x1i10hfl xjbqb8w x1ejq31n xd10rxx x1sy0etr x17r0tee x972fbf xcfux6l x1qhh985 xm0m39n x9f619 x1ypdohk xt0psk2 xe8uvvx xdj266r x11i5rnm xat24cr x1mh8g0r xexx8yu x4uap5 x18d9i69 xkhd6sd x16tdsg8 x1hl2dhg xggy1nq x1a2a7pz xkrqix3 x1sur9pj xzsf02u x1s688f\" role=\"link\" href=\"https:\/\/www.facebook.com\/Museograndas?__cft__[0]=AZXZK6_PN53F2rR2ZYklDFvObxYpetbjGHnJtosnCyLoiIXkLW2wb2VPdGeHQgqUfD-zhJB4BX7c4POxz9z9qrxG4Td2m-9jg1Bu_tLjdHX2kxqHZdXhINeDWKAYrKSOhU3X3e7iJkRfDTgofrwKwFW2MP5kKy1GFysyJtJ5VCrchljAMRwH80u4nBjhTsEY0p6FJW4txxjrG5dizZbm89uIOb3bYSHroOpFXHT8LJtIVQ&amp;__tn__=-UC%2CP-R\"><strong class=\"html-strong xdj266r x11i5rnm xat24cr x1mh8g0r xexx8yu x4uap5 x18d9i69 xkhd6sd x1hl2dhg x16tdsg8 x1vvkbs x1s688f\"><span class=\"html-span xdj266r x11i5rnm xat24cr x1mh8g0r xexx8yu x4uap5 x18d9i69 xkhd6sd x1hl2dhg x16tdsg8 x1vvkbs\">Museo Etnogr\u00e1fico de Grandas de Salime \u00abPepe el Ferreiro\u00bb<\/span><\/strong><\/a><\/span><\/li>\n<\/ul>\n<\/div>\n<\/div>\n<div class=\"xu06os2 x1ok221b\">\n<div id=\"\u00abRlalatana6daammjabiqapapd5aqH1\u00bb\" class=\"html-div xdj266r x11i5rnm xat24cr x1mh8g0r xexx8yu x4uap5 x18d9i69 xkhd6sd x1q0g3np\"><\/div>\n<\/div>\n<\/div>\n<\/div>\n<div><\/div>\n<\/div>\n<\/div>\n<p>&nbsp;<\/p>\n<div class=\"html-div xdj266r x11i5rnm xat24cr x1mh8g0r xexx8yu x4uap5 x18d9i69 xkhd6sd\">\n<div class=\"html-div xdj266r x11i5rnm xat24cr x1mh8g0r xexx8yu x4uap5 x18d9i69 xkhd6sd\" dir=\"auto\">\n<div class=\"html-div xdj266r x11i5rnm xat24cr x1mh8g0r xexx8yu x4uap5 x18d9i69 xkhd6sd\" data-ad-rendering-role=\"story_message\">\n<div id=\"\u00abRlalatana6daammjabiqapapd5aqH2\u00bb\" class=\"x1l90r2v x1iorvi4 x1ye3gou xn6708d\" data-ad-comet-preview=\"message\" data-ad-preview=\"message\">\n<div class=\"x78zum5 xdt5ytf xz62fqu x16ldp7u\">\n<div class=\"xu06os2 x1ok221b\">\n<div class=\"xdj266r x11i5rnm xat24cr x1mh8g0r x1vvkbs x126k92a\">\n<div dir=\"auto\" style=\"text-align: center\">\n<!-- iframe plugin v.6.0 wordpress.org\/plugins\/iframe\/ -->\n<iframe loading=\"lazy\" src=\"https:\/\/www.facebook.com\/plugins\/post.php?href=https%3A%2F%2Fwww.facebook.com%2FMuseograndas%2Fposts%2Fpfbid02WM4FxpB5efCAvjAKZH1n9weMoWBU2GZcsmhWuenfp8ge8DkY9TRpAxAhio7vwgnyl&#038;show_text=false&#038;width=500\" width=\"500\" height=\"333\" style=\"border:none;overflow:hidden\" scrolling=\"no\" frameborder=\"0\" allowfullscreen=\"true\" allow=\"autoplay; clipboard-write; encrypted-media; picture-in-picture; web-share\" 0=\"\/iframe\" class=\"iframe-class\"><\/iframe>\n<\/div>\n<div dir=\"auto\">\u00a1G\u00fcei, 18 de mayu, celebramos el <strong>D\u00eda Internacional de los Museos<\/strong> con entrada gratuita!\u00a0 Abrimos de 11 a 15 hores<\/div>\n<div dir=\"auto\"><span class=\"html-span xexx8yu x4uap5 x18d9i69 xkhd6sd x1hl2dhg x16tdsg8 x1vvkbs x3nfvp2 x1j61x8r x1fcty0u xdj266r xat24cr xgzva0m xhhsvwb xxymvpz xlup9mm x1kky2od\"><img loading=\"lazy\" decoding=\"async\" class=\"xz74otr x168nmei x13lgxp2 x5pf9jr xo71vjh\" src=\"https:\/\/static.xx.fbcdn.net\/images\/emoji.php\/v9\/t51\/1\/16\/1f449.png\" alt=\"\ud83d\udc49\" width=\"16\" height=\"16\" \/><\/span> <span class=\"html-span xdj266r x11i5rnm xat24cr x1mh8g0r xexx8yu x4uap5 x18d9i69 xkhd6sd x1hl2dhg x16tdsg8 x1vvkbs\"><a class=\"x1i10hfl xjbqb8w x1ejq31n xd10rxx x1sy0etr x17r0tee x972fbf xcfux6l x1qhh985 xm0m39n x9f619 x1ypdohk xt0psk2 xe8uvvx xdj266r x11i5rnm xat24cr x1mh8g0r xexx8yu x4uap5 x18d9i69 xkhd6sd x16tdsg8 x1hl2dhg xggy1nq x1a2a7pz xkrqix3 x1sur9pj x1fey0fg x1s688f\" role=\"link\" href=\"https:\/\/tinyurl.com\/2arhm379?fbclid=IwZXh0bgNhZW0CMTAAYnJpZBExYVRzbGhUQUtxVFlaZEJvegEeKM9RnGhYdn7ijYtQTNXTZupxSkxYu_fHyq0sLzwzAdPz2Rh_GokqfE87JB8_aem_I2P74M_sgRGSI5vEbQYQTA\" target=\"_blank\" rel=\"nofollow noopener noreferrer\">https:\/\/tinyurl.com\/2arhm379<\/a><\/span><\/div>\n<\/div>\n<\/div>\n<\/div>\n<\/div>\n<\/div>\n<\/div>\n<\/div>\n","protected":false},"excerpt":{"rendered":"<p>El Comercio \/ MBBAA \/ EDUCASTUR \/ Una iniciativa del Conseyu Internacional de Museos (ICOM) que tien por oxetu averar al p\u00fablicu&#8217;l llabor d&#8217;estos espacios referentes de la cultura. Los d&#8217;Asturies sumir a la celebraci\u00f3n con una programaci\u00f3n especial dise\u00f1ada sol lema &#8216;El Futuru de los Museos en comunida ye sicas\u00ed constante&#8217; qu&#8217;incl\u00fai esposiciones, visites [&hellip;]<\/p>\n","protected":false},"author":117,"featured_media":0,"comment_status":"open","ping_status":"open","sticky":false,"template":"","format":"standard","meta":{"footnotes":""},"categories":[6,15],"tags":[],"class_list":["post-48756","post","type-post","status-publish","format-standard","hentry","category-dia-de","category-museos"],"_links":{"self":[{"href":"https:\/\/edublog.educastur.es\/ixuxu\/wp-json\/wp\/v2\/posts\/48756","targetHints":{"allow":["GET"]}}],"collection":[{"href":"https:\/\/edublog.educastur.es\/ixuxu\/wp-json\/wp\/v2\/posts"}],"about":[{"href":"https:\/\/edublog.educastur.es\/ixuxu\/wp-json\/wp\/v2\/types\/post"}],"author":[{"embeddable":true,"href":"https:\/\/edublog.educastur.es\/ixuxu\/wp-json\/wp\/v2\/users\/117"}],"replies":[{"embeddable":true,"href":"https:\/\/edublog.educastur.es\/ixuxu\/wp-json\/wp\/v2\/comments?post=48756"}],"version-history":[{"count":3,"href":"https:\/\/edublog.educastur.es\/ixuxu\/wp-json\/wp\/v2\/posts\/48756\/revisions"}],"predecessor-version":[{"id":48759,"href":"https:\/\/edublog.educastur.es\/ixuxu\/wp-json\/wp\/v2\/posts\/48756\/revisions\/48759"}],"wp:attachment":[{"href":"https:\/\/edublog.educastur.es\/ixuxu\/wp-json\/wp\/v2\/media?parent=48756"}],"wp:term":[{"taxonomy":"category","embeddable":true,"href":"https:\/\/edublog.educastur.es\/ixuxu\/wp-json\/wp\/v2\/categories?post=48756"},{"taxonomy":"post_tag","embeddable":true,"href":"https:\/\/edublog.educastur.es\/ixuxu\/wp-json\/wp\/v2\/tags?post=48756"}],"curies":[{"name":"wp","href":"https:\/\/api.w.org\/{rel}","templated":true}]}}