{"id":48764,"date":"2025-05-18T09:05:21","date_gmt":"2025-05-18T07:05:21","guid":{"rendered":"https:\/\/edublog.educastur.es\/ixuxu\/?p=48764"},"modified":"2025-05-18T11:26:52","modified_gmt":"2025-05-18T09:26:52","slug":"retrato-dun-celebru-los-artistes-de-les-neurones-a-la-creativida","status":"publish","type":"post","link":"https:\/\/edublog.educastur.es\/ixuxu\/2025\/05\/retrato-dun-celebru-los-artistes-de-les-neurones-a-la-creativida\/","title":{"rendered":"Vel\u00e1zquez en \u201cRetrato d&#8217;un celebru: los artistes. De les neurones a la creativid\u00e1\u201d"},"content":{"rendered":"<div class=\"html-div xdj266r x11i5rnm xat24cr x1mh8g0r xexx8yu x1a8lsjc x1swvt13 x1pi30zi\">\n<div class=\"html-div xdj266r x11i5rnm xat24cr x1mh8g0r xexx8yu x4uap5 x18d9i69 xkhd6sd x1jx94hy x78zum5 x1q0g3np\">\n<div class=\"x78zum5 xdt5ytf xz62fqu x16ldp7u\">\n<div class=\"xu06os2 x1ok221b\">\n<div class=\"html-div xdj266r x11i5rnm xat24cr x1mh8g0r xexx8yu x4uap5 x18d9i69 xkhd6sd\" data-ad-rendering-role=\"profile_name\">\n<ul>\n<li class=\"html-h3 x11i5rnm xat24cr x1mh8g0r xexx8yu x4uap5 x18d9i69 xkhd6sd x1vvkbs x1heor9g x1qlqyl8 x1pd3egz x1a2a7pz x1gslohp x1yc453h\"><span class=\"x1lliihq x6ikm8r x10wlt62 x1n2onr6\"><span class=\"xt0psk2\"><a class=\"x1i10hfl xjbqb8w x1ejq31n xd10rxx x1sy0etr x17r0tee x972fbf xcfux6l x1qhh985 xm0m39n x9f619 x1ypdohk xt0psk2 xe8uvvx xdj266r x11i5rnm xat24cr x1mh8g0r xexx8yu x4uap5 x18d9i69 xkhd6sd x16tdsg8 x1hl2dhg xggy1nq x1a2a7pz xkrqix3 x1sur9pj xzsf02u x1s688f\" role=\"link\" href=\"https:\/\/www.facebook.com\/museonacionaldelprado?__cft__[0]=AZUukWRpMRB4-7orE-nFmYrQfx9FwcXjvWhnbcNNXOBM3K6M1naPBw_7cKx2jcd6sqUCHmds4PQP8vNqD0rNHlBmgwvihna33PguXUMTJYmkZhU_pV1BxnyLF8Wwbh-eN0gZhB5os0eyXTx9DwUYxFoJXKTY1IXlCe9KyE2cvHaWd20_V7T83xVLcTq2qx_IQyo_hWPpn-Bn-iyn_cl08YLfk0v8YFNGpvsgsRyDvQUTmw&amp;__tn__=-UC%2CP-y-R\"><strong class=\"html-strong xdj266r x11i5rnm xat24cr x1mh8g0r xexx8yu x4uap5 x18d9i69 xkhd6sd x1hl2dhg x16tdsg8 x1vvkbs x1s688f\"><span class=\"html-span xdj266r x11i5rnm xat24cr x1mh8g0r xexx8yu x4uap5 x18d9i69 xkhd6sd x1hl2dhg x16tdsg8 x1vvkbs\">Museo Nacional del Prado<\/span><\/strong><\/a><\/span><span class=\"html-span xdj266r x11i5rnm xat24cr x1mh8g0r xexx8yu x4uap5 x18d9i69 xkhd6sd x1hl2dhg x16tdsg8 x1vvkbs x1dor1uw x1n2onr6 xxymvpz\">\u00a0<\/span><\/span><\/li>\n<\/ul>\n<p style=\"text-align: center\">\n<!-- iframe plugin v.6.0 wordpress.org\/plugins\/iframe\/ -->\n<iframe loading=\"lazy\" src=\"https:\/\/www.facebook.com\/plugins\/video.php?height=476&#038;href=https%3A%2F%2Fwww.facebook.com%2Fmuseonacionaldelprado%2Fvideos%2F980307387247488%2F&#038;show_text=false&#038;width=267&#038;t=0\" width=\"267\" height=\"476\" style=\"border:none;overflow:hidden\" scrolling=\"no\" frameborder=\"0\" allowfullscreen=\"true\" allow=\"autoplay; clipboard-write; encrypted-media; picture-in-picture; web-share\" 0=\"\/iframe\" class=\"iframe-class\"><\/iframe>\n<\/p>\n<\/div>\n<\/div>\n<div class=\"xu06os2 x1ok221b\"><\/div>\n<\/div>\n<\/div>\n<\/div>\n<div class=\"html-div xdj266r x11i5rnm xat24cr x1mh8g0r xexx8yu x4uap5 x18d9i69 xkhd6sd\" dir=\"auto\">\n<div class=\"html-div xdj266r x11i5rnm xat24cr x1mh8g0r xexx8yu x4uap5 x18d9i69 xkhd6sd\" dir=\"auto\">\n<div class=\"html-div xdj266r x11i5rnm xat24cr x1mh8g0r xexx8yu x4uap5 x18d9i69 xkhd6sd\" data-ad-rendering-role=\"story_message\">\n<div class=\"x1l90r2v x1iorvi4 x1ye3gou xn6708d\" data-ad-comet-preview=\"message\" data-ad-preview=\"message\">\n<div class=\"x78zum5 xdt5ytf xz62fqu x16ldp7u\">\n<div class=\"xu06os2 x1ok221b\">\n<div class=\"xdj266r x11i5rnm xat24cr x1mh8g0r x1vvkbs x126k92a\"><\/div>\n<div class=\"x11i5rnm xat24cr x1mh8g0r x1vvkbs xtlvy1s x126k92a\">\n<div dir=\"auto\">V\u00eddeu en directu con Nazareth Castellanos, Llicenciada en F\u00edsica Te\u00f3rica y doctora en Neurociencia pola Facult\u00e1 de Medicina de la Universid\u00e1 Aut\u00f3noma de Madrid y directora del ciclu de conferencies <strong>\u201cRetrato d&#8217;un celebru: los artistes. <\/strong><\/div>\n<div dir=\"auto\"><!--more--><\/div>\n<div dir=\"auto\"><\/div>\n<div dir=\"auto\"><strong>De les neurones a la creativid\u00e1\u201d<\/strong>, entam\u00e1u pel Centru d&#8217;Estudios del Mus\u00e9u del Prau Nesti v\u00eddeu dende la sala de <strong>\u201cLes meninas\u201d<\/strong> Nazareth Castellanos f\u00e1lanos sobro c\u00f3mo ser\u00eda&#8217;l celebru d&#8217;un artista como Vel\u00e1zquez ya introduz conceutos como la epigen\u00e9tica, la sincronizaci\u00f3n de celebros maestru-alumnu o&#8217;l xiru fusiforme. Emit\u00edu dende la sala 12 del<span class=\"html-span xdj266r x11i5rnm xat24cr x1mh8g0r xexx8yu x4uap5 x18d9i69 xkhd6sd x1hl2dhg x16tdsg8 x1vvkbs\"><a class=\"x1i10hfl xjbqb8w x1ejq31n xd10rxx x1sy0etr x17r0tee x972fbf xcfux6l x1qhh985 xm0m39n x9f619 x1ypdohk xt0psk2 xe8uvvx xdj266r x11i5rnm xat24cr x1mh8g0r xexx8yu x4uap5 x18d9i69 xkhd6sd x16tdsg8 x1hl2dhg xggy1nq x1a2a7pz xkrqix3 x1sur9pj x1fey0fg x1s688f\" role=\"link\" href=\"https:\/\/www.facebook.com\/hashtag\/museodelprado?__eep__=6&amp;__cft__[0]=AZUukWRpMRB4-7orE-nFmYrQfx9FwcXjvWhnbcNNXOBM3K6M1naPBw_7cKx2jcd6sqUCHmds4PQP8vNqD0rNHlBmgwvihna33PguXUMTJYmkZhU_pV1BxnyLF8Wwbh-eN0gZhB5os0eyXTx9DwUYxFoJXKTY1IXlCe9KyE2cvHaWd20_V7T83xVLcTq2qx_IQyo_hWPpn-Bn-iyn_cl08YLfk0v8YFNGpvsgsRyDvQUTmw&amp;__tn__=*NK-y-R\">#MuseodelPrado<\/a><\/span><\/div>\n<\/div>\n<div dir=\"auto\"><\/div>\n<div dir=\"auto\" style=\"text-align: center\">\n<!-- iframe plugin v.6.0 wordpress.org\/plugins\/iframe\/ -->\n<iframe loading=\"lazy\" width=\"100%\" height=\"387\" src=\"https:\/\/www.youtube.com\/embed\/8vDV9h5wD_Q\" title=\"&amp;quot;El cerebro de Vel\u00e1zquez. Del arte y de lo humano&amp;quot; por Nazareth Castellanos\" frameborder=\"0\" allow=\"accelerometer; autoplay; clipboard-write; encrypted-media; gyroscope; picture-in-picture; web-share\" referrerpolicy=\"strict-origin-when-cross-origin\" 0=\"allowfullscreen\" 1=\"\/iframe\" scrolling=\"yes\" class=\"iframe-class\"><\/iframe>\n<\/div>\n<div class=\"x11i5rnm xat24cr x1mh8g0r x1vvkbs xtlvy1s x126k92a\">\n<div dir=\"auto\"><\/div>\n<\/div>\n<div class=\"x11i5rnm xat24cr x1mh8g0r x1vvkbs xtlvy1s x126k92a\">\n<ul>\n<li dir=\"auto\"><span class=\"html-span xdj266r x11i5rnm xat24cr x1mh8g0r xexx8yu x4uap5 x18d9i69 xkhd6sd x1hl2dhg x16tdsg8 x1vvkbs\"><a class=\"x1i10hfl xjbqb8w x1ejq31n xd10rxx x1sy0etr x17r0tee x972fbf xcfux6l x1qhh985 xm0m39n x9f619 x1ypdohk xt0psk2 xe8uvvx xdj266r x11i5rnm xat24cr x1mh8g0r xexx8yu x4uap5 x18d9i69 xkhd6sd x16tdsg8 x1hl2dhg xggy1nq x1a2a7pz xkrqix3 x1sur9pj x1fey0fg x1s688f\" role=\"link\" href=\"https:\/\/l.facebook.com\/l.php?u=https%3A%2F%2Fwww.youtube.com%2Fwatch%3Fv%3DI06r6SMdNnw%26list%3DPL8S8EUbs69xINly5_8MX1MM-NfQ5UyYlJ%26fbclid%3DIwZXh0bgNhZW0CMTAAYnJpZBExYVRzbGhUQUtxVFlaZEJvegEeEiUvK-LMAGdzJ2eKJSSFRBjCkbuv1ADPXx2nezA6N-9S4sl4ihB79NoZuhQ_aem_J-TwMrZgnhIGwlRf_lbYpA&amp;h=AT1VCBo0X4yOuDIkoY0kAjXgRWHadbnYAC-pUVvcrLE38BOD-ipFMNBI64BnNtzI4PkoaTUyiAod1hFrROsVBPtyn2e846FEWOSCTkHR8Yp0qS5cZsKXmf9I1zyFMzwkDG-WqD4eoNIP63UAq4Hk39AnjxYW9A&amp;__tn__=-UK-y-R&amp;c[0]=AT12Y33mX9jha2LN4hVFWLTvElma7ZqzT5E5j-8vTAO4OQCsub1MdffRLZQTlbfyt52FweIGxwlBPxuweBB2qmwkJUM-3rN5RiDxdOEaPIle7jWMS_zvhV6Dm-WhShuv75Df08UDhHJNHKP1QWTwNQVvVJvPPVShWLJ48i8Yn1Buj-Y0WHUx37f60EaZRGOalvgRKds3k28i0Sbnx346jIFB9U90yqXtR7fvABIvpOxC97_YRiU\" target=\"_blank\" rel=\"nofollow noopener noreferrer\">Toles conferencies del ciclu \u201cRetrato d&#8217;un celebru: los artistes. De les neurones a la creativid\u00e1\u201d t\u00e1n disponibles na nuesa canal de YouTube:https:\/\/www.youtube.com\/watch?v=I06r6SMdNnw&#8230;<\/a><\/span><\/li>\n<\/ul>\n<\/div>\n<\/div>\n<\/div>\n<\/div>\n<\/div>\n<\/div>\n<\/div>\n<p>&nbsp;<\/p>\n","protected":false},"excerpt":{"rendered":"<p>Museo Nacional del Prado\u00a0 V\u00eddeu en directu con Nazareth Castellanos, Llicenciada en F\u00edsica Te\u00f3rica y doctora en Neurociencia pola Facult\u00e1 de Medicina de la Universid\u00e1 Aut\u00f3noma de Madrid y directora del ciclu de conferencies \u201cRetrato d&#8217;un celebru: los artistes.<\/p>\n","protected":false},"author":117,"featured_media":0,"comment_status":"open","ping_status":"open","sticky":false,"template":"","format":"standard","meta":{"footnotes":""},"categories":[15],"tags":[],"class_list":["post-48764","post","type-post","status-publish","format-standard","hentry","category-museos"],"_links":{"self":[{"href":"https:\/\/edublog.educastur.es\/ixuxu\/wp-json\/wp\/v2\/posts\/48764","targetHints":{"allow":["GET"]}}],"collection":[{"href":"https:\/\/edublog.educastur.es\/ixuxu\/wp-json\/wp\/v2\/posts"}],"about":[{"href":"https:\/\/edublog.educastur.es\/ixuxu\/wp-json\/wp\/v2\/types\/post"}],"author":[{"embeddable":true,"href":"https:\/\/edublog.educastur.es\/ixuxu\/wp-json\/wp\/v2\/users\/117"}],"replies":[{"embeddable":true,"href":"https:\/\/edublog.educastur.es\/ixuxu\/wp-json\/wp\/v2\/comments?post=48764"}],"version-history":[{"count":4,"href":"https:\/\/edublog.educastur.es\/ixuxu\/wp-json\/wp\/v2\/posts\/48764\/revisions"}],"predecessor-version":[{"id":48768,"href":"https:\/\/edublog.educastur.es\/ixuxu\/wp-json\/wp\/v2\/posts\/48764\/revisions\/48768"}],"wp:attachment":[{"href":"https:\/\/edublog.educastur.es\/ixuxu\/wp-json\/wp\/v2\/media?parent=48764"}],"wp:term":[{"taxonomy":"category","embeddable":true,"href":"https:\/\/edublog.educastur.es\/ixuxu\/wp-json\/wp\/v2\/categories?post=48764"},{"taxonomy":"post_tag","embeddable":true,"href":"https:\/\/edublog.educastur.es\/ixuxu\/wp-json\/wp\/v2\/tags?post=48764"}],"curies":[{"name":"wp","href":"https:\/\/api.w.org\/{rel}","templated":true}]}}