{"id":4880,"date":"2021-04-01T13:47:52","date_gmt":"2021-04-01T11:47:52","guid":{"rendered":"https:\/\/edublog.educastur.es\/ixuxu\/?p=4880"},"modified":"2021-04-01T13:55:00","modified_gmt":"2021-04-01T11:55:00","slug":"alfonso-y-pinin","status":"publish","type":"post","link":"https:\/\/edublog.educastur.es\/ixuxu\/2021\/04\/alfonso-y-pinin\/","title":{"rendered":"ALFONSO Y PIN\u00cdN"},"content":{"rendered":"<p style=\"text-align: center\"><a href=\"https:\/\/imgbox.es\/images\/2021\/04\/01\/pinin2cf5c6090d761af79.jpg\"><img loading=\"lazy\" decoding=\"async\" class=\"alignnone\" src=\"https:\/\/imgbox.es\/images\/2021\/04\/01\/pinin2cf5c6090d761af79.jpg\" alt=\"\" width=\"541\" height=\"541\" \/><\/a><\/p>\n<p>Pin\u00edn ye un popular personaxe asturianu de ficci\u00f3n, protagonista de les historietes de <strong><span style=\"color: #008080\">Telva, Pin\u00f3n y el so sobr\u00edn Pin\u00edn<\/span><\/strong>, bien popular nos a\u00f1os 40, 60 y 70 del sieglu XX.<\/p>\n<p>Foi cre\u00e1u (tantu esti personaxe como Telva y Pin\u00f3n, protagonistes de dellos tebeos) pol dibuxante <a href=\"https:\/\/es.wikipedia.org\/wiki\/Alfonso_Iglesias\"><span style=\"color: #008080\">Alfonso Iglesias L\u00f3pez de Vivigo<\/span><\/a>, nac\u00edu en Navia (Asturies) en 1910. En 1944 arrexunt\u00f3 les sos hestories en <span style=\"text-decoration: underline\"><strong>Les venturas de Pin\u00edn, que de Pin\u00f3n ye sobr\u00edn<\/strong><\/span>.\u200b A partir de 1954, popularizose en forma de cromos por mediu del chocolate Cibeles<\/p>\n<p><!--more--><\/p>\n<p><a href=\"https:\/\/upload.wikimedia.org\/wikipedia\/commons\/thumb\/3\/3c\/Alfonso_Iglesas.jpg\/800px-Alfonso_Iglesas.jpg\"><img loading=\"lazy\" decoding=\"async\" class=\"alignnone\" src=\"https:\/\/upload.wikimedia.org\/wikipedia\/commons\/thumb\/3\/3c\/Alfonso_Iglesas.jpg\/800px-Alfonso_Iglesas.jpg\" alt=\"\" width=\"297\" height=\"396\" \/><\/a> , <img loading=\"lazy\" decoding=\"async\" class=\"alignnone \" src=\"https:\/\/lh3.googleusercontent.com\/proxy\/5SdESiBYgQb0XNxwv8nG_W9l-MbuRllgSRQ5rsfmTKBkC3z6GDc-CPowNP-uAplzU6-FxyNpvf0xp3nanAHG0A59irs\" width=\"288\" height=\"396\" \/> ,<\/p>\n<p><a href=\"https:\/\/www.rtpa.es\/fotos\/\/20\/01\/20200124090510_20200124telvapinon.jpg\"><img loading=\"lazy\" decoding=\"async\" class=\"alignnone\" src=\"https:\/\/www.rtpa.es\/fotos\/\/20\/01\/20200124090510_20200124telvapinon.jpg\" alt=\"\" width=\"627\" height=\"353\" \/><\/a><\/p>\n<p style=\"text-align: center\"><a href=\"https:\/\/cflvdg.avoz.es\/default\/2020\/01\/23\/00121579804895145846577\/Foto\/telva.jpg\"><img loading=\"lazy\" decoding=\"async\" class=\"alignnone\" src=\"https:\/\/cflvdg.avoz.es\/default\/2020\/01\/23\/00121579804895145846577\/Foto\/telva.jpg\" alt=\"\" width=\"1280\" height=\"720\" \/><\/a><\/p>\n<p><a href=\"https:\/\/static.eldiario.es\/clip\/ff7ff038-84fb-4f90-9286-3eed8c640091_source-aspect-ratio_default_0.jpg\"><img loading=\"lazy\" decoding=\"async\" class=\"alignnone\" src=\"https:\/\/static.eldiario.es\/clip\/ff7ff038-84fb-4f90-9286-3eed8c640091_source-aspect-ratio_default_0.jpg\" alt=\"\" width=\"2000\" height=\"1506\" \/><\/a><\/p>\n","protected":false},"excerpt":{"rendered":"<p>Pin\u00edn ye un popular personaxe asturianu de ficci\u00f3n, protagonista de les historietes de Telva, Pin\u00f3n y el so sobr\u00edn Pin\u00edn, bien popular nos a\u00f1os 40, 60 y 70 del sieglu XX. Foi cre\u00e1u (tantu esti personaxe como Telva y Pin\u00f3n, protagonistes de dellos tebeos) pol dibuxante Alfonso Iglesias L\u00f3pez de Vivigo, nac\u00edu en Navia (Asturies) [&hellip;]<\/p>\n","protected":false},"author":117,"featured_media":0,"comment_status":"open","ping_status":"open","sticky":false,"template":"","format":"standard","meta":{"footnotes":""},"categories":[1],"tags":[],"class_list":["post-4880","post","type-post","status-publish","format-standard","hentry","category-sin-categoria"],"_links":{"self":[{"href":"https:\/\/edublog.educastur.es\/ixuxu\/wp-json\/wp\/v2\/posts\/4880","targetHints":{"allow":["GET"]}}],"collection":[{"href":"https:\/\/edublog.educastur.es\/ixuxu\/wp-json\/wp\/v2\/posts"}],"about":[{"href":"https:\/\/edublog.educastur.es\/ixuxu\/wp-json\/wp\/v2\/types\/post"}],"author":[{"embeddable":true,"href":"https:\/\/edublog.educastur.es\/ixuxu\/wp-json\/wp\/v2\/users\/117"}],"replies":[{"embeddable":true,"href":"https:\/\/edublog.educastur.es\/ixuxu\/wp-json\/wp\/v2\/comments?post=4880"}],"version-history":[{"count":4,"href":"https:\/\/edublog.educastur.es\/ixuxu\/wp-json\/wp\/v2\/posts\/4880\/revisions"}],"predecessor-version":[{"id":4885,"href":"https:\/\/edublog.educastur.es\/ixuxu\/wp-json\/wp\/v2\/posts\/4880\/revisions\/4885"}],"wp:attachment":[{"href":"https:\/\/edublog.educastur.es\/ixuxu\/wp-json\/wp\/v2\/media?parent=4880"}],"wp:term":[{"taxonomy":"category","embeddable":true,"href":"https:\/\/edublog.educastur.es\/ixuxu\/wp-json\/wp\/v2\/categories?post=4880"},{"taxonomy":"post_tag","embeddable":true,"href":"https:\/\/edublog.educastur.es\/ixuxu\/wp-json\/wp\/v2\/tags?post=4880"}],"curies":[{"name":"wp","href":"https:\/\/api.w.org\/{rel}","templated":true}]}}