{"id":48816,"date":"2025-05-18T19:37:48","date_gmt":"2025-05-18T17:37:48","guid":{"rendered":"https:\/\/edublog.educastur.es\/ixuxu\/?p=48816"},"modified":"2025-05-19T09:37:17","modified_gmt":"2025-05-19T07:37:17","slug":"asturies-celebra-40-anos-de-ser-paraisu-natural-per-tolo-alto-en-valladolid","status":"publish","type":"post","link":"https:\/\/edublog.educastur.es\/ixuxu\/2025\/05\/asturies-celebra-40-anos-de-ser-paraisu-natural-per-tolo-alto-en-valladolid\/","title":{"rendered":"\u00a1Asturies celebra 40 a\u00f1os de ser Para\u00edsu Natural per tolo alto en Valladolid!"},"content":{"rendered":"<div class=\"html-div xdj266r xat24cr x1mh8g0r xexx8yu x4uap5 x18d9i69 xkhd6sd x78zum5 x2lah0s xqtp20y x1emribx\">\n<div class=\"x1vqgdyp x100vrsf\">\n<div class=\"\">M\u00e1s de 1.200 persones participaron nesta xornada festiva na capital de Castiella y Lli\u00f3n, onde&#8217;l Princip\u00e1u promocion\u00f3se como dest\u00edn tur\u00edsticu<strong> con una orixinal oficina de turismu con forma de tarta y l&#8217;inconfundible son\u00edu de les gaites asturianes.<\/strong> Una celebraci\u00f3n que xune tradici\u00f3n, identid\u00e1 y promoci\u00f3n tur\u00edstica, reafitando&#8217;l valor d&#8217;una marca que llev\u00f3&#8217;l nome d&#8217;Asturies por tol mundu mientres cuatro d\u00e9cades.<\/div>\n<div style=\"text-align: center\"><img loading=\"lazy\" decoding=\"async\" class=\"aligncenter size-large\" src=\"https:\/\/actualidad.asturias.es\/documents\/537115\/2576333\/2025_05_18+Promoci%C3%B3n+Asturias%2C+Para%C3%ADso+Natural+Valladolid.jpeg\/18e76ac3-90fb-40c9-ad00-eb3d4a1aa2d4?t=1747559718906\" width=\"1600\" height=\"1066\" \/><\/div>\n<div><\/div>\n<div>Esta promoci\u00f3n foi la primera de les tr\u00e9s campa\u00f1es itinerantes previstes pol Princip\u00e1u para conmemorar les cuatro d\u00e9cades de la so ic\u00f3nica marca tur\u00edstica. <strong>Les pr\u00f3ximes paraes van ser Pa\u00eds Vascu y Madrid.<\/strong><\/div>\n<\/div>\n<div>\n<div><!--more--><\/div>\n<div style=\"text-align: center\">\n<!-- iframe plugin v.6.0 wordpress.org\/plugins\/iframe\/ -->\n<iframe loading=\"lazy\" src=\"https:\/\/www.facebook.com\/plugins\/post.php?href=https%3A%2F%2Fwww.facebook.com%2Fphoto.php%3Ffbid%3D997641442541022%26set%3Da.228420442796463%26type%3D3&#038;show_text=false&#038;width=500\" width=\"500\" height=\"811\" style=\"border:none;overflow:hidden\" scrolling=\"no\" frameborder=\"0\" allowfullscreen=\"true\" allow=\"autoplay; clipboard-write; encrypted-media; picture-in-picture; web-share\" 0=\"\/iframe\" class=\"iframe-class\"><\/iframe>\n<\/div>\n<\/div>\n<\/div>\n<div class=\"html-div xdj266r x11i5rnm xat24cr x1mh8g0r xexx8yu x4uap5 x18d9i69 xkhd6sd x1iyjqo2 xeuugli\">\n<div class=\"x78zum5 xdt5ytf xz62fqu x16ldp7u\">\n<div class=\"xu06os2 x1ok221b\">\n<div class=\"html-div xdj266r x11i5rnm xat24cr x1mh8g0r xexx8yu x4uap5 x18d9i69 xkhd6sd\" data-ad-rendering-role=\"profile_name\">\n<ul>\n<li id=\"\u00abrbe\u00bb\" class=\"html-h4 x11i5rnm xat24cr x1mh8g0r xexx8yu x4uap5 x18d9i69 xkhd6sd x1vvkbs x1heor9g x1qlqyl8 x1pd3egz x1a2a7pz x1gslohp x1yc453h\"><span class=\"xt0psk2\"><span class=\"xjp7ctv\"><a class=\"x1i10hfl xjbqb8w x1ejq31n xd10rxx x1sy0etr x17r0tee x972fbf xcfux6l x1qhh985 xm0m39n x9f619 x1ypdohk xt0psk2 xe8uvvx xdj266r x11i5rnm xat24cr x1mh8g0r xexx8yu x4uap5 x18d9i69 xkhd6sd x16tdsg8 x1hl2dhg xggy1nq x1a2a7pz xkrqix3 x1sur9pj xzsf02u x1s688f\" role=\"link\" href=\"https:\/\/www.facebook.com\/TurismoAsturiasProfesional?__cft__[0]=AZVgmmbSCxBuoPAS1_Zb-wv_N1WmtFPtluAjVn-NPg3Ay1gsrjDKzffGVX8XxX_OE89EZrNqPNybnM64QdDoUktyaCaXjdV47dz6Wu6FCrV2RfZNbCQKhEAjYQVLfsmvbenn8wroA24O1TOJ2SyHhyE8FAOQWDJ9e5wwiaFQFo_FXywEZVwCH95AufR72SLnDm3PChK-5g41Xns4zuwSSn5rVBM1jliM0ko4YNYRS-e9LA&amp;__tn__=-UC%2CP-R\"><strong class=\"html-strong xdj266r x11i5rnm xat24cr x1mh8g0r xexx8yu x4uap5 x18d9i69 xkhd6sd x1hl2dhg x16tdsg8 x1vvkbs x1s688f\"><span class=\"html-span xdj266r x11i5rnm xat24cr x1mh8g0r xexx8yu x4uap5 x18d9i69 xkhd6sd x1hl2dhg x16tdsg8 x1vvkbs\">Turismo Asturias Profesional<\/span><\/strong><\/a><\/span><\/span><span class=\"html-span xexx8yu x4uap5 x18d9i69 xkhd6sd x1hl2dhg x16tdsg8 x1vvkbs x3nfvp2 x1j61x8r x1fcty0u xdj266r xat24cr xgzva0m xhhsvwb xxymvpz xlup9mm x1kky2od\">\/<\/span><span class=\"html-span xdj266r x11i5rnm xat24cr x1mh8g0r xexx8yu x4uap5 x18d9i69 xkhd6sd x1hl2dhg x16tdsg8 x1vvkbs\"><a class=\"x1i10hfl xjbqb8w x1ejq31n xd10rxx x1sy0etr x17r0tee x972fbf xcfux6l x1qhh985 xm0m39n x9f619 x1ypdohk xt0psk2 xe8uvvx xdj266r x11i5rnm xat24cr x1mh8g0r xexx8yu x4uap5 x18d9i69 xkhd6sd x16tdsg8 x1hl2dhg xggy1nq x1a2a7pz xkrqix3 x1sur9pj x1fey0fg x1s688f\" role=\"link\" href=\"https:\/\/www.facebook.com\/hashtag\/asturias?__eep__=6&amp;__cft__[0]=AZVgmmbSCxBuoPAS1_Zb-wv_N1WmtFPtluAjVn-NPg3Ay1gsrjDKzffGVX8XxX_OE89EZrNqPNybnM64QdDoUktyaCaXjdV47dz6Wu6FCrV2RfZNbCQKhEAjYQVLfsmvbenn8wroA24O1TOJ2SyHhyE8FAOQWDJ9e5wwiaFQFo_FXywEZVwCH95AufR72SLnDm3PChK-5g41Xns4zuwSSn5rVBM1jliM0ko4YNYRS-e9LA&amp;__tn__=*NK-R\">#Asturias<\/a><\/span> <span class=\"html-span xdj266r x11i5rnm xat24cr x1mh8g0r xexx8yu x4uap5 x18d9i69 xkhd6sd x1hl2dhg x16tdsg8 x1vvkbs\"><a class=\"x1i10hfl xjbqb8w x1ejq31n xd10rxx x1sy0etr x17r0tee x972fbf xcfux6l x1qhh985 xm0m39n x9f619 x1ypdohk xt0psk2 xe8uvvx xdj266r x11i5rnm xat24cr x1mh8g0r xexx8yu x4uap5 x18d9i69 xkhd6sd x16tdsg8 x1hl2dhg xggy1nq x1a2a7pz xkrqix3 x1sur9pj x1fey0fg x1s688f\" role=\"link\" href=\"https:\/\/www.facebook.com\/hashtag\/40a%C3%B1ospara%C3%ADsonatural?__eep__=6&amp;__cft__[0]=AZVgmmbSCxBuoPAS1_Zb-wv_N1WmtFPtluAjVn-NPg3Ay1gsrjDKzffGVX8XxX_OE89EZrNqPNybnM64QdDoUktyaCaXjdV47dz6Wu6FCrV2RfZNbCQKhEAjYQVLfsmvbenn8wroA24O1TOJ2SyHhyE8FAOQWDJ9e5wwiaFQFo_FXywEZVwCH95AufR72SLnDm3PChK-5g41Xns4zuwSSn5rVBM1jliM0ko4YNYRS-e9LA&amp;__tn__=*NK-R\">#40A\u00f1osPara\u00edsoNatural<\/a><\/span><\/li>\n<\/ul>\n<p style=\"text-align: center\"><a href=\"https:\/\/actualidad.asturias.es\/documents\/537115\/2576333\/2025_05_18+Promoci%C3%B3n+Asturias%2C+Para%C3%ADso+Natural+Valladolid+%285%29.jpeg\/ba8bf297-a876-7345-6305-547b5b21b3a4?t=1747559719229\"><img loading=\"lazy\" decoding=\"async\" class=\"aligncenter size-large\" src=\"https:\/\/actualidad.asturias.es\/documents\/537115\/2576333\/2025_05_18+Promoci%C3%B3n+Asturias%2C+Para%C3%ADso+Natural+Valladolid+%285%29.jpeg\/ba8bf297-a876-7345-6305-547b5b21b3a4?t=1747559719229\" width=\"1600\" height=\"1066\" \/><\/a><\/p>\n<p style=\"text-align: center\"><a href=\"https:\/\/actualidad.asturias.es\/documents\/537115\/2576333\/2025_05_18+Promoci%C3%B3n+Asturias%2C+Para%C3%ADso+Natural+Valladolid+%282%29.jpeg\/723143fa-eeeb-5012-0688-f3d5a93717d5?t=1747559719083\"><img loading=\"lazy\" decoding=\"async\" class=\"aligncenter \" src=\"https:\/\/actualidad.asturias.es\/documents\/537115\/2576333\/2025_05_18+Promoci%C3%B3n+Asturias%2C+Para%C3%ADso+Natural+Valladolid+%282%29.jpeg\/723143fa-eeeb-5012-0688-f3d5a93717d5?t=1747559719083\" width=\"390\" height=\"586\" \/><\/a><\/p>\n<p style=\"text-align: center\">\n<!-- iframe plugin v.6.0 wordpress.org\/plugins\/iframe\/ -->\n<iframe loading=\"lazy\" src=\"https:\/\/www.facebook.com\/plugins\/video.php?height=476&#038;href=https%3A%2F%2Fwww.facebook.com%2FTurismoAsturiasProfesional%2Fvideos%2F1188667809227137%2F&#038;show_text=false&#038;width=267&#038;t=0\" width=\"267\" height=\"476\" style=\"border:none;overflow:hidden\" scrolling=\"no\" frameborder=\"0\" allowfullscreen=\"true\" allow=\"autoplay; clipboard-write; encrypted-media; picture-in-picture; web-share\" 0=\"\/iframe\" class=\"iframe-class\"><\/iframe>\n<\/p>\n<p style=\"text-align: center\"><a href=\"https:\/\/actualidad.asturias.es\/documents\/537115\/2576333\/2025_05_18+Promoci%C3%B3n+Asturias%2C+Para%C3%ADso+Natural+Valladolid+%283%29.jpeg\/1a3af4e5-7d67-6ad3-7b18-2bd4c91712e8?t=1747559719131\"><img loading=\"lazy\" decoding=\"async\" class=\"aligncenter size-large\" src=\"https:\/\/actualidad.asturias.es\/documents\/537115\/2576333\/2025_05_18+Promoci%C3%B3n+Asturias%2C+Para%C3%ADso+Natural+Valladolid+%283%29.jpeg\/1a3af4e5-7d67-6ad3-7b18-2bd4c91712e8?t=1747559719131\" width=\"1066\" height=\"1600\" \/><\/a><\/p>\n<\/div>\n<\/div>\n<\/div>\n<\/div>\n","protected":false},"excerpt":{"rendered":"<p>M\u00e1s de 1.200 persones participaron nesta xornada festiva na capital de Castiella y Lli\u00f3n, onde&#8217;l Princip\u00e1u promocion\u00f3se como dest\u00edn tur\u00edsticu con una orixinal oficina de turismu con forma de tarta y l&#8217;inconfundible son\u00edu de les gaites asturianes. Una celebraci\u00f3n que xune tradici\u00f3n, identid\u00e1 y promoci\u00f3n tur\u00edstica, reafitando&#8217;l valor d&#8217;una marca que llev\u00f3&#8217;l nome d&#8217;Asturies por [&hellip;]<\/p>\n","protected":false},"author":117,"featured_media":0,"comment_status":"open","ping_status":"open","sticky":false,"template":"","format":"standard","meta":{"footnotes":""},"categories":[18],"tags":[],"class_list":["post-48816","post","type-post","status-publish","format-standard","hentry","category-turismu"],"_links":{"self":[{"href":"https:\/\/edublog.educastur.es\/ixuxu\/wp-json\/wp\/v2\/posts\/48816","targetHints":{"allow":["GET"]}}],"collection":[{"href":"https:\/\/edublog.educastur.es\/ixuxu\/wp-json\/wp\/v2\/posts"}],"about":[{"href":"https:\/\/edublog.educastur.es\/ixuxu\/wp-json\/wp\/v2\/types\/post"}],"author":[{"embeddable":true,"href":"https:\/\/edublog.educastur.es\/ixuxu\/wp-json\/wp\/v2\/users\/117"}],"replies":[{"embeddable":true,"href":"https:\/\/edublog.educastur.es\/ixuxu\/wp-json\/wp\/v2\/comments?post=48816"}],"version-history":[{"count":9,"href":"https:\/\/edublog.educastur.es\/ixuxu\/wp-json\/wp\/v2\/posts\/48816\/revisions"}],"predecessor-version":[{"id":48911,"href":"https:\/\/edublog.educastur.es\/ixuxu\/wp-json\/wp\/v2\/posts\/48816\/revisions\/48911"}],"wp:attachment":[{"href":"https:\/\/edublog.educastur.es\/ixuxu\/wp-json\/wp\/v2\/media?parent=48816"}],"wp:term":[{"taxonomy":"category","embeddable":true,"href":"https:\/\/edublog.educastur.es\/ixuxu\/wp-json\/wp\/v2\/categories?post=48816"},{"taxonomy":"post_tag","embeddable":true,"href":"https:\/\/edublog.educastur.es\/ixuxu\/wp-json\/wp\/v2\/tags?post=48816"}],"curies":[{"name":"wp","href":"https:\/\/api.w.org\/{rel}","templated":true}]}}