{"id":48828,"date":"2025-05-18T19:50:58","date_gmt":"2025-05-18T17:50:58","guid":{"rendered":"https:\/\/edublog.educastur.es\/ixuxu\/?p=48828"},"modified":"2025-05-18T21:23:47","modified_gmt":"2025-05-18T19:23:47","slug":"48828","status":"publish","type":"post","link":"https:\/\/edublog.educastur.es\/ixuxu\/2025\/05\/48828\/","title":{"rendered":"Lleguen les ag\u00fces nes pr\u00f3ximes hores"},"content":{"rendered":"<ul>\n<li>\u00a0Fonte: <a href=\"https:\/\/www.20minutos.es\/noticia\/5713121\/0\/llegan-las-lluvias-las-proximas-horas-estas-son-las-zonas-que-esperan-mas-agua\/?fbclid=IwY2xjawKW_PlleHRuA2FlbQIxMQBicmlkETBmRWJqb3JLa0NlZm9EM3FnAR65WMkFtOTCtJhaNj4huTk4aOKzQyPbAYqywX5uNPW8M81Fv5bdsBxElbpfQQ_aem_UeifH-cN8iQQQ4QvHc1xgw\">20 minutos<\/a>\/ <a class=\"trk-relacionada-intext\" title=\"Agencia Estatal de Meteorolog\u00eda (AEMET)\" href=\"https:\/\/www.20minutos.es\/tags\/instituciones-empresas\/agencia-estatal-de-meteorologia-aemet.html\" data-mrf-recirculation=\"Articulo - Enlaces en p\u00e1rrafos\" data-mrf-link=\"https:\/\/www.20minutos.es\/tags\/instituciones-empresas\/agencia-estatal-de-meteorologia-aemet.html\">Agencia Estatal de Meteorolog\u00eda (Aemet).<\/a><\/li>\n<\/ul>\n<p style=\"text-align: center\"><a href=\"https:\/\/imagenes.20minutos.es\/files\/image_990_556\/uploads\/imagenes\/2025\/05\/17\/precipitacion-acumulada-este-domingo-18-de-mayo.png\"><img loading=\"lazy\" decoding=\"async\" class=\"aligncenter size-large\" src=\"https:\/\/imagenes.20minutos.es\/files\/image_990_556\/uploads\/imagenes\/2025\/05\/17\/precipitacion-acumulada-este-domingo-18-de-mayo.png\" width=\"990\" height=\"556\" \/><\/a><\/p>\n<p>L&#8217;acercamientu d&#8217;un sistema de baxes presiones dende&#8217;l noroeste va empecipiar esti domingu un camb\u00e9u d&#8217;encl\u00edn nel tiempu y va favorecer l&#8217;activaci\u00f3n d&#8217;alertes marielles por nubes en cinco comunidaes aut\u00f3nomes del norte peninsular, seg\u00fan la predicci\u00f3n de l&#8217;<strong>Axencia Estatal de Meteorolox\u00eda (Aemet). <\/strong>En concretu, van tar en riesgu por fuertes precipitaciones el <strong><span style=\"color: #008080\">Princip\u00e1u d&#8217;Asturies<\/span><\/strong>, Cantabria y les provincies vasques d&#8217;\u00c1lava y Vizcaya al pie de les castellanoleonesas de Burgos y Palencia.<\/p>\n<p>&nbsp;<\/p>\n","protected":false},"excerpt":{"rendered":"<p>\u00a0Fonte: 20 minutos\/ Agencia Estatal de Meteorolog\u00eda (Aemet). L&#8217;acercamientu d&#8217;un sistema de baxes presiones dende&#8217;l noroeste va empecipiar esti domingu un camb\u00e9u d&#8217;encl\u00edn nel tiempu y va favorecer l&#8217;activaci\u00f3n d&#8217;alertes marielles por nubes en cinco comunidaes aut\u00f3nomes del norte peninsular, seg\u00fan la predicci\u00f3n de l&#8217;Axencia Estatal de Meteorolox\u00eda (Aemet). En concretu, van tar en riesgu [&hellip;]<\/p>\n","protected":false},"author":117,"featured_media":0,"comment_status":"open","ping_status":"open","sticky":false,"template":"","format":"standard","meta":{"footnotes":""},"categories":[5],"tags":[],"class_list":["post-48828","post","type-post","status-publish","format-standard","hentry","category-tiempu"],"_links":{"self":[{"href":"https:\/\/edublog.educastur.es\/ixuxu\/wp-json\/wp\/v2\/posts\/48828","targetHints":{"allow":["GET"]}}],"collection":[{"href":"https:\/\/edublog.educastur.es\/ixuxu\/wp-json\/wp\/v2\/posts"}],"about":[{"href":"https:\/\/edublog.educastur.es\/ixuxu\/wp-json\/wp\/v2\/types\/post"}],"author":[{"embeddable":true,"href":"https:\/\/edublog.educastur.es\/ixuxu\/wp-json\/wp\/v2\/users\/117"}],"replies":[{"embeddable":true,"href":"https:\/\/edublog.educastur.es\/ixuxu\/wp-json\/wp\/v2\/comments?post=48828"}],"version-history":[{"count":4,"href":"https:\/\/edublog.educastur.es\/ixuxu\/wp-json\/wp\/v2\/posts\/48828\/revisions"}],"predecessor-version":[{"id":48876,"href":"https:\/\/edublog.educastur.es\/ixuxu\/wp-json\/wp\/v2\/posts\/48828\/revisions\/48876"}],"wp:attachment":[{"href":"https:\/\/edublog.educastur.es\/ixuxu\/wp-json\/wp\/v2\/media?parent=48828"}],"wp:term":[{"taxonomy":"category","embeddable":true,"href":"https:\/\/edublog.educastur.es\/ixuxu\/wp-json\/wp\/v2\/categories?post=48828"},{"taxonomy":"post_tag","embeddable":true,"href":"https:\/\/edublog.educastur.es\/ixuxu\/wp-json\/wp\/v2\/tags?post=48828"}],"curies":[{"name":"wp","href":"https:\/\/api.w.org\/{rel}","templated":true}]}}