{"id":48832,"date":"2025-05-18T19:35:00","date_gmt":"2025-05-18T17:35:00","guid":{"rendered":"https:\/\/edublog.educastur.es\/ixuxu\/?p=48832"},"modified":"2025-05-18T19:58:46","modified_gmt":"2025-05-18T17:58:46","slug":"48832","status":"publish","type":"post","link":"https:\/\/edublog.educastur.es\/ixuxu\/2025\/05\/48832\/","title":{"rendered":"Sablera de Cu\u00e9, quintu puestu d&#8217;un llist\u00e1u de National Geographic"},"content":{"rendered":"<ul>\n<li>Fonte: <a href=\"https:\/\/www.abc.es\/espana\/asturias\/playa-asturias-bonitas-mundo-segun-national-geographic-20250516190000-nt.html?fbclid=IwY2xjawKW_b9leHRuA2FlbQIxMQBicmlkETBmRWJqb3JLa0NlZm9EM3FnAR5w434eXRFv_a5vrjh2NeOMlU6hvET1Dgllzc2jBKCzLcrCReycnRmOVj1kIA_aem_GZ0UXfutSel4JuYdfS7kNA\">ABC<\/a> \/<\/li>\n<\/ul>\n<p style=\"text-align: center\"><a href=\"https:\/\/s3.abcstatics.com\/abc\/www\/multimedia\/espana\/2025\/05\/16\/Cue3-kmZE-U70986244494G0D-1200x840@diario_abc.jpg\"><img loading=\"lazy\" decoding=\"async\" class=\"aligncenter size-large\" src=\"https:\/\/s3.abcstatics.com\/abc\/www\/multimedia\/espana\/2025\/05\/16\/Cue3-kmZE-U70986244494G0D-1200x840@diario_abc.jpg\" width=\"1200\" height=\"838\" \/><\/a><\/p>\n<p>A pesar de que&#8217;l calor tardase en llegar a Espa\u00f1a, y\u00e1 empezaron los preparativos para&#8217;l branu. Son munchos los que y\u00e1 escoyeron dest\u00edn para les sos vacaciones, sicas\u00ed, otros siguen duldando sobre a \u00f3nde viaxar nos sos d\u00edes llibres.<\/p>\n<p>El turismu de sablera ye&#8217;l favoritu de los espa\u00f1oles pa esta d\u00f3mina del a\u00f1u. Y ye qu&#8217;el nuesu pa\u00eds destaca pola so amplia mari\u00f1a, que s&#8217;enllarga a lo llargo de casi 8.000 kil\u00f3metros. Nesti sent\u00edu, <strong>Asturies ye una de les rexones m\u00e1s visitaes pel branu, por cuenta de les sos temperatures m\u00e1s baxes y la guapura del so paisaxe.<\/strong><\/p>\n<p><!--more--><\/p>\n<p>Sicas\u00ed, la rex\u00f3n cunta con un gran n\u00famberu de sableres que faen dif\u00edcil decantase por una d&#8217;elles. Nesti sent\u00edu, la revista &#8216;National Geographic&#8217; ellabor\u00f3 un ranking de les meyores sableres del mundu y <strong>una mari\u00f1a asturiana col\u00f3se&#8217; nel quintu puestu d&#8217;esti llist\u00e1u.<\/strong><\/p>\n<p>Tr\u00e1tase de la sablera de Cu\u00e9, conocida tami\u00e9n como d&#8217;Antilles o de Canales. Esta mari\u00f1a ta asiti\u00e1u na pequena aldega de Cu\u00e9, allugada a dos kil\u00f3metros de Llanes, unu de los conceyos m\u00e1s guapos d&#8217;Asturies, y ta consider\u00e1u un llugar de sua\u00f1u.\u200b<\/p>\n<p><strong>Un para\u00edsu de sable blancu y ag\u00fces seles.\u00a0<\/strong>La sablera de Cu\u00e9 tien 380 metros de llargu y ye de sable finu y blanca. Esti para\u00edsu asturianu ye d&#8217;ag\u00fces azul turquesa y nun suel tar bien alleg\u00e1u, polo que ye perfectu p&#8217;aquellos que busquen esfrutar d&#8217;un ambiente sele y relaxao.<\/p>\n<p>Cu\u00e9 ta arrodiada d&#8217;un paisaxe predreso qu&#8217;epondera la so guapura. Am\u00e1s, ta protexida por dellos castros o puexu que lu tapen, el m\u00e1s grande d&#8217;ellos Isla Grande o La Islona, qu&#8217;ent\u00e1 caltien los restos d&#8217;una cabana de piedra utilizada d&#8217;antiguo como abelugu pa los\u00a0 pescadores.<\/p>\n<p style=\"text-align: center\"><span class=\"html-span xexx8yu x4uap5 x18d9i69 xkhd6sd x1hl2dhg x16tdsg8 x1vvkbs x3nfvp2 x1j61x8r x1fcty0u xdj266r xat24cr xgzva0m xhhsvwb xxymvpz xlup9mm x1kky2od\">\n<!-- iframe plugin v.6.0 wordpress.org\/plugins\/iframe\/ -->\n<iframe loading=\"lazy\" src=\"https:\/\/www.instagram.com\/reel\/DJq_T1sMCJ8\/embed\" width=\"360\" height=\"620\" 0=\"\/iframe\" scrolling=\"yes\" class=\"iframe-class\" frameborder=\"0\"><\/iframe>\n<\/span><\/p>\n<p>&nbsp;<\/p>\n","protected":false},"excerpt":{"rendered":"<p>Fonte: ABC \/ A pesar de que&#8217;l calor tardase en llegar a Espa\u00f1a, y\u00e1 empezaron los preparativos para&#8217;l branu. Son munchos los que y\u00e1 escoyeron dest\u00edn para les sos vacaciones, sicas\u00ed, otros siguen duldando sobre a \u00f3nde viaxar nos sos d\u00edes llibres. El turismu de sablera ye&#8217;l favoritu de los espa\u00f1oles pa esta d\u00f3mina del [&hellip;]<\/p>\n","protected":false},"author":117,"featured_media":0,"comment_status":"open","ping_status":"open","sticky":false,"template":"","format":"standard","meta":{"footnotes":""},"categories":[93],"tags":[],"class_list":["post-48832","post","type-post","status-publish","format-standard","hentry","category-sableres"],"_links":{"self":[{"href":"https:\/\/edublog.educastur.es\/ixuxu\/wp-json\/wp\/v2\/posts\/48832","targetHints":{"allow":["GET"]}}],"collection":[{"href":"https:\/\/edublog.educastur.es\/ixuxu\/wp-json\/wp\/v2\/posts"}],"about":[{"href":"https:\/\/edublog.educastur.es\/ixuxu\/wp-json\/wp\/v2\/types\/post"}],"author":[{"embeddable":true,"href":"https:\/\/edublog.educastur.es\/ixuxu\/wp-json\/wp\/v2\/users\/117"}],"replies":[{"embeddable":true,"href":"https:\/\/edublog.educastur.es\/ixuxu\/wp-json\/wp\/v2\/comments?post=48832"}],"version-history":[{"count":5,"href":"https:\/\/edublog.educastur.es\/ixuxu\/wp-json\/wp\/v2\/posts\/48832\/revisions"}],"predecessor-version":[{"id":48837,"href":"https:\/\/edublog.educastur.es\/ixuxu\/wp-json\/wp\/v2\/posts\/48832\/revisions\/48837"}],"wp:attachment":[{"href":"https:\/\/edublog.educastur.es\/ixuxu\/wp-json\/wp\/v2\/media?parent=48832"}],"wp:term":[{"taxonomy":"category","embeddable":true,"href":"https:\/\/edublog.educastur.es\/ixuxu\/wp-json\/wp\/v2\/categories?post=48832"},{"taxonomy":"post_tag","embeddable":true,"href":"https:\/\/edublog.educastur.es\/ixuxu\/wp-json\/wp\/v2\/tags?post=48832"}],"curies":[{"name":"wp","href":"https:\/\/api.w.org\/{rel}","templated":true}]}}